{"id":90900,"date":"2023-03-16T17:44:48","date_gmt":"2023-03-16T13:44:48","guid":{"rendered":"https:\/\/fedai.az\/?p=90900"},"modified":"2023-03-16T17:44:51","modified_gmt":"2023-03-16T13:44:51","slug":"prezident-ilham-%c9%99liyev-s%c9%99r%c9%99ncam-imzaladi-6","status":"publish","type":"post","link":"https:\/\/fedai.az\/?p=90900","title":{"rendered":"Prezident \u0130lham \u018fliyev s\u0259r\u0259ncam imzalad\u0131"},"content":{"rendered":"\n<p>Prezident \u0130lham \u018fliyev D\u00f6vl\u0259t Miqrasiya Xidm\u0259tinin \u0259m\u0259kda\u015flar\u0131n\u0131n t\u0259ltif edilm\u0259si haqq\u0131nda s\u0259r\u0259ncam imzalay\u0131b.<\/p>\n\n\n\n<p><strong>Fedai.az<\/strong> x\u0259b\u0259r verir ki, s\u0259r\u0259ncamla xidm\u0259ti v\u0259zif\u0259l\u0259rini yerin\u0259 yetir\u0259rk\u0259n f\u0259rql\u0259ndikl\u0259rin\u0259 g\u00f6r\u0259 Az\u0259rbaycan Respublikas\u0131 D\u00f6vl\u0259t Miqrasiya Xidm\u0259tinin a\u015fa\u011f\u0131dak\u0131 \u0259m\u0259kda\u015flar\u0131 t\u0259ltif edilibl\u0259r:<\/p>\n\n\n\n<p>3-c\u00fc d\u0259r\u0259c\u0259li \u201cV\u0259t\u0259n\u0259 xidm\u0259t\u0259 g\u00f6r\u0259\u201d ordeni il\u0259<\/p>\n\n\n\n<p>Abdullayev \u0130smay\u0131l \u018fli o\u011flu<\/p>\n\n\n\n<p>\u201cMiqrasiya orqanlar\u0131nda qulluqda f\u0259rql\u0259nm\u0259y\u0259 g\u00f6r\u0259\u201d medal\u0131 il\u0259<\/p>\n\n\n\n<p>B\u0259d\u0259lov Ayxan \u018fli o\u011flu<\/p>\n\n\n\n<p>\u018fliyev Amid H\u0259bib o\u011flu<\/p>\n\n\n\n<p>H\u00fcseynov \u0130lyas F\u0259tulla o\u011flu<\/p>\n\n\n\n<p>H\u00fcseynova Nigar Elxan q\u0131z\u0131<\/p>\n\n\n\n<p>Quliyev Sunay Arif o\u011flu<\/p>\n\n\n\n<p>Quliyev V\u0259li N\u00fcsr\u0259ddin o\u011flu<\/p>\n\n\n\n<p>Mirz\u0259yev V\u00fcqar H\u0259mid o\u011flu<\/p>\n\n\n\n<p>S\u0259ttarova \u018ffsan\u0259 Ziyadxan q\u0131z\u0131<\/p>\n\n\n\n<p>\u015eahmarov Elnur Qa\u00e7ay o\u011flu<\/p>\n\n\n\n<p>Ta\u011f\u0131yev Faiq Arif o\u011flu.<\/p>\n","protected":false},"excerpt":{"rendered":"<p>Prezident \u0130lham \u018fliyev D\u00f6vl\u0259t Miqrasiya Xidm\u0259tinin \u0259m\u0259kda\u015flar\u0131n\u0131n t\u0259ltif edilm\u0259si haqq\u0131nda s\u0259r\u0259ncam imzalay\u0131b. Fedai.az x\u0259b\u0259r verir ki, s\u0259r\u0259ncamla xidm\u0259ti v\u0259zif\u0259l\u0259rini yerin\u0259 yetir\u0259rk\u0259n f\u0259rql\u0259ndikl\u0259rin\u0259 g\u00f6r\u0259 Az\u0259rbaycan<\/p>\n","protected":false},"author":2,"featured_media":0,"comment_status":"closed","ping_status":"closed","sticky":false,"template":"","format":"standard","meta":{"footnotes":""},"categories":[3],"tags":[],"class_list":["post-90900","post","type-post","status-publish","format-standard","hentry","category-gundm"],"aioseo_notices":[],"_links":{"self":[{"href":"https:\/\/fedai.az\/index.php?rest_route=\/wp\/v2\/posts\/90900","targetHints":{"allow":["GET"]}}],"collection":[{"href":"https:\/\/fedai.az\/index.php?rest_route=\/wp\/v2\/posts"}],"about":[{"href":"https:\/\/fedai.az\/index.php?rest_route=\/wp\/v2\/types\/post"}],"author":[{"embeddable":true,"href":"https:\/\/fedai.az\/index.php?rest_route=\/wp\/v2\/users\/2"}],"replies":[{"embeddable":true,"href":"https:\/\/fedai.az\/index.php?rest_route=%2Fwp%2Fv2%2Fcomments&post=90900"}],"version-history":[{"count":1,"href":"https:\/\/fedai.az\/index.php?rest_route=\/wp\/v2\/posts\/90900\/revisions"}],"predecessor-version":[{"id":90902,"href":"https:\/\/fedai.az\/index.php?rest_route=\/wp\/v2\/posts\/90900\/revisions\/90902"}],"wp:attachment":[{"href":"https:\/\/fedai.az\/index.php?rest_route=%2Fwp%2Fv2%2Fmedia&parent=90900"}],"wp:term":[{"taxonomy":"category","embeddable":true,"href":"https:\/\/fedai.az\/index.php?rest_route=%2Fwp%2Fv2%2Fcategories&post=90900"},{"taxonomy":"post_tag","embeddable":true,"href":"https:\/\/fedai.az\/index.php?rest_route=%2Fwp%2Fv2%2Ftags&post=90900"}],"curies":[{"name":"wp","href":"https:\/\/api.w.org\/{rel}","templated":true}]}}