{"id":90992,"date":"2023-03-18T10:31:36","date_gmt":"2023-03-18T06:31:36","guid":{"rendered":"https:\/\/fedai.az\/?p=90992"},"modified":"2023-03-18T10:31:39","modified_gmt":"2023-03-18T06:31:39","slug":"zakir-h%c9%99s%c9%99nov-az%c9%99rbaycan-ordusunun-s%c9%99xsi-hey%c9%99tini-t%c9%99brik-etdi","status":"publish","type":"post","link":"https:\/\/fedai.az\/?p=90992","title":{"rendered":"Zakir H\u0259s\u0259nov Az\u0259rbaycan Ordusunun \u015f\u0259xsi hey\u0259tini t\u0259brik etdi"},"content":{"rendered":"\n<p><strong>M\u00fcdafi\u0259 naziri general-polkovnik Zakir H\u0259s\u0259nov Az\u0259rbaycan Ordusunun \u015f\u0259xsi hey\u0259tini Novruz bayram\u0131 m\u00fcnasib\u0259til\u0259 t\u0259brik edib.<\/strong><\/p>\n\n\n\n<p><strong>Fedai.az<\/strong>\u00a0x\u0259b\u0259r verir ki, t\u0259brikd\u0259 deyilir:<\/p>\n\n\n\n<p>\u201cC\u0259nab zabitl\u0259r, yolda\u015f gizirl\u0259r, mi\u00e7manlar, kursantlar, \u00e7avu\u015flar, \u0259sg\u0259rl\u0259r, matroslar v\u0259 m\u00fclki i\u015f\u00e7il\u0259r!<\/p>\n\n\n\n<p>Sizi Novruz bayram\u0131 m\u00fcnasib\u0259til\u0259 s\u0259mimi q\u0259lbd\u0259n t\u0259brik edir, h\u0259r biriniz\u0259 m\u00f6hk\u0259m cansa\u011fl\u0131\u011f\u0131, \u00e7\u0259tin, eyni zamanda, \u015f\u0259r\u0259fli v\u0259 m\u00fcq\u0259dd\u0259s xidm\u0259tinizd\u0259 u\u011furlar arzulay\u0131ram.<\/p>\n\n\n\n<p>\u00dcmummilli Lider Heyd\u0259r \u018fliyevin uzaqg\u00f6r\u0259n v\u0259 m\u00fcdrik siyas\u0259ti n\u0259tic\u0259sind\u0259 d\u00f6vl\u0259t s\u0259viyy\u0259sind\u0259 qeyd olunan v\u0259 xalq\u0131m\u0131z\u0131n \u0259n \u0259ziz bayram\u0131 say\u0131lan Novruz yaz\u0131n g\u0259li\u015find\u0259n, t\u0259bi\u0259tin oyan\u0131\u015f\u0131ndan x\u0259b\u0259r verir. \u015e\u0259rql\u0259 Q\u0259rbin qovu\u015fdu\u011fu Az\u0259rbaycan q\u0259dim zamanlardan m\u00fcasir g\u00fcn\u00fcm\u00fcz\u0259d\u0259k milli-m\u0259n\u0259vi d\u0259y\u0259rl\u0259rimiz\u0259 \u0259b\u0259diya\u015farl\u0131q qazand\u0131raraq Novruz \u0259n\u0259n\u0259l\u0259rini qoruyub saxlam\u0131\u015fd\u0131r. Xalq\u0131m\u0131z \u0259n s\u0259rt d\u00f6n\u0259ml\u0259rd\u0259 bel\u0259 Novruzun g\u0259li\u015fini \u00f6z\u00fcn\u0259m\u0259xsus co\u015fqu, sevinc, y\u00fcks\u0259k \u0259hval-ruhiyy\u0259 il\u0259 qeyd edib. \u018fsrl\u0259r boyu odlar yurdu Az\u0259rbaycanda Novruz \u0259n\u0259n\u0259l\u0259rinin ya\u015fanmas\u0131 xalq\u0131m\u0131z\u0131n milli-m\u0259n\u0259vi d\u0259y\u0259rl\u0259rin\u0259 verdiyi \u0259n b\u00f6y\u00fck qiym\u0259tin bariz n\u00fcmun\u0259sidir.<\/p>\n\n\n\n<p>Az\u0259rbaycan Respublikas\u0131n\u0131n Prezidenti, Silahl\u0131 Q\u00fcvv\u0259l\u0259rin Ali Ba\u015f Komandan\u0131 \u0130lham \u018fliyevin apard\u0131\u011f\u0131 u\u011furlu siyas\u0259t n\u0259tic\u0259sind\u0259 m\u00fcst\u0259qil Az\u0259rbaycanda v\u0259t\u0259nda\u015f h\u0259mr\u0259yliyi \u0259ld\u0259 olunub, \u00f6lk\u0259miz d\u00fcnya d\u00f6vl\u0259tl\u0259ri s\u0131ras\u0131nda \u0259n layiqli yerl\u0259rd\u0259n birini tutub. Bu g\u00fcn respublikam\u0131z\u0131n iqtisadiyyat\u0131n\u0131n fasil\u0259siz inki\u015faf\u0131 t\u0259min olunub, d\u00f6vl\u0259t\u00e7ilik \u0259n\u0259n\u0259l\u0259ri daha da m\u00f6hk\u0259ml\u0259nib. D\u00f6vl\u0259timizin inki\u015faf\u0131nda prioritet istiqam\u0259tl\u0259rd\u0259n hesab edil\u0259n ordunun h\u0259rbi q\u00fcdr\u0259tinin g\u00fcnd\u0259n-g\u00fcn\u0259 art\u0131r\u0131lmas\u0131 m\u0259qs\u0259dil\u0259 at\u0131lan add\u0131mlar \u00f6lk\u0259d\u0259 h\u0259yata ke\u00e7iril\u0259n islahatlar\u0131n \u0259sas t\u0259rkib hiss\u0259l\u0259rind\u0259ndir. Az\u0259rbaycan Respublikas\u0131n\u0131n Prezidenti \u0130lham \u018fliyevin r\u0259hb\u0259rliyi alt\u0131nda d\u00f6vl\u0259t v\u0259 ordu quruculu\u011fu istiqam\u0259tind\u0259 g\u00f6r\u00fcl\u0259n m\u00fch\u00fcm i\u015fl\u0259r say\u0259sind\u0259 Az\u0259rbaycan\u0131n d\u00fcnyada n\u00fcfuzu daha da artaraq xalq-d\u00f6vl\u0259t-ordu birliyi \u0259n y\u00fcks\u0259k s\u0259viyy\u0259y\u0259 \u00e7atm\u0131\u015fd\u0131r.<\/p>\n\n\n\n<p>Bu inaml\u0131 f\u0259aliyy\u0259tl\u0259rin m\u0259ntiqi n\u0259tic\u0259sidir ki, M\u00fcz\u0259ff\u0259r Ali Ba\u015f Komandan\u0131n s\u0259rk\u0259rd\u0259liyi il\u0259 erm\u0259ni silahl\u0131 birl\u0259\u015fm\u0259l\u0259rinin t\u00f6r\u0259tdiyi geni\u015fmiqyasl\u0131 t\u0259xribatlara qar\u015f\u0131 r\u0259\u015fad\u0259tli Az\u0259rbaycan Ordusu ba\u015flad\u0131\u011f\u0131 u\u011furlu \u0259ks-h\u00fccum \u0259m\u0259liyyat\u0131nda, 44 g\u00fcnl\u00fck V\u0259t\u0259n m\u00fcharib\u0259sind\u0259 \u0259sg\u0259r v\u0259 zabitl\u0259rimizin q\u0259hr\u0259manl\u0131\u011f\u0131, f\u0259dakarl\u0131\u011f\u0131 say\u0259sind\u0259 tarixi torpaqlar\u0131m\u0131z\u0131 d\u00fc\u015fm\u0259n i\u015f\u011fal\u0131ndan azad etdi. M\u00fcz\u0259ff\u0259r Ali Ba\u015f Komandan\u0131n m\u00fcdrik v\u0259 uzaqg\u00f6r\u0259n siyas\u0259ti, q\u0259tiyy\u0259tli m\u00f6vqeyi, ordumuzun g\u00fcc\u00fc, pe\u015f\u0259karl\u0131\u011f\u0131 parlaq Q\u0259l\u0259b\u0259ni t\u0259min etdi, \u0259razi b\u00fct\u00f6vl\u00fcy\u00fc b\u0259rpa olundu. Bu g\u00fcn r\u0259\u015fad\u0259tli ordumuz i\u015f\u011faldan azad olunmu\u015f \u0259razil\u0259rd\u0259 \u00f6z m\u00f6vqel\u0259rini daha da m\u00f6hk\u0259ml\u0259ndir\u0259r\u0259k geni\u015fmiqyasl\u0131 b\u0259rpa-quruculuq i\u015fl\u0259rin\u0259 layiqli t\u00f6hf\u0259l\u0259rini verm\u0259kd\u0259dir.<\/p>\n\n\n\n<p>H\u0259rbi anda s\u0259daq\u0259t\u0259, \u00e7\u0259tin v\u0259 \u015f\u0259r\u0259fli h\u0259rbi xidm\u0259td\u0259 f\u0259dakarl\u0131\u011fa g\u00f6r\u0259 h\u0259r biriniz\u0259 minn\u0259tdarl\u0131\u011f\u0131m\u0131 bildirir\u0259m.<\/p>\n\n\n\n<p>Az\u0259rbaycan Respublikas\u0131n\u0131n suverenliyi, m\u00fcst\u0259qilliyi v\u0259 \u0259razi b\u00f6t\u00f6vl\u00fcy\u00fc u\u011frunda \u015f\u0259hid olan V\u0259t\u0259n \u00f6vladlar\u0131n\u0131n xatir\u0259sini h\u0259r zaman oldu\u011fu kimi Novruz bayram\u0131 \u0259r\u0259f\u0259sind\u0259 d\u0259 d\u0259rin h\u00f6rm\u0259t v\u0259 ehtiramla yad edirik.<\/p>\n\n\n\n<p>\u015e\u0259hid ail\u0259l\u0259ri daima Ali Ba\u015f Komandan \u0130lham \u018fliyev v\u0259 Birinci vitse-prezident Mehriban xan\u0131m \u018fliyevan\u0131n diqq\u0259t v\u0259 qay\u011f\u0131s\u0131 il\u0259 \u0259hat\u0259 olunur. Onlar\u0131n probleml\u0259rinin h\u0259lli istiqam\u0259tind\u0259 m\u00fcxt\u0259lif layih\u0259l\u0259r icra edilir.<\/p>\n\n\n\n<p>V\u0259t\u0259n u\u011frunda \u015f\u0259hid olanlar\u0131n valideynl\u0259rini, ail\u0259l\u0259rini, sa\u011flaml\u0131\u011f\u0131n\u0131 itir\u0259n silahda\u015flar\u0131m\u0131z\u0131, \u0259ziz veteranlar\u0131 bayram m\u00fcnasib\u0259til\u0259 t\u0259brik edir, onlara \u0259n xo\u015f arzular\u0131m\u0131 \u00e7atd\u0131r\u0131ram.<\/p>\n\n\n\n<p>Arzu edir\u0259m ki, Novruz bayram\u0131 g\u0259li\u015fi il\u0259 ail\u0259l\u0259riniz\u0259 firavanl\u0131q, xo\u015fb\u0259xtlik, s\u00fcfr\u0259l\u0259riniz\u0259 bol ruzi-b\u0259r\u0259k\u0259t g\u0259tirsin.<\/p>\n\n\n\n<p>Bir daha h\u0259r birinizi Novruz bayram\u0131 m\u00fcnasib\u0259til\u0259 \u00fcr\u0259kd\u0259n t\u0259brik edir, Siz\u0259 m\u00f6hk\u0259m cansa\u011fl\u0131\u011f\u0131, uzun \u00f6m\u00fcr, ail\u0259 s\u0259ad\u0259ti v\u0259 \u015f\u0259r\u0259fli xidm\u0259tinizd\u0259 yeni u\u011furlar arzulay\u0131ram.<\/p>\n\n\n\n<p>Novruz bayram\u0131n\u0131z m\u00fcbar\u0259k olsun!\u201d.<\/p>\n","protected":false},"excerpt":{"rendered":"<p>M\u00fcdafi\u0259 naziri general-polkovnik Zakir H\u0259s\u0259nov Az\u0259rbaycan Ordusunun \u015f\u0259xsi hey\u0259tini Novruz bayram\u0131 m\u00fcnasib\u0259til\u0259 t\u0259brik edib. Fedai.az\u00a0x\u0259b\u0259r verir ki, t\u0259brikd\u0259 deyilir: \u201cC\u0259nab zabitl\u0259r, yolda\u015f gizirl\u0259r, mi\u00e7manlar,<\/p>\n","protected":false},"author":2,"featured_media":0,"comment_status":"closed","ping_status":"closed","sticky":false,"template":"","format":"standard","meta":{"footnotes":""},"categories":[3],"tags":[],"class_list":["post-90992","post","type-post","status-publish","format-standard","hentry","category-gundm"],"aioseo_notices":[],"_links":{"self":[{"href":"https:\/\/fedai.az\/index.php?rest_route=\/wp\/v2\/posts\/90992","targetHints":{"allow":["GET"]}}],"collection":[{"href":"https:\/\/fedai.az\/index.php?rest_route=\/wp\/v2\/posts"}],"about":[{"href":"https:\/\/fedai.az\/index.php?rest_route=\/wp\/v2\/types\/post"}],"author":[{"embeddable":true,"href":"https:\/\/fedai.az\/index.php?rest_route=\/wp\/v2\/users\/2"}],"replies":[{"embeddable":true,"href":"https:\/\/fedai.az\/index.php?rest_route=%2Fwp%2Fv2%2Fcomments&post=90992"}],"version-history":[{"count":1,"href":"https:\/\/fedai.az\/index.php?rest_route=\/wp\/v2\/posts\/90992\/revisions"}],"predecessor-version":[{"id":90994,"href":"https:\/\/fedai.az\/index.php?rest_route=\/wp\/v2\/posts\/90992\/revisions\/90994"}],"wp:attachment":[{"href":"https:\/\/fedai.az\/index.php?rest_route=%2Fwp%2Fv2%2Fmedia&parent=90992"}],"wp:term":[{"taxonomy":"category","embeddable":true,"href":"https:\/\/fedai.az\/index.php?rest_route=%2Fwp%2Fv2%2Fcategories&post=90992"},{"taxonomy":"post_tag","embeddable":true,"href":"https:\/\/fedai.az\/index.php?rest_route=%2Fwp%2Fv2%2Ftags&post=90992"}],"curies":[{"name":"wp","href":"https:\/\/api.w.org\/{rel}","templated":true}]}}