{"id":91096,"date":"2026-03-24T13:09:28","date_gmt":"2026-03-24T09:09:28","guid":{"rendered":"https:\/\/fedai.az\/?p=91096"},"modified":"2026-03-24T13:11:15","modified_gmt":"2026-03-24T09:11:15","slug":"t%c9%99brik-cabbarov-cabbar-manaf-oglu-59","status":"publish","type":"post","link":"https:\/\/fedai.az\/?p=91096","title":{"rendered":"T\u0259brik: Cabbarov Cabbar Manaf o\u011flu &#8212; 62"},"content":{"rendered":"\n<p>Bu g\u00fcn silahda\u015flar\u0131m\u0131zdan birinin &#8212; Az\u0259rbaycan V\u0259t\u0259n Muharib\u0259si Veteranlar\u0131 \u0130ctimai Birliyinin (AVMV\u0130B) Qax rayon\u00a0\u015f\u00f6b\u0259sinin s\u0259dri, istefada olan leytenant Cabbarov Cabbar Manaf o\u011flunun do\u011fum g\u00fcn\u00fcd\u00fcr. Mart ay\u0131n\u0131n 24-d\u0259 onun 62 ya\u015f\u0131\u00a0 tam olur.<\/p>\n\n\n\n<p>Cabbar Cabbarovun h\u0259rbi v\u0259 ictimai f\u0259aliyy\u0259tind\u0259 qazand\u0131\u011f\u0131 u\u011furlar, \u00f6lk\u0259mizin m\u00fcdafi\u0259sin\u0259 verdiyi t\u00f6hf\u0259l\u0259r silahda\u015flar\u0131m\u0131z v\u0259 veteranlar\u0131m\u0131z aras\u0131nda b\u00f6y\u00fck h\u00f6rm\u0259t v\u0259 ehtiramla xat\u0131rlan\u0131r. Onun ke\u00e7diyi h\u0259yat yolu, f\u0259dakar xidm\u0259ti v\u0259 v\u0259t\u0259np\u0259rv\u0259r f\u0259aliyy\u0259ti g\u0259nc n\u0259sil \u00fc\u00e7\u00fcn \u00f6rn\u0259kdir. O, veteranlar\u0131m\u0131z\u0131n c\u0259miyy\u0259t\u0259 inteqrasiyas\u0131, onlar\u0131n sosial m\u00fcdafi\u0259sinin g\u00fccl\u0259ndirilm\u0259si v\u0259 m\u00fcharib\u0259 i\u015ftirak\u00e7\u0131lar\u0131n\u0131n layiqli h\u0259yat \u015f\u0259raitinin t\u0259min edilm\u0259si istiqam\u0259tind\u0259 f\u0259aliyy\u0259tini davam etdirir.<\/p>\n\n\n\n<p>Az\u0259rbaycan V\u0259t\u0259n M\u00fcharib\u0259si Veteranlar\u0131 \u0130ctimai Birliyinin (AVMV\u0130B) r\u0259hb\u0259rliyi Cabbarov Cabbar Manaf o\u011flunu ad g\u00fcn\u00fc m\u00fcnasib\u0259ti il\u0259 t\u0259brik edir, ona uzun \u00f6m\u00fcr v\u0259 cansa\u011fl\u0131\u011f\u0131 arzulay\u0131r.<\/p>\n\n\n\n<p><strong>AVMV\u0130B-in M\u0259tbuat xidm\u0259ti<\/strong><\/p>\n\n\n\n<figure class=\"wp-block-gallery has-nested-images columns-default is-cropped wp-block-gallery-1 is-layout-flex wp-block-gallery-is-layout-flex\">\n<figure class=\"wp-block-image size-large\"><img decoding=\"async\" data-id=\"91098\" src=\"https:\/\/fedai.az\/wp-content\/uploads\/2023\/03\/image-188.png\" alt=\"\" class=\"wp-image-91098\"\/><\/figure>\n\n\n\n<figure class=\"wp-block-image size-large\"><img loading=\"lazy\" decoding=\"async\" width=\"480\" height=\"480\" data-id=\"91099\" src=\"https:\/\/fedai.az\/wp-content\/uploads\/2023\/03\/image-189.png\" alt=\"\" class=\"wp-image-91099\" srcset=\"https:\/\/fedai.az\/wp-content\/uploads\/2023\/03\/image-189.png 480w, https:\/\/fedai.az\/wp-content\/uploads\/2023\/03\/image-189-300x300.png 300w, https:\/\/fedai.az\/wp-content\/uploads\/2023\/03\/image-189-150x150.png 150w, https:\/\/fedai.az\/wp-content\/uploads\/2023\/03\/image-189-215x215.png 215w\" sizes=\"auto, (max-width: 480px) 100vw, 480px\" \/><\/figure>\n<\/figure>\n\n\n\n<p><\/p>\n","protected":false},"excerpt":{"rendered":"<p>Bu g\u00fcn silahda\u015flar\u0131m\u0131zdan birinin &#8212; Az\u0259rbaycan V\u0259t\u0259n Muharib\u0259si Veteranlar\u0131 \u0130ctimai Birliyinin (AVMV\u0130B) Qax rayon\u00a0\u015f\u00f6b\u0259sinin s\u0259dri, istefada olan leytenant Cabbarov Cabbar Manaf o\u011flunun do\u011fum g\u00fcn\u00fcd\u00fcr.<\/p>\n","protected":false},"author":2,"featured_media":91110,"comment_status":"closed","ping_status":"closed","sticky":false,"template":"","format":"standard","meta":{"footnotes":""},"categories":[11],"tags":[],"class_list":["post-91096","post","type-post","status-publish","format-standard","has-post-thumbnail","hentry","category-tbrik"],"aioseo_notices":[],"_links":{"self":[{"href":"https:\/\/fedai.az\/index.php?rest_route=\/wp\/v2\/posts\/91096","targetHints":{"allow":["GET"]}}],"collection":[{"href":"https:\/\/fedai.az\/index.php?rest_route=\/wp\/v2\/posts"}],"about":[{"href":"https:\/\/fedai.az\/index.php?rest_route=\/wp\/v2\/types\/post"}],"author":[{"embeddable":true,"href":"https:\/\/fedai.az\/index.php?rest_route=\/wp\/v2\/users\/2"}],"replies":[{"embeddable":true,"href":"https:\/\/fedai.az\/index.php?rest_route=%2Fwp%2Fv2%2Fcomments&post=91096"}],"version-history":[{"count":6,"href":"https:\/\/fedai.az\/index.php?rest_route=\/wp\/v2\/posts\/91096\/revisions"}],"predecessor-version":[{"id":103234,"href":"https:\/\/fedai.az\/index.php?rest_route=\/wp\/v2\/posts\/91096\/revisions\/103234"}],"wp:featuredmedia":[{"embeddable":true,"href":"https:\/\/fedai.az\/index.php?rest_route=\/wp\/v2\/media\/91110"}],"wp:attachment":[{"href":"https:\/\/fedai.az\/index.php?rest_route=%2Fwp%2Fv2%2Fmedia&parent=91096"}],"wp:term":[{"taxonomy":"category","embeddable":true,"href":"https:\/\/fedai.az\/index.php?rest_route=%2Fwp%2Fv2%2Fcategories&post=91096"},{"taxonomy":"post_tag","embeddable":true,"href":"https:\/\/fedai.az\/index.php?rest_route=%2Fwp%2Fv2%2Ftags&post=91096"}],"curies":[{"name":"wp","href":"https:\/\/api.w.org\/{rel}","templated":true}]}}