{"id":91342,"date":"2023-04-01T17:00:00","date_gmt":"2023-04-01T13:00:00","guid":{"rendered":"https:\/\/fedai.az\/?p=91342"},"modified":"2023-04-01T23:04:46","modified_gmt":"2023-04-01T19:04:46","slug":"milli-q%c9%99hr%c9%99man-sukur-h%c9%99midovun-anim-m%c9%99rasimi-kecirilib","status":"publish","type":"post","link":"https:\/\/fedai.az\/?p=91342","title":{"rendered":"Milli Q\u0259hr\u0259man \u015e\u00fck\u00fcr H\u0259midovun an\u0131m m\u0259rasimi ke\u00e7irilib"},"content":{"rendered":"\n<p class=\"wp-block-paragraph\">Aprelin 1-d\u0259 \u0130kinci \u015e\u0259hidl\u0259r xiyaban\u0131nda Az\u0259rbaycan\u0131n Milli Q\u0259hr\u0259man\u0131, V\u0259t\u0259n m\u00fcharib\u0259si \u015f\u0259hidi polkovnik \u015e\u00fck\u00fcr H\u0259midovun do\u011fum g\u00fcn\u00fc m\u00fcnasib\u0259til\u0259 an\u0131m m\u0259rasimi ke\u00e7irilib.<\/p>\n\n\n\n<p class=\"wp-block-paragraph\">Bu bar\u0259d\u0259&nbsp;<a href=\"https:\/\/report.az\/herbi-xeberler\/milli-qehreman-sukur-hemidovun-anim-merasimi-kecirilib73\/\" target=\"_blank\" rel=\"noreferrer noopener\">&#171;Report&#187;<\/a>a m\u00fcdafi\u0259 Nazirliyind\u0259n m\u0259lumat verilib.<\/p>\n\n\n\n<p class=\"wp-block-paragraph\">Bildirilib ki, \u015f\u0259hid zabitin m\u0259zar\u0131 ziyar\u0259t edilib, \u00f6n\u00fcn\u0259 \u0259klil v\u0259 g\u00fcl d\u0259st\u0259l\u0259ri qoyularaq xatir\u0259si ehtiramla yad olunub.<\/p>\n\n\n\n<p class=\"wp-block-paragraph\">M\u0259rasimd\u0259 M\u00fcdafi\u0259 Nazirliyinin bir qrup zabiti, Qubadl\u0131 rayon \u0130cra Hakimiyy\u0259tinin v\u0259 Qubadl\u0131 rayon M\u0259d\u0259niyy\u0259t Evinin \u0259m\u0259kda\u015flar\u0131, ictimaiyy\u0259t n\u00fcmay\u0259nd\u0259l\u0259ri, Milli Q\u0259hr\u0259man\u0131n ail\u0259 \u00fczvl\u0259ri, d\u00f6y\u00fc\u015f yolda\u015flar\u0131 v\u0259 m\u0259kt\u0259blil\u0259r i\u015ftirak edibl\u0259r.<\/p>\n\n\n\n<p class=\"wp-block-paragraph\">\u018fvv\u0259lc\u0259 xalq\u0131m\u0131z\u0131n \u00dcmummilli Lideri Heyd\u0259r \u018fliyevin, Az\u0259rbaycan\u0131n suverenliyi, \u0259razi b\u00fct\u00f6vl\u00fcy\u00fc v\u0259 torpaqlar\u0131m\u0131z\u0131n azadl\u0131\u011f\u0131 u\u011frunda can\u0131ndan ke\u00e7\u0259n V\u0259t\u0259n \u00f6vladlar\u0131n\u0131n xatir\u0259si bir d\u0259qiq\u0259lik s\u00fckutla yad edilib. H\u0259rbi orkestrin ifas\u0131nda Az\u0259rbaycan Respublikas\u0131n\u0131n D\u00f6vl\u0259t Himni s\u0259sl\u0259ndirilib.<br>An\u0131m t\u0259dbirind\u0259 q\u0259hr\u0259man\u0131n\u0131n \u015f\u0259r\u0259fli h\u0259yat yolundan, v\u0259t\u0259np\u0259rv\u0259r zabit kimi V\u0259t\u0259n\u0259 q\u00fcsursuz xidm\u0259tind\u0259n, x\u00fcsusil\u0259 d\u0259 Aprel d\u00f6y\u00fc\u015fl\u0259ri v\u0259 V\u0259t\u0259n m\u00fcharib\u0259si zaman\u0131 g\u00f6st\u0259rdiyi \u015f\u00fcca\u0259t v\u0259 igidliyind\u0259n dan\u0131\u015f\u0131l\u0131b.<\/p>\n\n\n\n<p class=\"wp-block-paragraph\">\u015e\u00fck\u00fcr H\u0259midovun q\u0259hr\u0259manl\u0131\u011f\u0131n\u0131n Az\u0259rbaycan Respublikas\u0131n\u0131n Prezidenti, Silahl\u0131 Q\u00fcvv\u0259l\u0259rin Ali Ba\u015f Komandan\u0131 c\u0259nab \u0130lham \u018fliyev t\u0259r\u0259find\u0259n y\u00fcks\u0259k qiym\u0259tl\u0259ndirildiyi, m\u00fcxt\u0259lif orden v\u0259 medallara t\u0259ltif olundu\u011fu x\u00fcsusi vur\u011fulan\u0131b.<\/p>\n\n\n\n<p class=\"wp-block-paragraph\">Milli Q\u0259hr\u0259man\u0131n atas\u0131 N\u0259riman H\u0259midov \u00e7\u0131x\u0131\u015f ed\u0259r\u0259k o\u011flu il\u0259 ba\u011fl\u0131 xatir\u0259l\u0259rini t\u0259dbir i\u015ftirak\u00e7\u0131lar\u0131 il\u0259 b\u00f6l\u00fc\u015f\u00fcb. \u00d6vlad\u0131n\u0131n xatir\u0259sinin daim \u0259ziz tutuldu\u011funa g\u00f6r\u0259 Az\u0259rbaycan Respublikas\u0131n\u0131n Prezidentin\u0259 v\u0259 M\u00fcdafi\u0259 Nazirliyinin r\u0259hb\u0259rliyin\u0259 minn\u0259tdarl\u0131\u011f\u0131n\u0131 bildirib.<\/p>\n\n\n\n<figure class=\"wp-block-image size-full\"><img decoding=\"async\" src=\"https:\/\/fedai.az\/wp-content\/uploads\/2023\/04\/hbgvbh.jpg\" alt=\"\" class=\"wp-image-91344\"\/><\/figure>\n","protected":false},"excerpt":{"rendered":"<p>Aprelin 1-d\u0259 \u0130kinci \u015e\u0259hidl\u0259r xiyaban\u0131nda Az\u0259rbaycan\u0131n Milli Q\u0259hr\u0259man\u0131, V\u0259t\u0259n m\u00fcharib\u0259si \u015f\u0259hidi polkovnik \u015e\u00fck\u00fcr H\u0259midovun do\u011fum g\u00fcn\u00fc m\u00fcnasib\u0259til\u0259 an\u0131m m\u0259rasimi ke\u00e7irilib. Bu bar\u0259d\u0259&nbsp;&#171;Report&#187;a m\u00fcdafi\u0259 Nazirliyind\u0259n<\/p>\n","protected":false},"author":2,"featured_media":0,"comment_status":"closed","ping_status":"closed","sticky":false,"template":"","format":"standard","meta":{"footnotes":""},"categories":[4],"tags":[],"class_list":["post-91342","post","type-post","status-publish","format-standard","hentry","category-qarabag"],"aioseo_notices":[],"aioseo_head":"\n\t\t<!-- All in One SEO 5.0.0.1 - aioseo.com -->\n\t<meta name=\"description\" content=\"Aprelin 1-d\u0259 \u0130kinci \u015e\u0259hidl\u0259r xiyaban\u0131nda Az\u0259rbaycan\u0131n Milli Q\u0259hr\u0259man\u0131, V\u0259t\u0259n m\u00fcharib\u0259si \u015f\u0259hidi polkovnik \u015e\u00fck\u00fcr H\u0259midovun do\u011fum g\u00fcn\u00fc m\u00fcnasib\u0259til\u0259 an\u0131m m\u0259rasimi ke\u00e7irilib. Bu bar\u0259d\u0259 &quot;Report&quot;a m\u00fcdafi\u0259 Nazirliyind\u0259n m\u0259lumat verilib. Bildirilib ki, \u015f\u0259hid zabitin m\u0259zar\u0131 ziyar\u0259t edilib, \u00f6n\u00fcn\u0259 \u0259klil v\u0259 g\u00fcl d\u0259st\u0259l\u0259ri qoyularaq xatir\u0259si ehtiramla yad olunub. M\u0259rasimd\u0259 M\u00fcdafi\u0259 Nazirliyinin bir qrup zabiti, Qubadl\u0131 rayon \u0130cra Hakimiyy\u0259tinin v\u0259 Qubadl\u0131\" \/>\n\t<meta name=\"robots\" content=\"max-image-preview:large\" \/>\n\t<meta name=\"author\" content=\"www.Fedai.az\"\/>\n\t<link rel=\"canonical\" href=\"https:\/\/fedai.az\/?p=91342\" \/>\n\t<meta name=\"generator\" content=\"All in One SEO (AIOSEO) 5.0.0.1\" \/>\n\t\t<meta property=\"og:locale\" content=\"ru_RU\" \/>\n\t\t<meta property=\"og:site_name\" content=\"&quot;F\u0259dai&quot; q\u0259zeti\" \/>\n\t\t<meta property=\"og:type\" content=\"article\" \/>\n\t\t<meta property=\"og:title\" content=\"Milli Q\u0259hr\u0259man \u015e\u00fck\u00fcr H\u0259midovun an\u0131m m\u0259rasimi ke\u00e7irilib | &quot;F\u0259dai&quot; q\u0259zeti\" \/>\n\t\t<meta property=\"og:description\" content=\"Aprelin 1-d\u0259 \u0130kinci \u015e\u0259hidl\u0259r xiyaban\u0131nda Az\u0259rbaycan\u0131n Milli Q\u0259hr\u0259man\u0131, V\u0259t\u0259n m\u00fcharib\u0259si \u015f\u0259hidi polkovnik \u015e\u00fck\u00fcr H\u0259midovun do\u011fum g\u00fcn\u00fc m\u00fcnasib\u0259til\u0259 an\u0131m m\u0259rasimi ke\u00e7irilib. Bu bar\u0259d\u0259 &quot;Report&quot;a m\u00fcdafi\u0259 Nazirliyind\u0259n m\u0259lumat verilib. Bildirilib ki, \u015f\u0259hid zabitin m\u0259zar\u0131 ziyar\u0259t edilib, \u00f6n\u00fcn\u0259 \u0259klil v\u0259 g\u00fcl d\u0259st\u0259l\u0259ri qoyularaq xatir\u0259si ehtiramla yad olunub. M\u0259rasimd\u0259 M\u00fcdafi\u0259 Nazirliyinin bir qrup zabiti, Qubadl\u0131 rayon \u0130cra Hakimiyy\u0259tinin v\u0259 Qubadl\u0131\" \/>\n\t\t<meta property=\"og:url\" content=\"https:\/\/fedai.az\/?p=91342\" \/>\n\t\t<meta property=\"fb:app_id\" content=\"696809432257740\" \/>\n\t\t<meta property=\"og:image\" content=\"https:\/\/fedai.az\/wp-content\/uploads\/2022\/09\/logo3.png\" \/>\n\t\t<meta property=\"og:image:secure_url\" content=\"https:\/\/fedai.az\/wp-content\/uploads\/2022\/09\/logo3.png\" \/>\n\t\t<meta property=\"article:published_time\" content=\"2023-04-01T13:00:00+00:00\" \/>\n\t\t<meta property=\"article:modified_time\" content=\"2023-04-01T19:04:46+00:00\" \/>\n\t\t<meta property=\"article:publisher\" content=\"https:\/\/facebook.com\/fedai.az\" \/>\n\t\t<meta name=\"twitter:card\" content=\"summary\" \/>\n\t\t<meta name=\"twitter:site\" content=\"@fedai.az\" \/>\n\t\t<meta name=\"twitter:title\" content=\"Milli Q\u0259hr\u0259man \u015e\u00fck\u00fcr H\u0259midovun an\u0131m m\u0259rasimi ke\u00e7irilib | &quot;F\u0259dai&quot; q\u0259zeti\" \/>\n\t\t<meta name=\"twitter:description\" content=\"Aprelin 1-d\u0259 \u0130kinci \u015e\u0259hidl\u0259r xiyaban\u0131nda Az\u0259rbaycan\u0131n Milli Q\u0259hr\u0259man\u0131, V\u0259t\u0259n m\u00fcharib\u0259si \u015f\u0259hidi polkovnik \u015e\u00fck\u00fcr H\u0259midovun do\u011fum g\u00fcn\u00fc m\u00fcnasib\u0259til\u0259 an\u0131m m\u0259rasimi ke\u00e7irilib. Bu bar\u0259d\u0259 &quot;Report&quot;a m\u00fcdafi\u0259 Nazirliyind\u0259n m\u0259lumat verilib. Bildirilib ki, \u015f\u0259hid zabitin m\u0259zar\u0131 ziyar\u0259t edilib, \u00f6n\u00fcn\u0259 \u0259klil v\u0259 g\u00fcl d\u0259st\u0259l\u0259ri qoyularaq xatir\u0259si ehtiramla yad olunub. M\u0259rasimd\u0259 M\u00fcdafi\u0259 Nazirliyinin bir qrup zabiti, Qubadl\u0131 rayon \u0130cra Hakimiyy\u0259tinin v\u0259 Qubadl\u0131\" \/>\n\t\t<meta name=\"twitter:image\" content=\"https:\/\/fedai.az\/wp-content\/uploads\/2022\/09\/logo3.png\" \/>\n\t\t<script type=\"application\/ld+json\" class=\"aioseo-schema\">\n\t\t\t{\"@context\":\"https:\\\/\\\/schema.org\",\"@graph\":[{\"@type\":\"Article\",\"@id\":\"https:\\\/\\\/fedai.az\\\/?p=91342#article\",\"name\":\"Milli Q\\u0259hr\\u0259man \\u015e\\u00fck\\u00fcr H\\u0259midovun an\\u0131m m\\u0259rasimi ke\\u00e7irilib | \\\"F\\u0259dai\\\" q\\u0259zeti\",\"headline\":\"Milli Q\\u0259hr\\u0259man \\u015e\\u00fck\\u00fcr H\\u0259midovun an\\u0131m m\\u0259rasimi ke\\u00e7irilib\",\"author\":{\"@id\":\"https:\\\/\\\/fedai.az\\\/?author=2#author\"},\"publisher\":{\"@id\":\"https:\\\/\\\/fedai.az\\\/#organization\"},\"image\":{\"@type\":\"ImageObject\",\"url\":\"https:\\\/\\\/fedai.az\\\/wp-content\\\/uploads\\\/2023\\\/04\\\/hbgvbh.jpg\",\"@id\":\"https:\\\/\\\/fedai.az\\\/?p=91342\\\/#articleImage\"},\"datePublished\":\"2023-04-01T17:00:00+04:00\",\"dateModified\":\"2023-04-01T23:04:46+04:00\",\"inLanguage\":\"ru-RU\",\"mainEntityOfPage\":{\"@id\":\"https:\\\/\\\/fedai.az\\\/?p=91342#webpage\"},\"isPartOf\":{\"@id\":\"https:\\\/\\\/fedai.az\\\/?p=91342#webpage\"},\"articleSection\":\"Qaraba\\u011f\"},{\"@type\":\"BreadcrumbList\",\"@id\":\"https:\\\/\\\/fedai.az\\\/?p=91342#breadcrumblist\",\"itemListElement\":[{\"@type\":\"ListItem\",\"@id\":\"https:\\\/\\\/fedai.az#listItem\",\"position\":1,\"name\":\"Home\",\"item\":\"https:\\\/\\\/fedai.az\",\"nextItem\":{\"@type\":\"ListItem\",\"@id\":\"https:\\\/\\\/fedai.az\\\/?cat=4#listItem\",\"name\":\"Qaraba\\u011f\"}},{\"@type\":\"ListItem\",\"@id\":\"https:\\\/\\\/fedai.az\\\/?cat=4#listItem\",\"position\":2,\"name\":\"Qaraba\\u011f\",\"item\":\"https:\\\/\\\/fedai.az\\\/?cat=4\",\"nextItem\":{\"@type\":\"ListItem\",\"@id\":\"https:\\\/\\\/fedai.az\\\/?p=91342#listItem\",\"name\":\"Milli Q\\u0259hr\\u0259man \\u015e\\u00fck\\u00fcr H\\u0259midovun an\\u0131m m\\u0259rasimi ke\\u00e7irilib\"},\"previousItem\":{\"@type\":\"ListItem\",\"@id\":\"https:\\\/\\\/fedai.az#listItem\",\"name\":\"Home\"}},{\"@type\":\"ListItem\",\"@id\":\"https:\\\/\\\/fedai.az\\\/?p=91342#listItem\",\"position\":3,\"name\":\"Milli Q\\u0259hr\\u0259man \\u015e\\u00fck\\u00fcr H\\u0259midovun an\\u0131m m\\u0259rasimi ke\\u00e7irilib\",\"previousItem\":{\"@type\":\"ListItem\",\"@id\":\"https:\\\/\\\/fedai.az\\\/?cat=4#listItem\",\"name\":\"Qaraba\\u011f\"}}]},{\"@type\":\"Organization\",\"@id\":\"https:\\\/\\\/fedai.az\\\/#organization\",\"name\":\"\\\"F\\u0259dai\\\" q\\u0259zeti\",\"description\":\"Az\\u0259rbaycan V\\u0259t\\u0259n M\\u00fcharib\\u0259si Veteranlar\\u0131 \\u0130ctimai Birliyi\",\"url\":\"https:\\\/\\\/fedai.az\\\/\",\"logo\":{\"@type\":\"ImageObject\",\"url\":\"https:\\\/\\\/fedai.az\\\/wp-content\\\/uploads\\\/2022\\\/09\\\/logo3.png\",\"@id\":\"https:\\\/\\\/fedai.az\\\/?p=91342\\\/#organizationLogo\",\"width\":500,\"height\":100},\"image\":{\"@id\":\"https:\\\/\\\/fedai.az\\\/?p=91342\\\/#organizationLogo\"},\"sameAs\":[\"https:\\\/\\\/instagram.com\\\/fedai.az\",\"https:\\\/\\\/pinterest.com\\\/fedai.az\",\"https:\\\/\\\/youtube.com\\\/fedai.az\",\"https:\\\/\\\/linkedin.com\\\/in\\\/fedai.az\"]},{\"@type\":\"Person\",\"@id\":\"https:\\\/\\\/fedai.az\\\/?author=2#author\",\"url\":\"https:\\\/\\\/fedai.az\\\/?author=2\",\"name\":\"www.Fedai.az\",\"image\":{\"@type\":\"ImageObject\",\"@id\":\"https:\\\/\\\/fedai.az\\\/?p=91342#authorImage\",\"url\":\"https:\\\/\\\/secure.gravatar.com\\\/avatar\\\/d861e138a4bd3ce6812a7aa95e796aa05e165f28ecde9a972c6789a09fcd1daa?s=96&d=mm&r=g\",\"width\":96,\"height\":96,\"caption\":\"www.Fedai.az\"}},{\"@type\":\"WebPage\",\"@id\":\"https:\\\/\\\/fedai.az\\\/?p=91342#webpage\",\"url\":\"https:\\\/\\\/fedai.az\\\/?p=91342\",\"name\":\"Milli Q\\u0259hr\\u0259man \\u015e\\u00fck\\u00fcr H\\u0259midovun an\\u0131m m\\u0259rasimi ke\\u00e7irilib | \\\"F\\u0259dai\\\" q\\u0259zeti\",\"description\":\"Aprelin 1-d\\u0259 \\u0130kinci \\u015e\\u0259hidl\\u0259r xiyaban\\u0131nda Az\\u0259rbaycan\\u0131n Milli Q\\u0259hr\\u0259man\\u0131, V\\u0259t\\u0259n m\\u00fcharib\\u0259si \\u015f\\u0259hidi polkovnik \\u015e\\u00fck\\u00fcr H\\u0259midovun do\\u011fum g\\u00fcn\\u00fc m\\u00fcnasib\\u0259til\\u0259 an\\u0131m m\\u0259rasimi ke\\u00e7irilib. Bu bar\\u0259d\\u0259 \\\"Report\\\"a m\\u00fcdafi\\u0259 Nazirliyind\\u0259n m\\u0259lumat verilib. Bildirilib ki, \\u015f\\u0259hid zabitin m\\u0259zar\\u0131 ziyar\\u0259t edilib, \\u00f6n\\u00fcn\\u0259 \\u0259klil v\\u0259 g\\u00fcl d\\u0259st\\u0259l\\u0259ri qoyularaq xatir\\u0259si ehtiramla yad olunub. M\\u0259rasimd\\u0259 M\\u00fcdafi\\u0259 Nazirliyinin bir qrup zabiti, Qubadl\\u0131 rayon \\u0130cra Hakimiyy\\u0259tinin v\\u0259 Qubadl\\u0131\",\"inLanguage\":\"ru-RU\",\"isPartOf\":{\"@id\":\"https:\\\/\\\/fedai.az\\\/#website\"},\"breadcrumb\":{\"@id\":\"https:\\\/\\\/fedai.az\\\/?p=91342#breadcrumblist\"},\"author\":{\"@id\":\"https:\\\/\\\/fedai.az\\\/?author=2#author\"},\"creator\":{\"@id\":\"https:\\\/\\\/fedai.az\\\/?author=2#author\"},\"datePublished\":\"2023-04-01T17:00:00+04:00\",\"dateModified\":\"2023-04-01T23:04:46+04:00\"},{\"@type\":\"WebSite\",\"@id\":\"https:\\\/\\\/fedai.az\\\/#website\",\"url\":\"https:\\\/\\\/fedai.az\\\/\",\"name\":\"\\\"F\\u0259dai\\\" q\\u0259zeti\",\"description\":\"Az\\u0259rbaycan V\\u0259t\\u0259n M\\u00fcharib\\u0259si Veteranlar\\u0131 \\u0130ctimai Birliyi\",\"inLanguage\":\"ru-RU\",\"publisher\":{\"@id\":\"https:\\\/\\\/fedai.az\\\/#organization\"}}]}\n\t\t<\/script>\n\t\t<!-- All in One SEO -->\n\n","aioseo_head_json":{"title":"Milli Q\u0259hr\u0259man \u015e\u00fck\u00fcr H\u0259midovun an\u0131m m\u0259rasimi ke\u00e7irilib | \"F\u0259dai\" q\u0259zeti","description":"Aprelin 1-d\u0259 \u0130kinci \u015e\u0259hidl\u0259r xiyaban\u0131nda Az\u0259rbaycan\u0131n Milli Q\u0259hr\u0259man\u0131, V\u0259t\u0259n m\u00fcharib\u0259si \u015f\u0259hidi polkovnik \u015e\u00fck\u00fcr H\u0259midovun do\u011fum g\u00fcn\u00fc m\u00fcnasib\u0259til\u0259 an\u0131m m\u0259rasimi ke\u00e7irilib. Bu bar\u0259d\u0259 \"Report\"a m\u00fcdafi\u0259 Nazirliyind\u0259n m\u0259lumat verilib. Bildirilib ki, \u015f\u0259hid zabitin m\u0259zar\u0131 ziyar\u0259t edilib, \u00f6n\u00fcn\u0259 \u0259klil v\u0259 g\u00fcl d\u0259st\u0259l\u0259ri qoyularaq xatir\u0259si ehtiramla yad olunub. M\u0259rasimd\u0259 M\u00fcdafi\u0259 Nazirliyinin bir qrup zabiti, Qubadl\u0131 rayon \u0130cra Hakimiyy\u0259tinin v\u0259 Qubadl\u0131","canonical_url":"https:\/\/fedai.az\/?p=91342","robots":"max-image-preview:large","keywords":"","webmasterTools":{"miscellaneous":""},"schema":{"@context":"https:\/\/schema.org","@graph":[{"@type":"Article","@id":"https:\/\/fedai.az\/?p=91342#article","name":"Milli Q\u0259hr\u0259man \u015e\u00fck\u00fcr H\u0259midovun an\u0131m m\u0259rasimi ke\u00e7irilib | \"F\u0259dai\" q\u0259zeti","headline":"Milli Q\u0259hr\u0259man \u015e\u00fck\u00fcr H\u0259midovun an\u0131m m\u0259rasimi ke\u00e7irilib","author":{"@id":"https:\/\/fedai.az\/?author=2#author"},"publisher":{"@id":"https:\/\/fedai.az\/#organization"},"image":{"@type":"ImageObject","url":"https:\/\/fedai.az\/wp-content\/uploads\/2023\/04\/hbgvbh.jpg","@id":"https:\/\/fedai.az\/?p=91342\/#articleImage"},"datePublished":"2023-04-01T17:00:00+04:00","dateModified":"2023-04-01T23:04:46+04:00","inLanguage":"ru-RU","mainEntityOfPage":{"@id":"https:\/\/fedai.az\/?p=91342#webpage"},"isPartOf":{"@id":"https:\/\/fedai.az\/?p=91342#webpage"},"articleSection":"Qaraba\u011f"},{"@type":"BreadcrumbList","@id":"https:\/\/fedai.az\/?p=91342#breadcrumblist","itemListElement":[{"@type":"ListItem","@id":"https:\/\/fedai.az#listItem","position":1,"name":"Home","item":"https:\/\/fedai.az","nextItem":{"@type":"ListItem","@id":"https:\/\/fedai.az\/?cat=4#listItem","name":"Qaraba\u011f"}},{"@type":"ListItem","@id":"https:\/\/fedai.az\/?cat=4#listItem","position":2,"name":"Qaraba\u011f","item":"https:\/\/fedai.az\/?cat=4","nextItem":{"@type":"ListItem","@id":"https:\/\/fedai.az\/?p=91342#listItem","name":"Milli Q\u0259hr\u0259man \u015e\u00fck\u00fcr H\u0259midovun an\u0131m m\u0259rasimi ke\u00e7irilib"},"previousItem":{"@type":"ListItem","@id":"https:\/\/fedai.az#listItem","name":"Home"}},{"@type":"ListItem","@id":"https:\/\/fedai.az\/?p=91342#listItem","position":3,"name":"Milli Q\u0259hr\u0259man \u015e\u00fck\u00fcr H\u0259midovun an\u0131m m\u0259rasimi ke\u00e7irilib","previousItem":{"@type":"ListItem","@id":"https:\/\/fedai.az\/?cat=4#listItem","name":"Qaraba\u011f"}}]},{"@type":"Organization","@id":"https:\/\/fedai.az\/#organization","name":"\"F\u0259dai\" q\u0259zeti","description":"Az\u0259rbaycan V\u0259t\u0259n M\u00fcharib\u0259si Veteranlar\u0131 \u0130ctimai Birliyi","url":"https:\/\/fedai.az\/","logo":{"@type":"ImageObject","url":"https:\/\/fedai.az\/wp-content\/uploads\/2022\/09\/logo3.png","@id":"https:\/\/fedai.az\/?p=91342\/#organizationLogo","width":500,"height":100},"image":{"@id":"https:\/\/fedai.az\/?p=91342\/#organizationLogo"},"sameAs":["https:\/\/instagram.com\/fedai.az","https:\/\/pinterest.com\/fedai.az","https:\/\/youtube.com\/fedai.az","https:\/\/linkedin.com\/in\/fedai.az"]},{"@type":"Person","@id":"https:\/\/fedai.az\/?author=2#author","url":"https:\/\/fedai.az\/?author=2","name":"www.Fedai.az","image":{"@type":"ImageObject","@id":"https:\/\/fedai.az\/?p=91342#authorImage","url":"https:\/\/secure.gravatar.com\/avatar\/d861e138a4bd3ce6812a7aa95e796aa05e165f28ecde9a972c6789a09fcd1daa?s=96&d=mm&r=g","width":96,"height":96,"caption":"www.Fedai.az"}},{"@type":"WebPage","@id":"https:\/\/fedai.az\/?p=91342#webpage","url":"https:\/\/fedai.az\/?p=91342","name":"Milli Q\u0259hr\u0259man \u015e\u00fck\u00fcr H\u0259midovun an\u0131m m\u0259rasimi ke\u00e7irilib | \"F\u0259dai\" q\u0259zeti","description":"Aprelin 1-d\u0259 \u0130kinci \u015e\u0259hidl\u0259r xiyaban\u0131nda Az\u0259rbaycan\u0131n Milli Q\u0259hr\u0259man\u0131, V\u0259t\u0259n m\u00fcharib\u0259si \u015f\u0259hidi polkovnik \u015e\u00fck\u00fcr H\u0259midovun do\u011fum g\u00fcn\u00fc m\u00fcnasib\u0259til\u0259 an\u0131m m\u0259rasimi ke\u00e7irilib. Bu bar\u0259d\u0259 \"Report\"a m\u00fcdafi\u0259 Nazirliyind\u0259n m\u0259lumat verilib. Bildirilib ki, \u015f\u0259hid zabitin m\u0259zar\u0131 ziyar\u0259t edilib, \u00f6n\u00fcn\u0259 \u0259klil v\u0259 g\u00fcl d\u0259st\u0259l\u0259ri qoyularaq xatir\u0259si ehtiramla yad olunub. M\u0259rasimd\u0259 M\u00fcdafi\u0259 Nazirliyinin bir qrup zabiti, Qubadl\u0131 rayon \u0130cra Hakimiyy\u0259tinin v\u0259 Qubadl\u0131","inLanguage":"ru-RU","isPartOf":{"@id":"https:\/\/fedai.az\/#website"},"breadcrumb":{"@id":"https:\/\/fedai.az\/?p=91342#breadcrumblist"},"author":{"@id":"https:\/\/fedai.az\/?author=2#author"},"creator":{"@id":"https:\/\/fedai.az\/?author=2#author"},"datePublished":"2023-04-01T17:00:00+04:00","dateModified":"2023-04-01T23:04:46+04:00"},{"@type":"WebSite","@id":"https:\/\/fedai.az\/#website","url":"https:\/\/fedai.az\/","name":"\"F\u0259dai\" q\u0259zeti","description":"Az\u0259rbaycan V\u0259t\u0259n M\u00fcharib\u0259si Veteranlar\u0131 \u0130ctimai Birliyi","inLanguage":"ru-RU","publisher":{"@id":"https:\/\/fedai.az\/#organization"}}]},"og:locale":"ru_RU","og:site_name":"&quot;F\u0259dai&quot; q\u0259zeti","og:type":"article","og:title":"Milli Q\u0259hr\u0259man \u015e\u00fck\u00fcr H\u0259midovun an\u0131m m\u0259rasimi ke\u00e7irilib | &quot;F\u0259dai&quot; q\u0259zeti","og:description":"Aprelin 1-d\u0259 \u0130kinci \u015e\u0259hidl\u0259r xiyaban\u0131nda Az\u0259rbaycan\u0131n Milli Q\u0259hr\u0259man\u0131, V\u0259t\u0259n m\u00fcharib\u0259si \u015f\u0259hidi polkovnik \u015e\u00fck\u00fcr H\u0259midovun do\u011fum g\u00fcn\u00fc m\u00fcnasib\u0259til\u0259 an\u0131m m\u0259rasimi ke\u00e7irilib. Bu bar\u0259d\u0259 &quot;Report&quot;a m\u00fcdafi\u0259 Nazirliyind\u0259n m\u0259lumat verilib. Bildirilib ki, \u015f\u0259hid zabitin m\u0259zar\u0131 ziyar\u0259t edilib, \u00f6n\u00fcn\u0259 \u0259klil v\u0259 g\u00fcl d\u0259st\u0259l\u0259ri qoyularaq xatir\u0259si ehtiramla yad olunub. M\u0259rasimd\u0259 M\u00fcdafi\u0259 Nazirliyinin bir qrup zabiti, Qubadl\u0131 rayon \u0130cra Hakimiyy\u0259tinin v\u0259 Qubadl\u0131","og:url":"https:\/\/fedai.az\/?p=91342","fb:app_id":"696809432257740","og:image":"https:\/\/fedai.az\/wp-content\/uploads\/2022\/09\/logo3.png","og:image:secure_url":"https:\/\/fedai.az\/wp-content\/uploads\/2022\/09\/logo3.png","article:published_time":"2023-04-01T13:00:00+00:00","article:modified_time":"2023-04-01T19:04:46+00:00","article:publisher":"https:\/\/facebook.com\/fedai.az","twitter:card":"summary","twitter:site":"@fedai.az","twitter:title":"Milli Q\u0259hr\u0259man \u015e\u00fck\u00fcr H\u0259midovun an\u0131m m\u0259rasimi ke\u00e7irilib | &quot;F\u0259dai&quot; q\u0259zeti","twitter:description":"Aprelin 1-d\u0259 \u0130kinci \u015e\u0259hidl\u0259r xiyaban\u0131nda Az\u0259rbaycan\u0131n Milli Q\u0259hr\u0259man\u0131, V\u0259t\u0259n m\u00fcharib\u0259si \u015f\u0259hidi polkovnik \u015e\u00fck\u00fcr H\u0259midovun do\u011fum g\u00fcn\u00fc m\u00fcnasib\u0259til\u0259 an\u0131m m\u0259rasimi ke\u00e7irilib. Bu bar\u0259d\u0259 &quot;Report&quot;a m\u00fcdafi\u0259 Nazirliyind\u0259n m\u0259lumat verilib. Bildirilib ki, \u015f\u0259hid zabitin m\u0259zar\u0131 ziyar\u0259t edilib, \u00f6n\u00fcn\u0259 \u0259klil v\u0259 g\u00fcl d\u0259st\u0259l\u0259ri qoyularaq xatir\u0259si ehtiramla yad olunub. M\u0259rasimd\u0259 M\u00fcdafi\u0259 Nazirliyinin bir qrup zabiti, Qubadl\u0131 rayon \u0130cra Hakimiyy\u0259tinin v\u0259 Qubadl\u0131","twitter:image":"https:\/\/fedai.az\/wp-content\/uploads\/2022\/09\/logo3.png"},"aioseo_meta_data":{"post_id":"91342","title":null,"description":null,"keywords":[],"keyphrases":{"focus":{"keyphrase":"","score":0,"analysis":{"keyphraseInTitle":{"score":0,"maxScore":9,"error":1}}},"additional":[]},"primary_term":null,"canonical_url":null,"og_title":null,"og_description":null,"og_object_type":"default","og_image_type":"default","og_image_url":null,"og_image_width":null,"og_image_height":null,"og_image_custom_url":null,"og_image_custom_fields":null,"og_video":"","og_custom_url":null,"og_article_section":null,"og_article_tags":[],"twitter_use_og":false,"twitter_card":"default","twitter_image_type":"default","twitter_image_url":null,"twitter_image_custom_url":null,"twitter_image_custom_fields":null,"twitter_title":null,"twitter_description":null,"schema":{"blockGraphs":[],"customGraphs":[],"default":{"data":{"Article":[],"Course":[],"Dataset":[],"FAQPage":[],"Movie":[],"Person":[],"Product":[],"ProductReview":[],"Car":[],"Recipe":[],"Service":[],"SoftwareApplication":[],"WebPage":[]},"graphName":"Article","isEnabled":true},"graphs":[]},"schema_type":"default","schema_type_options":null,"pillar_content":false,"robots_default":true,"robots_noindex":false,"robots_noarchive":false,"robots_nosnippet":false,"robots_nofollow":false,"robots_noimageindex":false,"robots_noodp":false,"robots_notranslate":false,"robots_max_snippet":"-1","robots_max_videopreview":"-1","robots_max_imagepreview":"large","priority":null,"frequency":"default","local_seo":null,"breadcrumb_settings":null,"limit_modified_date":false,"ai":null,"created":"2023-04-01 19:00:51","updated":"2025-06-08 20:16:20","seo_analyzer_scan_date":null,"focus_keyword":null,"additional_keywords":null,"truseo_locale":null},"aioseo_breadcrumb":"<div class=\"aioseo-breadcrumbs\"><span class=\"aioseo-breadcrumb\">\n\t\t\t<a href=\"https:\/\/fedai.az\" title=\"Home\">Home<\/a>\n\t\t<\/span><span class=\"aioseo-breadcrumb-separator\">\u00bb<\/span><span class=\"aioseo-breadcrumb\">\n\t\t\t<a href=\"https:\/\/fedai.az\/?cat=4\" title=\"Qaraba\u011f\">Qaraba\u011f<\/a>\n\t\t<\/span><span class=\"aioseo-breadcrumb-separator\">\u00bb<\/span><span class=\"aioseo-breadcrumb\">\n\t\t\tMilli Q\u0259hr\u0259man \u015e\u00fck\u00fcr H\u0259midovun an\u0131m m\u0259rasimi ke\u00e7irilib\n\t\t<\/span><\/div>","aioseo_breadcrumb_json":[{"label":"Home","link":"https:\/\/fedai.az"},{"label":"Qaraba\u011f","link":"https:\/\/fedai.az\/?cat=4"},{"label":"Milli Q\u0259hr\u0259man \u015e\u00fck\u00fcr H\u0259midovun an\u0131m m\u0259rasimi ke\u00e7irilib","link":"https:\/\/fedai.az\/?p=91342"}],"_links":{"self":[{"href":"https:\/\/fedai.az\/index.php?rest_route=\/wp\/v2\/posts\/91342","targetHints":{"allow":["GET"]}}],"collection":[{"href":"https:\/\/fedai.az\/index.php?rest_route=\/wp\/v2\/posts"}],"about":[{"href":"https:\/\/fedai.az\/index.php?rest_route=\/wp\/v2\/types\/post"}],"author":[{"embeddable":true,"href":"https:\/\/fedai.az\/index.php?rest_route=\/wp\/v2\/users\/2"}],"replies":[{"embeddable":true,"href":"https:\/\/fedai.az\/index.php?rest_route=%2Fwp%2Fv2%2Fcomments&post=91342"}],"version-history":[{"count":1,"href":"https:\/\/fedai.az\/index.php?rest_route=\/wp\/v2\/posts\/91342\/revisions"}],"predecessor-version":[{"id":91346,"href":"https:\/\/fedai.az\/index.php?rest_route=\/wp\/v2\/posts\/91342\/revisions\/91346"}],"wp:attachment":[{"href":"https:\/\/fedai.az\/index.php?rest_route=%2Fwp%2Fv2%2Fmedia&parent=91342"}],"wp:term":[{"taxonomy":"category","embeddable":true,"href":"https:\/\/fedai.az\/index.php?rest_route=%2Fwp%2Fv2%2Fcategories&post=91342"},{"taxonomy":"post_tag","embeddable":true,"href":"https:\/\/fedai.az\/index.php?rest_route=%2Fwp%2Fv2%2Ftags&post=91342"}],"curies":[{"name":"wp","href":"https:\/\/api.w.org\/{rel}","templated":true}]}}