{"id":92114,"date":"2023-05-03T20:37:56","date_gmt":"2023-05-03T16:37:56","guid":{"rendered":"https:\/\/fedai.az\/?p=92114"},"modified":"2023-05-03T20:38:20","modified_gmt":"2023-05-03T16:38:20","slug":"ilham-%c9%99liyev-s%c9%99firliyimiz%c9%99-hucum-diplomatlarimizi-v%c9%99-onlarin-ail%c9%99-uzvl%c9%99rini-q%c9%99tl%c9%99-yetirm%c9%99k-m%c9%99qs%c9%99dil%c9%99-q%c9%99sd%c9%99n-t%c9%99skil-ol","status":"publish","type":"post","link":"https:\/\/fedai.az\/?p=92114","title":{"rendered":"\u0130lham \u018fliyev:\u00a0&#171;S\u0259firliyimiz\u0259 h\u00fccum diplomatlar\u0131m\u0131z\u0131 v\u0259 onlar\u0131n ail\u0259 \u00fczvl\u0259rini q\u0259tl\u0259 yetirm\u0259k m\u0259qs\u0259dil\u0259 q\u0259sd\u0259n t\u0259\u015fkil olunmu\u015f terror akt\u0131 idi&#187;"},"content":{"rendered":"\n<p><strong>S\u0259firliyimiz\u0259 h\u00fccum diplomatlar\u0131m\u0131z\u0131 v\u0259 onlar\u0131n ail\u0259 \u00fczvl\u0259rini q\u0259tl\u0259 yetirm\u0259k m\u0259qs\u0259dil\u0259 q\u0259sd\u0259n t\u0259\u015fkil olunmu\u015f terror akt\u0131 idi. \u00c7\u00fcnki h\u0259min binada n\u0259inki bizim s\u0259firliyimiz, o c\u00fcml\u0259d\u0259n ail\u0259l\u0259rin ya\u015fad\u0131\u011f\u0131 m\u0259nzill\u0259r d\u0259 yerl\u0259\u015fir. Bir s\u0131ra \u00f6lk\u0259l\u0259rd\u0259 bizim t\u0259hl\u00fck\u0259sizlik \u0259m\u0259kda\u015flar\u0131m\u0131z var, lakin yaln\u0131z \u0130randa onlara silah g\u0259zdirm\u0259y\u0259 icaz\u0259 vermirl\u0259r.<\/strong><\/p>\n\n\n\n<p><strong>Fedai.az<\/strong>\u00a0x\u0259b\u0259r verir ki, bu fikri Az\u0259rbaycan Prezidenti \u0130lham \u018fliyev may\u0131n 3-d\u0259 ADA Universitetinin t\u0259\u015fkilat\u00e7\u0131l\u0131\u011f\u0131 il\u0259 \u015eu\u015fada ke\u00e7iril\u0259n \u00dcmummilli Lider Heyd\u0259r \u018fliyevin 100 illik yubileyin\u0259 h\u0259sr olunmu\u015f \u201cB\u00f6y\u00fck Avrasiya geosiyas\u0259tinin formala\u015fmas\u0131: ke\u00e7mi\u015fd\u0259n bu g\u00fcn\u0259 v\u0259 g\u0259l\u0259c\u0259y\u0259\u201d m\u00f6vzusunda d\u00f6rd\u00fcnc\u00fc beyn\u0259lxalq konfransda \u00e7\u0131x\u0131\u015f\u0131nda deyib.<\/p>\n\n\n\n<p>H\u0259min \u015f\u0259xsin s\u0259firliy\u0259 daxil oldu\u011fu zaman t\u0259hl\u00fck\u0259sizlik \u0259m\u0259kda\u015flar\u0131m\u0131z\u0131n silahs\u0131z olduqlar\u0131n\u0131 vur\u011fulayan d\u00f6vl\u0259timizin ba\u015f\u00e7\u0131s\u0131 bildirib: \u201cOnun \u0259lind\u0259 \u201cKala\u015fnikov\u201d avtomat\u0131 var idi. O, gir\u0259n kimi at\u0259\u015f a\u00e7d\u0131, birini q\u0259tl\u0259 yetirdi, dig\u0259rl\u0259rini yaralad\u0131. Yaln\u0131z bir c\u0259sur \u0259m\u0259kda\u015f \u0259liyal\u0131n olaraq, onu silahs\u0131zla\u015fd\u0131rd\u0131 v\u0259 s\u0131x\u0131b \u00e7\u00f6l\u0259 \u00e7\u0131xara bildi. Sonra 40 d\u0259qiq\u0259 \u0259rzind\u0259 n\u0259 polis, n\u0259 t\u0259hl\u00fck\u0259sizlik \u0259m\u0259kda\u015f\u0131, he\u00e7 k\u0259s g\u00f6rs\u0259nm\u0259di. O, yenid\u0259n soxulma\u011fa c\u0259hd etdi. \u201cKala\u015fnikov\u201d avtomat\u0131ndan at\u0259\u015f a\u00e7\u0131rd\u0131, g\u0259tirdiyi \u00e7\u0259kicd\u0259n istifad\u0259 edirdi. Daha sonra \u201cMolotov kokteyli\u201d d\u0259 g\u0259tirmi\u015fdi. Qap\u0131n\u0131 \u00e7\u0259kicl\u0259 s\u0131nd\u0131raraq i\u00e7\u0259ri daxil oldu v\u0259 h\u0259min yaral\u0131 \u0259m\u0259kda\u015f yenid\u0259n onu s\u0131xaraq \u00e7\u00f6l\u0259 \u00e7\u0131xara bildi. Sonra h\u0259min \u015f\u0259xs polis\u0259 yax\u0131nla\u015f\u0131r. \u00c7\u00f6ld\u0259 d\u0259 kameram\u0131z var. O, istifad\u0259 etdiyi \u201cKala\u015fnikov\u201d avtomat\u0131n\u0131 v\u0259 \u201cMolotov kokteyli\u201dni verir. Bunun \u0259vv\u0259lc\u0259d\u0259n t\u0259\u015fkil olunmad\u0131\u011f\u0131 il\u0259 ba\u011fl\u0131 \u015f\u00fcbh\u0259 qal\u0131rm\u0131?\u201d.<\/p>\n","protected":false},"excerpt":{"rendered":"<p>S\u0259firliyimiz\u0259 h\u00fccum diplomatlar\u0131m\u0131z\u0131 v\u0259 onlar\u0131n ail\u0259 \u00fczvl\u0259rini q\u0259tl\u0259 yetirm\u0259k m\u0259qs\u0259dil\u0259 q\u0259sd\u0259n t\u0259\u015fkil olunmu\u015f terror akt\u0131 idi. \u00c7\u00fcnki h\u0259min binada n\u0259inki bizim s\u0259firliyimiz, o c\u00fcml\u0259d\u0259n<\/p>\n","protected":false},"author":2,"featured_media":0,"comment_status":"closed","ping_status":"closed","sticky":false,"template":"","format":"standard","meta":{"footnotes":""},"categories":[1],"tags":[],"class_list":["post-92114","post","type-post","status-publish","format-standard","hentry","category-siyast"],"aioseo_notices":[],"_links":{"self":[{"href":"https:\/\/fedai.az\/index.php?rest_route=\/wp\/v2\/posts\/92114","targetHints":{"allow":["GET"]}}],"collection":[{"href":"https:\/\/fedai.az\/index.php?rest_route=\/wp\/v2\/posts"}],"about":[{"href":"https:\/\/fedai.az\/index.php?rest_route=\/wp\/v2\/types\/post"}],"author":[{"embeddable":true,"href":"https:\/\/fedai.az\/index.php?rest_route=\/wp\/v2\/users\/2"}],"replies":[{"embeddable":true,"href":"https:\/\/fedai.az\/index.php?rest_route=%2Fwp%2Fv2%2Fcomments&post=92114"}],"version-history":[{"count":1,"href":"https:\/\/fedai.az\/index.php?rest_route=\/wp\/v2\/posts\/92114\/revisions"}],"predecessor-version":[{"id":92118,"href":"https:\/\/fedai.az\/index.php?rest_route=\/wp\/v2\/posts\/92114\/revisions\/92118"}],"wp:attachment":[{"href":"https:\/\/fedai.az\/index.php?rest_route=%2Fwp%2Fv2%2Fmedia&parent=92114"}],"wp:term":[{"taxonomy":"category","embeddable":true,"href":"https:\/\/fedai.az\/index.php?rest_route=%2Fwp%2Fv2%2Fcategories&post=92114"},{"taxonomy":"post_tag","embeddable":true,"href":"https:\/\/fedai.az\/index.php?rest_route=%2Fwp%2Fv2%2Ftags&post=92114"}],"curies":[{"name":"wp","href":"https:\/\/api.w.org\/{rel}","templated":true}]}}