{"id":92119,"date":"2023-05-03T21:51:19","date_gmt":"2023-05-03T17:51:19","guid":{"rendered":"https:\/\/fedai.az\/?p=92119"},"modified":"2023-05-03T21:51:41","modified_gmt":"2023-05-03T17:51:41","slug":"b%c9%99dn%c9%99z%c9%99r","status":"publish","type":"post","link":"https:\/\/fedai.az\/?p=92119","title":{"rendered":"B\u0259dn\u0259z\u0259r"},"content":{"rendered":"\n<p><\/p>\n\n\n\n<p><strong>\u00d6m\u0259r Faiq Nem\u0259nzad\u0259<\/strong><\/p>\n\n\n\n<p><\/p>\n\n\n\n<p>Molla day\u0131!<\/p>\n\n\n\n<p>S\u0259nin t\u0259z\u0259d\u0259n z\u00fchurun biz f\u0259qirl\u0259ri xeyli xo\u015fnud v\u0259 xo\u015fhal el\u0259di! Amand\u0131, Molla day\u0131, bundan sonra el\u0259 dolan ki, qar\u011f\u0131\u015f v\u0259 b\u0259d dua sahibi olma, \u00f6z\u00fcn\u0259 d\u0259 yaz\u0131\u011f\u0131n g\u0259lsin v\u0259 biz\u0259 d\u0259. D\u00fcn\u0259n yuxar\u0131ba\u015fl\u0131 falabaxan Zeyn\u0259b\u0259 baxd\u0131rd\u0131m. Zeyn\u0259b bac\u0131 dedi ki, bu saat Molla day\u0131ya yaz ki, evinin qap\u0131s\u0131n\u0131n qaba\u011f\u0131nda bir k\u00f6hn\u0259 at nal\u0131 basd\u0131rs\u0131n v\u0259 boynundan bir d\u0259v\u0259 g\u00f6z\u00fc muncu\u011fu ass\u0131n ki, ona b\u0259dn\u0259z\u0259r kar el\u0259m\u0259sin. B\u0259dn\u0259z\u0259r yalan deyil, b\u0259dn\u0259z\u0259r y\u0131xmayan evl\u0259r min il tikili qal\u0131b.<\/p>\n\n\n\n<p>Bir d\u0259 Zeyn\u0259b bac\u0131 buyurdu ki, Molla day\u0131 t\u00f6vb\u0259 el\u0259sin pirl\u0259r\u0259 \u015f\u0259kk g\u0259tirm\u0259sin, Babaratma pirin\u0259 bir k\u00f6k qoyun g\u00f6nd\u0259rsin. \u018fg\u0259r Babaratmaya \u0259li \u00e7atmasa tezlikl\u0259 getsin K\u00fcrd\u0259mird\u0259ki \u015eeyx qurban oldu\u011fumun h\u00fczuruna ki, b\u0259lk\u0259 o Mollan\u0131n g\u00fcnah\u0131ndan ke\u00e7\u0259.<\/p>\n\n\n\n<p>S\u0259n olasan s\u0259ni yaradan tanr\u0131, s\u0259n bu qoca D\u0259rdm\u0259ndin s\u00f6z\u00fcn yer\u0259 salma, bunlara \u0259m\u0259l el\u0259.<\/p>\n\n\n\n<p><strong><em>D\u0259rdm\u0259nd<\/em><\/strong><strong><\/strong><\/p>\n\n\n\n<p><em>\u201cMolla N\u0259sr\u0259ddin\u201d, 24 iyul 1907, \u2116 27<\/em><\/p>\n","protected":false},"excerpt":{"rendered":"<p>\u00d6m\u0259r Faiq Nem\u0259nzad\u0259 Molla day\u0131! S\u0259nin t\u0259z\u0259d\u0259n z\u00fchurun biz f\u0259qirl\u0259ri xeyli xo\u015fnud v\u0259 xo\u015fhal el\u0259di! Amand\u0131, Molla day\u0131, bundan sonra el\u0259 dolan ki, qar\u011f\u0131\u015f<\/p>\n","protected":false},"author":2,"featured_media":0,"comment_status":"closed","ping_status":"closed","sticky":false,"template":"","format":"standard","meta":{"footnotes":""},"categories":[18],"tags":[],"class_list":["post-92119","post","type-post","status-publish","format-standard","hentry","category-dbi-dusunclr"],"aioseo_notices":[],"_links":{"self":[{"href":"https:\/\/fedai.az\/index.php?rest_route=\/wp\/v2\/posts\/92119","targetHints":{"allow":["GET"]}}],"collection":[{"href":"https:\/\/fedai.az\/index.php?rest_route=\/wp\/v2\/posts"}],"about":[{"href":"https:\/\/fedai.az\/index.php?rest_route=\/wp\/v2\/types\/post"}],"author":[{"embeddable":true,"href":"https:\/\/fedai.az\/index.php?rest_route=\/wp\/v2\/users\/2"}],"replies":[{"embeddable":true,"href":"https:\/\/fedai.az\/index.php?rest_route=%2Fwp%2Fv2%2Fcomments&post=92119"}],"version-history":[{"count":1,"href":"https:\/\/fedai.az\/index.php?rest_route=\/wp\/v2\/posts\/92119\/revisions"}],"predecessor-version":[{"id":92121,"href":"https:\/\/fedai.az\/index.php?rest_route=\/wp\/v2\/posts\/92119\/revisions\/92121"}],"wp:attachment":[{"href":"https:\/\/fedai.az\/index.php?rest_route=%2Fwp%2Fv2%2Fmedia&parent=92119"}],"wp:term":[{"taxonomy":"category","embeddable":true,"href":"https:\/\/fedai.az\/index.php?rest_route=%2Fwp%2Fv2%2Fcategories&post=92119"},{"taxonomy":"post_tag","embeddable":true,"href":"https:\/\/fedai.az\/index.php?rest_route=%2Fwp%2Fv2%2Ftags&post=92119"}],"curies":[{"name":"wp","href":"https:\/\/api.w.org\/{rel}","templated":true}]}}