{"id":92686,"date":"2023-05-27T23:20:39","date_gmt":"2023-05-27T19:20:39","guid":{"rendered":"https:\/\/fedai.az\/?p=92686"},"modified":"2023-05-28T18:34:40","modified_gmt":"2023-05-28T14:34:40","slug":"v%c9%99t%c9%99np%c9%99rv%c9%99r-sair%c9%99mizi-t%c9%99brik-edirik","status":"publish","type":"post","link":"https:\/\/fedai.az\/?p=92686","title":{"rendered":"V\u0259t\u0259np\u0259rv\u0259r \u015fair\u0259mizi t\u0259brik edirik"},"content":{"rendered":"\n<p><strong>Az\u0259rbaycan V\u0259t\u0259n M\u00fcharib\u0259si Veteranlar\u0131 \u0130ctimai Birliyinin (AVMV\u0130B) s\u0259dri F\u00fczuli Rzaquliyev&nbsp;<\/strong> <strong>ba\u015fda olmaqla veteranlar N\u0259sib\u0259 xan\u0131m \u0130srafilq\u0131z\u0131n\u0131 t\u0259brik edir v\u0259 yeni yarad\u0131c\u0131l\u0131q u\u011furlar\u0131 arzulay\u0131rlar.<\/strong><\/p>\n\n\n\n<p>25 may 2023-c\u00fc il tarixind\u0259 Ail\u0259, Qad\u0131n v\u0259 U\u015faq Probleml\u0259ri \u00fczr\u0259 D\u00f6vl\u0259t Komit\u0259sind\u0259 Az\u0259rbaycan Respublikas\u0131n\u0131n ictimai h\u0259yat\u0131nda s\u0259m\u0259r\u0259li f\u0259aliyy\u0259tin\u0259 g\u00f6r\u0259 8 Mart &#8212; Beyn\u0259lxalq Qad\u0131nlar G\u00fcn\u00fc m\u00fcnasib\u0259til\u0259 \u00f6lk\u0259 ba\u015f\u00e7\u0131s\u0131 c\u0259nab \u0130lham \u018fliyevin S\u0259r\u0259ncam\u0131na \u0259sas\u0259n \u201cT\u0259r\u0259qqi\u201d medal\u0131 il\u0259 t\u0259ltif edil\u0259n qad\u0131nlara medallar\u0131 t\u0259qdim olunub. Medallar\u0131 xan\u0131mlara komit\u0259&nbsp;s\u0259dri Bahar Muradova \u015f\u0259xs\u0259n \u00f6z\u00fc t\u0259qdim edib. &#171;T\u0259r\u0259qqi&#187; medal\u0131na layiq g\u00f6r\u00fcl\u0259n xan\u0131mlardan biri d\u0259 v\u0259t\u0259np\u0259rv\u0259r \u015fair\u0259, AYB-nin v\u0259 AJB-nin, D\u00fcnya Az\u0259rbaycanl\u0131 Yazarlar Qurumunun \u00fczvi, &#171;Q\u0131z\u0131l q\u0259l\u0259m&#187; media m\u00fckafat\u0131 laureati, BMT Yan\u0131nda \u00dcmumd\u00fcnya S\u00fclh Federasiyas\u0131n\u0131n &#171;S\u00fclh s\u0259firi&#187; m\u00fckafat\u00e7\u0131s\u0131, &#171;M\u0259mmd Araz&#187; Xan q\u0131z\u0131 Nat\u0259van'&#187;, &#171;Simurq 2021&#187;, &#171;B\u00f6y\u00fck Z\u0259f\u0259r&#187;, &#171;Milli Ordu &#8212; 100&#187;, &#171;B\u00f6y\u00fck V\u0259t\u0259n M\u00fcharib\u0259si &#8212; 75&#187;, &#171;AVMV\u00cdB -25 xatir\u0259 medallar\u0131n\u0131n m\u00fckafat\u00e7\u0131s\u0131, AVMV\u00cdB s\u0259drinin ideoloji i\u015fl\u0259r \u00fczr\u0259 m\u00fc\u015faviri, 15 kitab\u0131n, 50-a yax\u0131n mahn\u0131n\u0131n m\u00fc\u0259llifi N\u0259sib xan\u0131m \u0130srafilq\u0131z\u0131d\u0131r.<br>Yarad\u0131c\u0131l\u0131\u011f\u0131n\u0131n mayas\u0131 v\u0259t\u0259nd\u0259n, v\u0259t\u0259np\u0259rv\u0259rlikd\u0259n ibar\u0259t olan N\u0259sib\u0259 xan\u0131m\u0131n 44 g\u00fcnl\u00fck V\u0259t\u0259n M\u00fcharib\u0259sin\u0259 h\u0259sr etdiyi &#171;44 n\u0259\u011fm\u0259 44 r\u0259y&#187; adl\u0131 \u0259n son \u00e7\u0131xan kitab\u0131 buna bariz n\u00fcmun\u0259dir. Kitab ictimaiyy\u0259t t\u0259r\u0259find\u0259n y\u00fcks\u0259k m\u0259mnunluq hissi il\u0259 qar\u015f\u0131lanm\u0131\u015f v\u0259 d\u00f6vl\u0259timiz t\u0259r\u0259find\u0259n layiqli qiym\u0259tini alm\u0131\u015fd\u0131r. Onu da qeyd ed\u0259k ki, \u015fair\u0259nin V\u0259t\u0259nl\u0259 ba\u011fl\u0131 m\u00f6vzular\u0131n\u0131n bu q\u0259d\u0259r i\u00e7d\u0259n yaz\u0131lmas\u0131 t\u0259sad\u00fcfi deyil. N\u0259sib\u0259 xan\u0131m h\u0259m qa\u00e7q\u0131nl\u0131q, h\u0259m d\u0259 k\u00f6\u00e7k\u00fcnl\u00fck taleyi ya\u015fayan yegan\u0259 \u015fair\u0259dir. N\u0259sib\u0259 xan\u0131m\u0131n \u00fcr\u0259yi v\u0259t\u0259niyl\u0259 d\u00f6y\u00fcn\u0259n, q\u0259l\u0259mi ilham\u0131n\u0131 Az\u0259rbaycan\u0131n \u0259v\u0259zolunmaz g\u00f6z\u0259llikl\u0259rind\u0259n alan bir insand\u0131r. O,\u015feirl\u0259rini s\u0259sl\u0259ndir\u0259rk\u0259n insan\u0131n \u00fcr\u0259yi riqq\u0259t\u0259 g\u0259lir. Az\u0259rbaycana olan sonsuz sevgisini q\u0259l\u0259mind\u0259n s\u00fcz\u00fcl\u0259n h\u0259rfl\u0259rin ah\u0259ngiyl\u0259 beyinl\u0259r\u0259 \u00f6t\u00fcr\u00fcr.<br>&#171;T\u0259r\u0259qqi&#187;medal\u0131na layiq g\u00f6r\u00fcl\u0259n v\u0259t\u0259np\u0259rv\u0259r \u015fair\u0259ni biz d\u0259 s\u0259mimi q\u0259lbd\u0259n t\u0259brik edir, ona v\u0259t\u0259n namin\u0259 tutdu\u011fu bu \u015f\u0259r\u0259fli yolda u\u011furlar, bol-bol nailiyy\u0259tl\u0259r arzu edirik. V\u0259 ona t\u0259brikimi bir \u015feirl\u0259 yekunla\u015fd\u0131rmaq ist\u0259yir\u0259m.<\/p>\n\n\n\n<p>N\u0259sib\u0259\u2026<\/p>\n\n\n\n<p>Ey v\u0259t\u0259n qoxulu da\u011f b\u0259n\u00f6v\u015f\u0259si,<br>Ey insano\u011flunun c\u0259nn\u0259t gu\u015f\u0259si,<br>Q\u0259hr\u0259man yurdumun ucalan s\u0259si,<br>Bu d\u00fcnya durduqca, vard\u0131r N\u0259sib\u0259..<\/p>\n\n\n\n<p>Nurlu simas\u0131ndan G\u00fcn\u0259\u015f utanar,<br>Q\u0259l\u0259mi q\u0131l\u0131ncd\u0131r, \u00e7ox canlar alar<br>Q\u0259lbi v\u0259t\u0259n il\u0259 al\u0131\u015f\u0131b, yanar<br>Anad\u0131r, bac\u0131d\u0131r, yard\u0131r N\u0259sib\u0259.<\/p>\n\n\n\n<p>\u018fyilm\u0259z vicdan\u0131 sonsuz \u00fcmmand\u0131r,<br>H\u0259r s\u00f6z\u00fc, s\u00f6hb\u0259ti bir asimand\u0131r.<br>Q\u0131r\u0131lmaz q\u00fcruru polad qalxand\u0131r,<br>X\u0259zan k\u00f6n\u00fcll\u0259rd\u0259 bard\u0131r N\u0259sib\u0259..<\/p>\n\n\n\n<p>M\u0259zluma do\u011fmad\u0131r, haqdan yanad\u0131r,<br>D\u00fc\u015fm\u0259ni k\u0259lm\u0259yl\u0259, s\u00f6zl\u0259 qanad\u0131r,<br>O, Sara Xatundur, Tomris Anad\u0131r,<br>Yay g\u00fcn\u00fc x\u0259st\u0259y\u0259 qard\u0131r N\u0259sib\u0259..<\/p>\n\n\n\n<p>Q\u0259l\u0259mi ilham\u0131n v\u0259t\u0259nd\u0259n al\u0131r,<br>\u015eu\u015fan\u0131n qoynunda m\u0259sk\u0259nin sal\u0131r,<br>N\u0259\u011fm\u0259yl\u0259,\u015feirl\u0259 yadda\u015fda qal\u0131r,<br>Kamand\u0131r,t\u00fct\u0259kdir,tard\u0131r N\u0259sib\u0259..<br>D\u00fcnya ya\u015fad\u0131qca, vard\u0131r N\u0259sib\u0259..<br><br><strong>\u00c7inar\u0259 Seyran<\/strong><\/p>\n\n\n\n<p><\/p>\n\n\n\n<figure class=\"wp-block-image size-large\"><img decoding=\"async\" src=\"https:\/\/fedai.az\/wp-content\/uploads\/2023\/05\/WhatsApp-Image-2023-05-27-at-21.25.03-1024x682.jpeg\" alt=\"\" class=\"wp-image-92688\"\/><\/figure>\n\n\n\n<figure class=\"wp-block-image size-large\"><img loading=\"lazy\" decoding=\"async\" width=\"1024\" height=\"682\" src=\"https:\/\/fedai.az\/wp-content\/uploads\/2023\/05\/WhatsApp-Image-2023-05-27-at-21.25.08-1024x682.jpeg\" alt=\"\" class=\"wp-image-92689\" srcset=\"https:\/\/fedai.az\/wp-content\/uploads\/2023\/05\/WhatsApp-Image-2023-05-27-at-21.25.08-1024x682.jpeg 1024w, https:\/\/fedai.az\/wp-content\/uploads\/2023\/05\/WhatsApp-Image-2023-05-27-at-21.25.08-300x200.jpeg 300w, https:\/\/fedai.az\/wp-content\/uploads\/2023\/05\/WhatsApp-Image-2023-05-27-at-21.25.08-150x100.jpeg 150w, https:\/\/fedai.az\/wp-content\/uploads\/2023\/05\/WhatsApp-Image-2023-05-27-at-21.25.08-768x512.jpeg 768w, https:\/\/fedai.az\/wp-content\/uploads\/2023\/05\/WhatsApp-Image-2023-05-27-at-21.25.08-1536x1023.jpeg 1536w, https:\/\/fedai.az\/wp-content\/uploads\/2023\/05\/WhatsApp-Image-2023-05-27-at-21.25.08.jpeg 1600w\" sizes=\"auto, (max-width: 1024px) 100vw, 1024px\" \/><\/figure>\n\n\n\n<figure class=\"wp-block-image size-large\"><img decoding=\"async\" src=\"https:\/\/fedai.az\/wp-content\/uploads\/2023\/05\/WhatsApp-Image-2023-05-27-at-21.25.06-842x1024.jpeg\" alt=\"\" class=\"wp-image-92687\"\/><\/figure>\n\n\n\n<figure class=\"wp-block-image size-large is-resized\"><img loading=\"lazy\" decoding=\"async\" src=\"https:\/\/fedai.az\/wp-content\/uploads\/2023\/05\/image-193-1024x751.png\" alt=\"\" class=\"wp-image-92716\" width=\"901\" height=\"661\" srcset=\"https:\/\/fedai.az\/wp-content\/uploads\/2023\/05\/image-193-1024x751.png 1024w, https:\/\/fedai.az\/wp-content\/uploads\/2023\/05\/image-193-300x220.png 300w, https:\/\/fedai.az\/wp-content\/uploads\/2023\/05\/image-193-150x110.png 150w, https:\/\/fedai.az\/wp-content\/uploads\/2023\/05\/image-193-768x563.png 768w, https:\/\/fedai.az\/wp-content\/uploads\/2023\/05\/image-193.png 1080w\" sizes=\"auto, (max-width: 901px) 100vw, 901px\" \/><\/figure>\n","protected":false},"excerpt":{"rendered":"<p>Az\u0259rbaycan V\u0259t\u0259n M\u00fcharib\u0259si Veteranlar\u0131 \u0130ctimai Birliyinin (AVMV\u0130B) s\u0259dri F\u00fczuli Rzaquliyev&nbsp; ba\u015fda olmaqla veteranlar N\u0259sib\u0259 xan\u0131m \u0130srafilq\u0131z\u0131n\u0131 t\u0259brik edir v\u0259 yeni yarad\u0131c\u0131l\u0131q u\u011furlar\u0131 arzulay\u0131rlar. 25<\/p>\n","protected":false},"author":2,"featured_media":92714,"comment_status":"closed","ping_status":"closed","sticky":false,"template":"","format":"standard","meta":{"footnotes":""},"categories":[18],"tags":[],"class_list":["post-92686","post","type-post","status-publish","format-standard","has-post-thumbnail","hentry","category-dbi-dusunclr"],"aioseo_notices":[],"_links":{"self":[{"href":"https:\/\/fedai.az\/index.php?rest_route=\/wp\/v2\/posts\/92686","targetHints":{"allow":["GET"]}}],"collection":[{"href":"https:\/\/fedai.az\/index.php?rest_route=\/wp\/v2\/posts"}],"about":[{"href":"https:\/\/fedai.az\/index.php?rest_route=\/wp\/v2\/types\/post"}],"author":[{"embeddable":true,"href":"https:\/\/fedai.az\/index.php?rest_route=\/wp\/v2\/users\/2"}],"replies":[{"embeddable":true,"href":"https:\/\/fedai.az\/index.php?rest_route=%2Fwp%2Fv2%2Fcomments&post=92686"}],"version-history":[{"count":7,"href":"https:\/\/fedai.az\/index.php?rest_route=\/wp\/v2\/posts\/92686\/revisions"}],"predecessor-version":[{"id":92718,"href":"https:\/\/fedai.az\/index.php?rest_route=\/wp\/v2\/posts\/92686\/revisions\/92718"}],"wp:featuredmedia":[{"embeddable":true,"href":"https:\/\/fedai.az\/index.php?rest_route=\/wp\/v2\/media\/92714"}],"wp:attachment":[{"href":"https:\/\/fedai.az\/index.php?rest_route=%2Fwp%2Fv2%2Fmedia&parent=92686"}],"wp:term":[{"taxonomy":"category","embeddable":true,"href":"https:\/\/fedai.az\/index.php?rest_route=%2Fwp%2Fv2%2Fcategories&post=92686"},{"taxonomy":"post_tag","embeddable":true,"href":"https:\/\/fedai.az\/index.php?rest_route=%2Fwp%2Fv2%2Ftags&post=92686"}],"curies":[{"name":"wp","href":"https:\/\/api.w.org\/{rel}","templated":true}]}}