{"id":94322,"date":"2025-08-07T08:25:00","date_gmt":"2025-08-07T04:25:00","guid":{"rendered":"https:\/\/fedai.az\/?p=94322"},"modified":"2025-08-07T09:31:04","modified_gmt":"2025-08-07T05:31:04","slug":"t%c9%99brikyasar-suleymanov-65","status":"publish","type":"post","link":"https:\/\/fedai.az\/?p=94322","title":{"rendered":"T\u018fBR\u0130K: YA\u015eAR SULEYMANOV &#8212; 67"},"content":{"rendered":"\n<p>\u0130nsan \u00fc\u00e7\u00fcn \u0259n yadda qalan tarixl\u0259rd\u0259n biri onun do\u011fum g\u00fcn\u00fcd\u00fcr.&nbsp; Bel\u0259 insanlardan biri d\u0259 y\u00fcks\u0259k pe\u015f\u0259karl\u0131\u011f\u0131 v\u0259 humanistliyi, sad\u0259liyi v\u0259 s\u0259mimiyy\u0259ti, d\u0259qiqliyi v\u0259 t\u0259mkinliyi, i\u015fg\u00fczarl\u0131\u011f\u0131 v\u0259 m\u0259n\u0259vi keyfiyy\u0259ti, v\u0259t\u0259np\u0259rv\u0259rliyi v\u0259 t\u0259c\u00f6vzkarl\u0131\u011f\u0131 il\u0259 se\u00e7il\u0259n Az\u0259rbaycan V\u0259t\u0259n M\u00fcharib\u0259si Veteranlar\u0131 \u0130ctimai Birliyinin &nbsp;h\u00fcquq \u015f\u00f6b\u0259sinin m\u00fcdiri &nbsp; m\u00fcharib\u0259 &nbsp;veteran\u0131&nbsp; Suleymanov Ya\u015far \u0130dris&nbsp; o\u011fludur. Avqust ay\u0131n\u0131n 7 &#8212; d\u0259 onun&nbsp; 67 &#8212; ya\u015f\u0131 tamam olur.<\/p>\n\n\n\n<p>Daimi h\u0259yat\u0131n b\u00fct\u00fcn imtahanlar\u0131ndan aln\u0131a\u00e7\u0131q v\u0259 \u00fcz\u00fca\u011f \u00e7\u0131xan M\u00fcharib\u0259 Veteran\u0131 Suleymanov Ya\u015far \u0130dris o\u011flunu do\u011fum g\u00fcn\u00fc m\u00fcnasib\u0259til\u0259&nbsp; Az\u0259rbaycan V\u0259t\u0259n M\u00fcharib\u0259si Veteranlar\u0131 \u0130ctimai Birliyinin (AVMV\u0130B) r\u0259hb\u0259rliyi, Fedai.az v\u0259 Veteran.az kollektivi, do\u011fmalar\u0131, dostlar\u0131, i\u015f v\u0259 d\u00f6y\u00fc\u015fc\u00fc yolda\u015flar\u0131 s\u0259mimi q\u0259lbd\u0259n t\u0259brik edir, s\u0259b\u0259bkara h\u0259yatda insan \u00fc\u00e7\u00fcn \u0259n \u015firin nem\u0259t olan m\u00f6hk\u0259m cansa\u011fl\u0131\u011f\u0131 v\u0259 h\u0259yat yollar\u0131nda bitib &#8212; t\u00fck\u0259nm\u0259y\u0259n naliyy\u0259tl\u0259r arzu edib deyirl\u0259r,Ya\u015far m\u00fc\u0259llim qoy ya\u015f\u0131n\u0131n \u00fcst\u0259 g\u0259l\u0259n bu ya\u015f s\u0259n\u0259 sevinc dolu ill\u0259r b\u0259x\u015f etsin v\u0259 h\u0259r yeni g\u00fcn\u00fcn is\u0259 &nbsp;s\u0259ni ist\u0259kl\u0259rin\u0259 qovu\u015fduraraq daha da xo\u015fb\u0259xt etsin.<\/p>\n\n\n\n<p><strong>AVMV\u0130B-in M\u0259tbuat xidm\u0259ti<\/strong><\/p>\n\n\n\n<figure class=\"wp-block-image size-full is-resized\"><img loading=\"lazy\" decoding=\"async\" width=\"708\" height=\"751\" src=\"https:\/\/fedai.az\/wp-content\/uploads\/2023\/08\/image-35.png\" alt=\"\" class=\"wp-image-94324\" style=\"width:618px;height:656px\" srcset=\"https:\/\/fedai.az\/wp-content\/uploads\/2023\/08\/image-35.png 708w, https:\/\/fedai.az\/wp-content\/uploads\/2023\/08\/image-35-283x300.png 283w, https:\/\/fedai.az\/wp-content\/uploads\/2023\/08\/image-35-141x150.png 141w\" sizes=\"auto, (max-width: 708px) 100vw, 708px\" \/><\/figure>\n\n\n\n<figure class=\"wp-block-image size-full\"><img decoding=\"async\" src=\"https:\/\/fedai.az\/wp-content\/uploads\/2023\/08\/image-41.png\" alt=\"\" class=\"wp-image-94330\"\/><\/figure>\n\n\n\n<p><\/p>\n\n\n\n<figure class=\"wp-block-image size-large is-resized\"><img decoding=\"async\" src=\"https:\/\/fedai.az\/wp-content\/uploads\/2023\/08\/image-40-1024x768.png\" alt=\"\" class=\"wp-image-94329\" style=\"width:832px;height:624px\"\/><\/figure>\n\n\n\n<figure class=\"wp-block-image size-large is-resized\"><img decoding=\"async\" src=\"https:\/\/fedai.az\/wp-content\/uploads\/2023\/08\/image-37-1024x768.png\" alt=\"\" class=\"wp-image-94326\" style=\"width:742px;height:557px\"\/><\/figure>\n\n\n\n<p><\/p>\n\n\n\n<figure class=\"wp-block-image size-large is-resized\"><img decoding=\"async\" src=\"https:\/\/fedai.az\/wp-content\/uploads\/2023\/08\/image-39-934x1024.png\" alt=\"\" class=\"wp-image-94328\" style=\"width:726px;height:796px\"\/><\/figure>\n\n\n\n<figure class=\"wp-block-image size-full\"><img decoding=\"async\" src=\"https:\/\/fedai.az\/wp-content\/uploads\/2023\/08\/image-42.png\" alt=\"\" class=\"wp-image-94331\"\/><\/figure>\n\n\n\n<figure class=\"wp-block-image size-large is-resized\"><img decoding=\"async\" src=\"https:\/\/fedai.az\/wp-content\/uploads\/2023\/08\/image-43-1024x785.png\" alt=\"\" class=\"wp-image-94332\" style=\"width:771px;height:591px\"\/><\/figure>\n","protected":false},"excerpt":{"rendered":"<p>\u0130nsan \u00fc\u00e7\u00fcn \u0259n yadda qalan tarixl\u0259rd\u0259n biri onun do\u011fum g\u00fcn\u00fcd\u00fcr.&nbsp; Bel\u0259 insanlardan biri d\u0259 y\u00fcks\u0259k pe\u015f\u0259karl\u0131\u011f\u0131 v\u0259 humanistliyi, sad\u0259liyi v\u0259 s\u0259mimiyy\u0259ti, d\u0259qiqliyi v\u0259 t\u0259mkinliyi,<\/p>\n","protected":false},"author":2,"featured_media":0,"comment_status":"closed","ping_status":"closed","sticky":false,"template":"","format":"standard","meta":{"footnotes":""},"categories":[11],"tags":[],"class_list":["post-94322","post","type-post","status-publish","format-standard","hentry","category-tbrik"],"aioseo_notices":[],"_links":{"self":[{"href":"https:\/\/fedai.az\/index.php?rest_route=\/wp\/v2\/posts\/94322","targetHints":{"allow":["GET"]}}],"collection":[{"href":"https:\/\/fedai.az\/index.php?rest_route=\/wp\/v2\/posts"}],"about":[{"href":"https:\/\/fedai.az\/index.php?rest_route=\/wp\/v2\/types\/post"}],"author":[{"embeddable":true,"href":"https:\/\/fedai.az\/index.php?rest_route=\/wp\/v2\/users\/2"}],"replies":[{"embeddable":true,"href":"https:\/\/fedai.az\/index.php?rest_route=%2Fwp%2Fv2%2Fcomments&post=94322"}],"version-history":[{"count":5,"href":"https:\/\/fedai.az\/index.php?rest_route=\/wp\/v2\/posts\/94322\/revisions"}],"predecessor-version":[{"id":102480,"href":"https:\/\/fedai.az\/index.php?rest_route=\/wp\/v2\/posts\/94322\/revisions\/102480"}],"wp:attachment":[{"href":"https:\/\/fedai.az\/index.php?rest_route=%2Fwp%2Fv2%2Fmedia&parent=94322"}],"wp:term":[{"taxonomy":"category","embeddable":true,"href":"https:\/\/fedai.az\/index.php?rest_route=%2Fwp%2Fv2%2Fcategories&post=94322"},{"taxonomy":"post_tag","embeddable":true,"href":"https:\/\/fedai.az\/index.php?rest_route=%2Fwp%2Fv2%2Ftags&post=94322"}],"curies":[{"name":"wp","href":"https:\/\/api.w.org\/{rel}","templated":true}]}}