{"id":9478,"date":"2020-07-10T02:28:50","date_gmt":"2020-07-09T22:28:50","guid":{"rendered":"http:\/\/fedai.az\/?p=9478"},"modified":"2020-07-10T02:28:56","modified_gmt":"2020-07-09T22:28:56","slug":"az%c9%99rbaycanli-siyasi-m%c9%99hbus-abbas-lisaniy%c9%99-azadliq-t%c9%99l%c9%99bil%c9%99-telegram-kanali-yaradildi","status":"publish","type":"post","link":"https:\/\/fedai.az\/?p=9478","title":{"rendered":"Az\u0259rbaycanl\u0131 siyasi m\u0259hbus Abbas Lisaniy\u0259 azadl\u0131q t\u0259l\u0259bil\u0259 Telegram kanal\u0131 yarad\u0131ld\u0131"},"content":{"rendered":"\n<p><strong>GADTB-nin M\u0259tbuat M\u0259rk\u0259zin\u0259 daxil olan m\u0259lumata g\u00f6r\u0259, az\u0259rbaycanl\u0131 milli-m\u0259d\u0259ni f\u0259allar t\u0259r\u0259find\u0259n az\u0259rbaycanl\u0131 siyasi m\u0259hbus Abbas Lisaniy\u0259 azadl\u0131q t\u0259l\u0259bil\u0259 onun ad\u0131na Telegram kanal\u0131 yarad\u0131l\u0131b.<\/strong><\/p>\n\n\n\n<p>Kanal\u0131n yarad\u0131lmas\u0131ndan m\u0259qs\u0259d Abbas Lisaniy\u0259 azadl\u0131q t\u0259l\u0259bi v\u0259 onunla ba\u011fl\u0131 x\u0259b\u0259r, material, video v\u0259 \u015f\u0259rhl\u0259rin bu kanal vasit\u0259sil\u0259 yay\u0131lmas\u0131d\u0131r.<\/p>\n\n\n\n<p>Abbas Lisaninin ad\u0131na yarad\u0131lan Telegram kanal\u0131n\u0131n \u00fcnvan\u0131: @abbas_lesani_az<\/p>\n\n\n\n<p>Qeyd ed\u0259k ki, irq\u00e7i fars rejim az\u0259rbaycanl\u0131 milli-m\u0259d\u0259ni f\u0259al Abbas Lisanini \u015f\u0259rl\u0259yib v\u0259 15 il h\u0259bs, iki il s\u00fcrg\u00fcn\u0259 m\u0259hkum edib. Rejimin Ali M\u0259hk\u0259m\u0259si is\u0259 rejimin \u018frd\u0259bild\u0259 yerl\u0259\u015f\u0259n Apelyasiya M\u0259hk\u0259m\u0259sinin h\u0259min q\u0259r\u0259zli q\u0259rar\u0131n\u0131 q\u00fcvv\u0259d\u0259 saxlay\u0131b. Bu is\u0259 haql\u0131 olaraq Az\u0259rbaycan t\u00fcrkl\u0259rinin v\u0259 insan haqlar\u0131 f\u0259allar\u0131n\u0131n etiraz\u0131 il\u0259 qar\u015f\u0131la\u015fm\u0131\u015fd\u0131r.<\/p>\n","protected":false},"excerpt":{"rendered":"<p>GADTB-nin M\u0259tbuat M\u0259rk\u0259zin\u0259 daxil olan m\u0259lumata g\u00f6r\u0259, az\u0259rbaycanl\u0131 milli-m\u0259d\u0259ni f\u0259allar t\u0259r\u0259find\u0259n az\u0259rbaycanl\u0131 siyasi m\u0259hbus Abbas Lisaniy\u0259 azadl\u0131q t\u0259l\u0259bil\u0259 onun ad\u0131na Telegram kanal\u0131 yarad\u0131l\u0131b. Kanal\u0131n<\/p>\n","protected":false},"author":2,"featured_media":9479,"comment_status":"closed","ping_status":"closed","sticky":false,"template":"","format":"standard","meta":{"footnotes":""},"categories":[13],"tags":[],"class_list":["post-9478","post","type-post","status-publish","format-standard","has-post-thumbnail","hentry","category-xarici"],"aioseo_notices":[],"_links":{"self":[{"href":"https:\/\/fedai.az\/index.php?rest_route=\/wp\/v2\/posts\/9478","targetHints":{"allow":["GET"]}}],"collection":[{"href":"https:\/\/fedai.az\/index.php?rest_route=\/wp\/v2\/posts"}],"about":[{"href":"https:\/\/fedai.az\/index.php?rest_route=\/wp\/v2\/types\/post"}],"author":[{"embeddable":true,"href":"https:\/\/fedai.az\/index.php?rest_route=\/wp\/v2\/users\/2"}],"replies":[{"embeddable":true,"href":"https:\/\/fedai.az\/index.php?rest_route=%2Fwp%2Fv2%2Fcomments&post=9478"}],"version-history":[{"count":1,"href":"https:\/\/fedai.az\/index.php?rest_route=\/wp\/v2\/posts\/9478\/revisions"}],"predecessor-version":[{"id":9480,"href":"https:\/\/fedai.az\/index.php?rest_route=\/wp\/v2\/posts\/9478\/revisions\/9480"}],"wp:featuredmedia":[{"embeddable":true,"href":"https:\/\/fedai.az\/index.php?rest_route=\/wp\/v2\/media\/9479"}],"wp:attachment":[{"href":"https:\/\/fedai.az\/index.php?rest_route=%2Fwp%2Fv2%2Fmedia&parent=9478"}],"wp:term":[{"taxonomy":"category","embeddable":true,"href":"https:\/\/fedai.az\/index.php?rest_route=%2Fwp%2Fv2%2Fcategories&post=9478"},{"taxonomy":"post_tag","embeddable":true,"href":"https:\/\/fedai.az\/index.php?rest_route=%2Fwp%2Fv2%2Ftags&post=9478"}],"curies":[{"name":"wp","href":"https:\/\/api.w.org\/{rel}","templated":true}]}}