{"id":9487,"date":"2020-07-10T02:40:55","date_gmt":"2020-07-09T22:40:55","guid":{"rendered":"http:\/\/fedai.az\/?p=9487"},"modified":"2020-07-10T02:46:24","modified_gmt":"2020-07-09T22:46:24","slug":"az%c9%99rbaycan-qarabaga-genismiqyasli-hucum-ucun-hansi-siqnali-gozl%c9%99yir","status":"publish","type":"post","link":"https:\/\/fedai.az\/?p=9487","title":{"rendered":"Az\u0259rbaycan Qaraba\u011fa geni\u015fmiqyasl\u0131 h\u00fccum \u00fc\u00e7\u00fcn  hans\u0131 siqnal\u0131 g\u00f6zl\u0259yir?.."},"content":{"rendered":"\n<p>Erm\u0259nistan\u0131n \u201cTV5\u201d kanal\u0131n\u0131 \u201cOraxndir\u201d verili\u015finin efirind\u0259 politoloq Yervand Bozoyan i\u015f\u011fal\u00e7\u0131 \u00f6lk\u0259nin daxili v\u0259 xarici siyas\u0259tini t\u0259hlil edib.&nbsp;<br>Moderator.az&nbsp; x\u0259b\u0259r verir ki, erm\u0259ni saytlar\u0131n\u0131n yayd\u0131\u011f\u0131 m\u0259lumata g\u00f6r\u0259, Y.Bozoyan Avropa \u0130nsan H\u00fcquqlar\u0131 M\u0259hk\u0259m\u0259sinin Erm\u0259nistan&nbsp; Konstitusiya M\u0259hk\u0259m\u0259sinin 3 hakimi il\u0259 ba\u011fl\u0131 q\u0259rar\u0131, Qaraba\u011f m\u00fcnaqi\u015f\u0259sinin h\u0259llinin indiki m\u0259rh\u0259l\u0259si v\u0259 Erm\u0259nistan-Rusiya m\u00fcnasib\u0259tl\u0259ri bar\u0259d\u0259 dan\u0131\u015f\u0131b.&nbsp;<\/p>\n\n\n\n<p><br>Erm\u0259ni politoloq Az\u0259rbaycan\u0131n Qaraba\u011f\u0131 azad etm\u0259k \u00fc\u00e7\u00fcn n\u0259yi, hans\u0131 siqnal\u0131 g\u00f6zl\u0259m\u0259si m\u0259s\u0259l\u0259sin\u0259 d\u0259 ayd\u0131nl\u0131q g\u0259tirib. Onun fikrinc\u0259,&nbsp; r\u0259smi Bak\u0131 geni\u015fmiqyasl\u0131&nbsp; h\u0259rbi \u0259m\u0259liyyatlara ba\u015flamaq \u00fc\u00e7\u00fcn Erm\u0259nistan-Rusiya m\u00fcnasib\u0259tl\u0259rinin pozulmas\u0131 bar\u0259d\u0259 siqnal\u0131&nbsp; g\u00f6zl\u0259yir&#8230;<\/p>\n\n\n\n<p><br><strong>P.S. Y\u0259qin, d\u0259v\u0259nin quyru\u011fu yer\u0259 d\u0259y\u0259nd\u0259 Kremlin Erm\u0259nistandan \u0259l \u00e7\u0259km\u0259si haqda x\u0259b\u0259ri d\u0259 e\u015fid\u0259rik&#8230;<\/strong><\/p>\n\n\n\n<p><br><strong>Sultan La\u00e7\u0131n<\/strong><\/p>\n","protected":false},"excerpt":{"rendered":"<p>Erm\u0259nistan\u0131n \u201cTV5\u201d kanal\u0131n\u0131 \u201cOraxndir\u201d verili\u015finin efirind\u0259 politoloq Yervand Bozoyan i\u015f\u011fal\u00e7\u0131 \u00f6lk\u0259nin daxili v\u0259 xarici siyas\u0259tini t\u0259hlil edib.&nbsp;Moderator.az&nbsp; x\u0259b\u0259r verir ki, erm\u0259ni saytlar\u0131n\u0131n yayd\u0131\u011f\u0131 m\u0259lumata<\/p>\n","protected":false},"author":2,"featured_media":9489,"comment_status":"closed","ping_status":"closed","sticky":false,"template":"","format":"standard","meta":{"footnotes":""},"categories":[4],"tags":[],"class_list":["post-9487","post","type-post","status-publish","format-standard","has-post-thumbnail","hentry","category-qarabag"],"aioseo_notices":[],"_links":{"self":[{"href":"https:\/\/fedai.az\/index.php?rest_route=\/wp\/v2\/posts\/9487","targetHints":{"allow":["GET"]}}],"collection":[{"href":"https:\/\/fedai.az\/index.php?rest_route=\/wp\/v2\/posts"}],"about":[{"href":"https:\/\/fedai.az\/index.php?rest_route=\/wp\/v2\/types\/post"}],"author":[{"embeddable":true,"href":"https:\/\/fedai.az\/index.php?rest_route=\/wp\/v2\/users\/2"}],"replies":[{"embeddable":true,"href":"https:\/\/fedai.az\/index.php?rest_route=%2Fwp%2Fv2%2Fcomments&post=9487"}],"version-history":[{"count":2,"href":"https:\/\/fedai.az\/index.php?rest_route=\/wp\/v2\/posts\/9487\/revisions"}],"predecessor-version":[{"id":9490,"href":"https:\/\/fedai.az\/index.php?rest_route=\/wp\/v2\/posts\/9487\/revisions\/9490"}],"wp:featuredmedia":[{"embeddable":true,"href":"https:\/\/fedai.az\/index.php?rest_route=\/wp\/v2\/media\/9489"}],"wp:attachment":[{"href":"https:\/\/fedai.az\/index.php?rest_route=%2Fwp%2Fv2%2Fmedia&parent=9487"}],"wp:term":[{"taxonomy":"category","embeddable":true,"href":"https:\/\/fedai.az\/index.php?rest_route=%2Fwp%2Fv2%2Fcategories&post=9487"},{"taxonomy":"post_tag","embeddable":true,"href":"https:\/\/fedai.az\/index.php?rest_route=%2Fwp%2Fv2%2Ftags&post=9487"}],"curies":[{"name":"wp","href":"https:\/\/api.w.org\/{rel}","templated":true}]}}