{"id":9491,"date":"2020-07-10T02:52:51","date_gmt":"2020-07-09T22:52:51","guid":{"rendered":"http:\/\/fedai.az\/?p=9491"},"modified":"2020-07-10T02:52:57","modified_gmt":"2020-07-09T22:52:57","slug":"erm%c9%99nistan-prezidentinin-s%c9%99rh%c9%99d%c9%99-s%c9%99f%c9%99ri-v%c9%99-yeralti-axinlar","status":"publish","type":"post","link":"https:\/\/fedai.az\/?p=9491","title":{"rendered":"Erm\u0259nistan prezidentinin s\u0259rh\u0259d\u0259 s\u0259f\u0259ri v\u0259 yeralt\u0131 ax\u0131nlar"},"content":{"rendered":"\n<p><strong>\u0130yulun 4-d\u0259 Erm\u0259nistan\u0131n G\u00fcmr\u00fc \u015f\u0259h\u0259rind\u0259 yerl\u0259\u015f\u0259n v\u0259 Rusiyaya m\u0259xsus 102-ci bazada h\u0259rbi qulluq\u00e7unun meyiti a\u015fkarlan\u0131b. Bu hadis\u0259 yerli v\u0259 xarici K\u0130V-d\u0259 geni\u015f i\u015f\u0131qland\u0131r\u0131l\u0131b. T\u0259bii ki, insan \u00f6l\u00fcm\u00fc il\u0259 n\u0259tic\u0259l\u0259n\u0259n ist\u0259nil\u0259n hadis\u0259 xo\u015fag\u0259lm\u0259zdir. \u0130ndiki halda is\u0259 ba\u015f ver\u0259n hadis\u0259d\u0259n daha \u00e7ox onun \u0259traf\u0131ndak\u0131 prosesl\u0259r diqq\u0259ti c\u0259lb edir.<\/strong><\/p>\n\n\n\n<p>Bel\u0259 ki, Erm\u0259nistan prezidenti Armen Sarqsyan\u0131n \u00f6lk\u0259nin d\u00f6vl\u0259t s\u0259rh\u0259dl\u0259rin\u0259 ziyar\u0259ti&nbsp;haqq\u0131ndak\u0131 x\u0259b\u0259r n\u0259d\u0259ns\u0259 k\u00f6lg\u0259d\u0259 qald\u0131. B\u0259li, bu, bir t\u0259r\u0259fd\u0259n adi i\u015f f\u0259aliyy\u0259tidir. Lakin, ziyar\u0259tin m\u0259hz rus h\u0259rb\u00e7isinin nam\u0259lum s\u0259b\u0259bd\u0259n \u00f6lm\u0259si il\u0259 \u00fcst-\u00fcst\u0259 d\u00fc\u015fm\u0259si maraq do\u011furur.<\/p>\n\n\n\n<p>\u201cMediaPost\u201d x\u0259b\u0259r verir ki, A. Sarqsyan Erm\u0259nistan\u0131n T\u00fcrkiy\u0259 v\u0259 \u0130ranla s\u0259rh\u0259dini qoruyan Rusiya s\u0259rh\u0259d\u00e7il\u0259rinin d\u0259st\u0259l\u0259rini ziyar\u0259t edib. O deyib ki, Erm\u0259nistan v\u0259 Rusiyan\u0131n s\u0259rh\u0259dd\u0259 dal\u011falanan d\u00f6vl\u0259t bayraqlar\u0131 iki \u00f6lk\u0259nin dost m\u00fcnasib\u0259tl\u0259rinin r\u0259mzidir.<\/p>\n\n\n\n<p>Rusiya Federal T\u0259hl\u00fck\u0259sizlik Xidm\u0259tinin Erm\u0259nistan \u00fczr\u0259 s\u0259rh\u0259d xidm\u0259ti idar\u0259sinin r\u0259isi general-leytenant Roman Qolubitskiy s\u0259rh\u0259dd\u0259 v\u0259ziyy\u0259t, s\u0259rh\u0259d yax\u0131nl\u0131\u011f\u0131ndak\u0131 k\u0259ndl\u0259rin sakinl\u0259ri il\u0259 s\u0131x \u0259m\u0259kda\u015fl\u0131q haqq\u0131nda m\u0259lumat verib. \u00d6z cavab\u0131nda Erm\u0259nistan prezidenti Rusiya s\u0259rh\u0259d\u00e7il\u0259rin\u0259 xidm\u0259tl\u0259ri \u00fc\u00e7\u00fcn t\u0259\u015f\u0259kk\u00fcr\u00fcn\u00fc bildir\u0259r\u0259k iki \u00f6lk\u0259 aras\u0131nda olan etibarl\u0131\u011f\u0131 da g\u00fcnd\u0259m\u0259 g\u0259tirib.<\/p>\n\n\n\n<p>G\u00f6r\u00fcnd\u00fcy\u00fc kimi \u2013 \u201cformal\u201d ziyar\u0259t v\u0259 \u201cformal\u201d dialoq. Lakin, bununla kifay\u0259tl\u0259nm\u0259y\u0259n prezident v\u0259 onun h\u0259yat yolda\u015f\u0131 Erm\u0259nistan-T\u00fcrkiy\u0259 s\u0259rh\u0259dind\u0259 yerl\u0259\u015f\u0259n Nor \u015een (Xarkov) k\u0259ndin\u0259 gedibl\u0259r. Onlar k\u0259ndin yegan\u0259 sakini Vaxanduxt adl\u0131 ya\u015fl\u0131 qad\u0131nla g\u00f6r\u00fc\u015f\u00fcbl\u0259r. Erm\u0259nistan prezidenti erm\u0259nil\u0259rin \u201cq\u0259dim Erm\u0259nistan paytaxt\u0131\u201d say\u0131lan Ani \u015f\u0259h\u0259rinin xarabalar\u0131na s\u0259ssiz baxmaqla \u00f6z ziyar\u0259tini yekunla\u015fd\u0131r\u0131b.<br>\u018fslind\u0259, Bizans d\u00f6vr\u00fcn\u0259 aid olan Erm\u0259nistan d\u00f6vl\u0259tinin n\u0259 \u201cpaytaxt\u0131\u201d olub, n\u0259 d\u0259 \u00f6z\u00fc. Haz\u0131rda T\u00fcrkiy\u0259nin \u0259razisind\u0259 yerl\u0259\u015f\u0259n v\u0259 ad\u0131 Yenik\u0259nd olan ya\u015fay\u0131\u015f m\u0259nt\u0259q\u0259sin\u0259 ist\u0259r prezident, ist\u0259rs\u0259 d\u0259 Rusiyadan as\u0131l\u0131 olan Erm\u0259nistan\u0131n s\u0259rh\u0259d t\u0259hl\u00fck\u0259sizliyini t\u0259min ed\u0259n general ist\u0259diyi q\u0259d\u0259r baxa bil\u0259r. \u00dcst\u0259lik, bu, general\u0131n birba\u015fa v\u0259zif\u0259sidir. Nec\u0259 deyirl\u0259r, \u201ci\u015f pulda deyil, i\u015f \u201cvnimateln\u0131\u201d olmaqdad\u0131r\u201d. Lakin bu \u201cs\u0259ssiz bax\u0131\u015f\u201d erm\u0259nil\u0259rin qon\u015fu d\u00f6vl\u0259tl\u0259r\u0259 qar\u015f\u0131 \u0259razi iddialar\u0131n\u0131n h\u0259l\u0259 d\u0259 davam etdiyini ayd\u0131n g\u00f6st\u0259rir.<\/p>\n\n\n\n<p>Prezidentin rus h\u0259rb\u00e7il\u0259rin\u0259 \u201cba\u015f sa\u011fl\u0131\u011f\u0131\u201d ziyar\u0259tin\u0259 g\u0259linc\u0259, bunu Rusiyadan as\u0131l\u0131l\u0131\u011f\u0131n\u0131 d\u0259rk ed\u0259n Erm\u0259nistan\u0131n ba\u015f naziri Nikol Pa\u015finyan\u0131n ad\u0131ndan rus \u0259sg\u0259rinin \u00f6l\u00fcm\u00fcn\u0259 g\u00f6r\u0259 r\u0259smi Moskvadan \u201c\u00fczr ist\u0259m\u0259\u201d h\u0259r\u0259k\u0259ti kimi d\u0259 q\u0259bul etm\u0259k olar. Hakimiyy\u0259t\u0259 g\u0259ldiyi ilk vaxtlardan Rusiya \u0259leyhin\u0259 m\u00fcxt\u0259lif b\u0259yanatlar s\u0259sl\u0259ndir\u0259n N.Pa\u015finyan \u201cqism\u0259n a\u011f\u0131llansa\u201d da, indiki halda prezidenti ir\u0259li verm\u0259yi daha uy\u011fun say\u0131b.<\/p>\n\n\n\n<p><strong>Fb: V\u00fcqar M\u0259cidov\u200e<\/strong><\/p>\n","protected":false},"excerpt":{"rendered":"<p>\u0130yulun 4-d\u0259 Erm\u0259nistan\u0131n G\u00fcmr\u00fc \u015f\u0259h\u0259rind\u0259 yerl\u0259\u015f\u0259n v\u0259 Rusiyaya m\u0259xsus 102-ci bazada h\u0259rbi qulluq\u00e7unun meyiti a\u015fkarlan\u0131b. Bu hadis\u0259 yerli v\u0259 xarici K\u0130V-d\u0259 geni\u015f i\u015f\u0131qland\u0131r\u0131l\u0131b. T\u0259bii<\/p>\n","protected":false},"author":2,"featured_media":9492,"comment_status":"closed","ping_status":"closed","sticky":false,"template":"","format":"standard","meta":{"footnotes":""},"categories":[13],"tags":[],"class_list":["post-9491","post","type-post","status-publish","format-standard","has-post-thumbnail","hentry","category-xarici"],"aioseo_notices":[],"_links":{"self":[{"href":"https:\/\/fedai.az\/index.php?rest_route=\/wp\/v2\/posts\/9491","targetHints":{"allow":["GET"]}}],"collection":[{"href":"https:\/\/fedai.az\/index.php?rest_route=\/wp\/v2\/posts"}],"about":[{"href":"https:\/\/fedai.az\/index.php?rest_route=\/wp\/v2\/types\/post"}],"author":[{"embeddable":true,"href":"https:\/\/fedai.az\/index.php?rest_route=\/wp\/v2\/users\/2"}],"replies":[{"embeddable":true,"href":"https:\/\/fedai.az\/index.php?rest_route=%2Fwp%2Fv2%2Fcomments&post=9491"}],"version-history":[{"count":1,"href":"https:\/\/fedai.az\/index.php?rest_route=\/wp\/v2\/posts\/9491\/revisions"}],"predecessor-version":[{"id":9493,"href":"https:\/\/fedai.az\/index.php?rest_route=\/wp\/v2\/posts\/9491\/revisions\/9493"}],"wp:featuredmedia":[{"embeddable":true,"href":"https:\/\/fedai.az\/index.php?rest_route=\/wp\/v2\/media\/9492"}],"wp:attachment":[{"href":"https:\/\/fedai.az\/index.php?rest_route=%2Fwp%2Fv2%2Fmedia&parent=9491"}],"wp:term":[{"taxonomy":"category","embeddable":true,"href":"https:\/\/fedai.az\/index.php?rest_route=%2Fwp%2Fv2%2Fcategories&post=9491"},{"taxonomy":"post_tag","embeddable":true,"href":"https:\/\/fedai.az\/index.php?rest_route=%2Fwp%2Fv2%2Ftags&post=9491"}],"curies":[{"name":"wp","href":"https:\/\/api.w.org\/{rel}","templated":true}]}}