{"id":95011,"date":"2023-09-18T10:42:37","date_gmt":"2023-09-18T06:42:37","guid":{"rendered":"https:\/\/fedai.az\/?p=95011"},"modified":"2023-09-18T10:42:37","modified_gmt":"2023-09-18T06:42:37","slug":"pes%c9%99-m%c9%99kt%c9%99bl%c9%99rind%c9%99-od%c9%99nisli-oxuyan-muharib%c9%99-veteranlarinin-t%c9%99hsil-haqqini-dovl%c9%99t-od%c9%99y%c9%99c%c9%99k","status":"publish","type":"post","link":"https:\/\/fedai.az\/?p=95011","title":{"rendered":"Pe\u015f\u0259 m\u0259kt\u0259bl\u0259rind\u0259 \u00f6d\u0259ni\u015fli oxuyan m\u00fcharib\u0259 veteranlar\u0131n\u0131n t\u0259hsil haqq\u0131n\u0131 d\u00f6vl\u0259t \u00f6d\u0259y\u0259c\u0259k"},"content":{"rendered":"\n<p>M\u00fcharib\u0259 veteranlar\u0131n\u0131n d\u00f6vl\u0259t pe\u015f\u0259 t\u0259hsili m\u00fc\u0259ssis\u0259l\u0259rind\u0259 \u00f6d\u0259ni\u015fli \u0259saslarla t\u0259hsil ald\u0131qlar\u0131 m\u00fcdd\u0259td\u0259 onlar\u0131n t\u0259hsil haqq\u0131 d\u00f6vl\u0259t b\u00fcdc\u0259sinin v\u0259saiti hesab\u0131na \u00f6d\u0259nil\u0259c\u0259k.<\/p>\n\n\n\n<p>Bu m\u0259s\u0259l\u0259 Milli M\u0259clisin Elm v\u0259 t\u0259hsil komit\u0259sinin sentyabr\u0131n 18-d\u0259 ke\u00e7iril\u0259n iclas\u0131n\u0131n g\u00fcnd\u0259liyin\u0259 daxil edil\u0259n \u201cPe\u015f\u0259 t\u0259hsili haqq\u0131nda\u201d Qanuna t\u0259klif edil\u0259n d\u0259yi\u015fiklikd\u0259 \u0259ksini tap\u0131b.<\/p>\n\n\n\n<p>Qanun layih\u0259sin\u0259 \u0259sas\u0259n, d\u00f6vl\u0259t pe\u015f\u0259 t\u0259hsili m\u00fc\u0259ssis\u0259l\u0259rind\u0259 \u00f6d\u0259ni\u015fli \u0259saslarla t\u0259hsil ald\u0131qlar\u0131 m\u00fcdd\u0259td\u0259 t\u0259hsil haqq\u0131 d\u00f6vl\u0259t b\u00fcdc\u0259sinin v\u0259saiti hesab\u0131na \u00f6d\u0259nil\u0259n \u015f\u0259xsl\u0259rin kateqoriyas\u0131 geni\u015fl\u0259ndirilib. Bel\u0259 ki, Az\u0259rbaycan Respublikas\u0131n\u0131n \u0259razi b\u00fct\u00f6vl\u00fcy\u00fc u\u011frunda d\u00f6y\u00fc\u015f \u0259m\u0259liyyatlar\u0131nda i\u015ftirak etdiyin\u0259 g\u00f6r\u0259 \u201cM\u00fcharib\u0259 veteran\u0131\u201d ad\u0131 alm\u0131\u015f \u015f\u0259xsl\u0259rin d\u0259 art\u0131q d\u00f6vl\u0259t pe\u015f\u0259 t\u0259hsili m\u00fc\u0259ssis\u0259l\u0259rind\u0259 \u00f6d\u0259ni\u015fli \u0259saslarla t\u0259hsil ald\u0131qlar\u0131 m\u00fcdd\u0259td\u0259 t\u0259hsil haqq\u0131 d\u00f6vl\u0259t b\u00fcdc\u0259sinin v\u0259saiti hesab\u0131na \u00f6d\u0259nil\u0259c\u0259k.<\/p>\n","protected":false},"excerpt":{"rendered":"<p>M\u00fcharib\u0259 veteranlar\u0131n\u0131n d\u00f6vl\u0259t pe\u015f\u0259 t\u0259hsili m\u00fc\u0259ssis\u0259l\u0259rind\u0259 \u00f6d\u0259ni\u015fli \u0259saslarla t\u0259hsil ald\u0131qlar\u0131 m\u00fcdd\u0259td\u0259 onlar\u0131n t\u0259hsil haqq\u0131 d\u00f6vl\u0259t b\u00fcdc\u0259sinin v\u0259saiti hesab\u0131na \u00f6d\u0259nil\u0259c\u0259k. Bu m\u0259s\u0259l\u0259 Milli M\u0259clisin Elm<\/p>\n","protected":false},"author":2,"featured_media":0,"comment_status":"closed","ping_status":"closed","sticky":false,"template":"","format":"standard","meta":{"footnotes":""},"categories":[3],"tags":[],"class_list":["post-95011","post","type-post","status-publish","format-standard","hentry","category-gundm"],"aioseo_notices":[],"_links":{"self":[{"href":"https:\/\/fedai.az\/index.php?rest_route=\/wp\/v2\/posts\/95011","targetHints":{"allow":["GET"]}}],"collection":[{"href":"https:\/\/fedai.az\/index.php?rest_route=\/wp\/v2\/posts"}],"about":[{"href":"https:\/\/fedai.az\/index.php?rest_route=\/wp\/v2\/types\/post"}],"author":[{"embeddable":true,"href":"https:\/\/fedai.az\/index.php?rest_route=\/wp\/v2\/users\/2"}],"replies":[{"embeddable":true,"href":"https:\/\/fedai.az\/index.php?rest_route=%2Fwp%2Fv2%2Fcomments&post=95011"}],"version-history":[{"count":1,"href":"https:\/\/fedai.az\/index.php?rest_route=\/wp\/v2\/posts\/95011\/revisions"}],"predecessor-version":[{"id":95013,"href":"https:\/\/fedai.az\/index.php?rest_route=\/wp\/v2\/posts\/95011\/revisions\/95013"}],"wp:attachment":[{"href":"https:\/\/fedai.az\/index.php?rest_route=%2Fwp%2Fv2%2Fmedia&parent=95011"}],"wp:term":[{"taxonomy":"category","embeddable":true,"href":"https:\/\/fedai.az\/index.php?rest_route=%2Fwp%2Fv2%2Fcategories&post=95011"},{"taxonomy":"post_tag","embeddable":true,"href":"https:\/\/fedai.az\/index.php?rest_route=%2Fwp%2Fv2%2Ftags&post=95011"}],"curies":[{"name":"wp","href":"https:\/\/api.w.org\/{rel}","templated":true}]}}