{"id":95178,"date":"2025-09-25T01:16:00","date_gmt":"2025-09-24T21:16:00","guid":{"rendered":"https:\/\/fedai.az\/?p=95178"},"modified":"2025-09-25T12:51:15","modified_gmt":"2025-09-25T08:51:15","slug":"t%c9%99brik-eynulla-h%c9%99s%c9%99nov-66","status":"publish","type":"post","link":"https:\/\/fedai.az\/?p=95178","title":{"rendered":"T\u0259brik: Eynulla (Akif) H\u0259s\u0259nov &#8212; 68"},"content":{"rendered":"\n<p>Bu g\u00fcn daha bir silahda\u015f\u0131m\u0131z\u0131n &#8212; Az\u0259rbaycan V\u0259t\u0259n M\u00fcharib\u0259si Veteranlar\u0131 \u0130ctimai Birliyinin (AVMV\u0130B) s\u0259drinin m\u00fcavini, AVMV\u0130B Xocav\u0259nd rayon \u015f\u00f6b\u0259sinin s\u0259dri, m\u00fcharib\u0259 veteran\u0131, istefada olan ba\u015f leytenat H\u0259s\u0259nov Eynulla (Akif) A\u011famirz\u0259 o\u011flunun\u00a0do\u011fum g\u00fcn\u00fcd\u00fcr. Sentyabr ay\u0131n\u0131n\u00a025-d\u0259 onun 68 ya\u015f\u0131 tamam olur.<\/p>\n\n\n\n<p>M\u00fcharib\u0259 Veteran\u0131, istefada olan ba\u015f leytenat H\u0259s\u0259nov Eynulla A\u011famirz\u0259 o\u011flu&nbsp;1957-ci ild\u0259&nbsp;Az\u0259rbaycan Respublikas\u0131n\u0131n Xocav\u0259nd rayonunun \u018fmirallar k\u0259ndind\u0259 d\u00fcnyaya g\u00f6z a\u00e7m\u0131\u015fd\u0131r.<\/p>\n\n\n\n<figure class=\"wp-block-image size-full is-resized\"><img loading=\"lazy\" decoding=\"async\" width=\"436\" height=\"453\" src=\"https:\/\/fedai.az\/wp-content\/uploads\/2023\/09\/image-46.png\" alt=\"\" class=\"wp-image-95180\" style=\"width:647px;height:673px\" srcset=\"https:\/\/fedai.az\/wp-content\/uploads\/2023\/09\/image-46.png 436w, https:\/\/fedai.az\/wp-content\/uploads\/2023\/09\/image-46-289x300.png 289w, https:\/\/fedai.az\/wp-content\/uploads\/2023\/09\/image-46-144x150.png 144w\" sizes=\"auto, (max-width: 436px) 100vw, 436px\" \/><\/figure>\n\n\n\n<p>1975-ci ild\u0259&nbsp; Xocav\u0259nd rayon \u018fmirallar k\u0259nd orta m\u0259kt\u0259bi bitrib,&nbsp; 1976-1978 -ci ill\u0259rd\u0259&nbsp; Sovet Ordusunda m\u00fcdd\u0259tli h\u0259qiqi h\u0259rbi xidm\u0259td\u0259 olub.<\/p>\n\n\n\n<p>1979 &#8212; 1988 ci \u0130ll\u0259rd\u0259&nbsp;&nbsp; Xocav\u0259nd rayonun&nbsp; \u018fmirallar k\u0259ndind\u0259&nbsp;klub r\u0259isi i\u015fl\u0259yib.<\/p>\n\n\n\n<p>&nbsp;2001-ci ild\u0259n&nbsp; Az\u0259rbaycan V\u0259t\u0259n M\u00fcharib\u0259si Veteranlar\u0131 \u0130ctimai Birliyinin&nbsp;Xocav\u0259nd rayon \u015f\u00f6b\u0259sinin s\u0259dridir.<\/p>\n\n\n\n<p>1988 &#8212; 2000- ci ill\u0259rd\u0259&nbsp; Beylaqan k\u00f6n\u00fcll\u00fc m\u00fcdafi\u0259 batalyonun v\u0259 Az\u0259rbaycan Ordusunun d\u00f6y\u00fc\u015f b\u00f6lg\u0259l\u0259rind\u0259 yerl\u0259\u015f\u0259n h\u0259rbi hiss\u0259l\u0259rin birind\u0259 &nbsp;taq\u0131m, b\u00f6luk v\u0259 tabor&nbsp;komandiri v\u0259zif\u0259l\u0259rind\u0259 V\u0259t\u0259n\u0259&nbsp; v\u0259 xalqa s\u0259daq\u0259tl\u0259 xidm\u0259t etmi\u015fdir.<\/p>\n\n\n\n<figure class=\"wp-block-image size-full is-resized\"><img loading=\"lazy\" decoding=\"async\" width=\"428\" height=\"502\" src=\"https:\/\/fedai.az\/wp-content\/uploads\/2023\/09\/image-47.png\" alt=\"\" class=\"wp-image-95181\" style=\"width:550px;height:645px\" srcset=\"https:\/\/fedai.az\/wp-content\/uploads\/2023\/09\/image-47.png 428w, https:\/\/fedai.az\/wp-content\/uploads\/2023\/09\/image-47-256x300.png 256w, https:\/\/fedai.az\/wp-content\/uploads\/2023\/09\/image-47-128x150.png 128w\" sizes=\"auto, (max-width: 428px) 100vw, 428px\" \/><\/figure>\n\n\n\n<p>Az\u0259rbaycan \u018frazi b\u00fct\u00f6vl\u00fcy\u00fc u\u011frunda&nbsp;(Xocav\u0259nd, Beylaqan v\u0259 F\u00fczuli rayonlar\u0131 istiqam\u0259tind\u0259) ged\u0259n d\u00f6y\u00fc\u015fl\u0259rd\u0259&nbsp;f\u0259al i\u015ftirak ed\u0259r\u0259k ona h\u0259val\u0259 edilmi\u015f v\u0259zif\u0259 v\u0259 tap\u015f\u0131r\u0131qlar\u0131n\u0131n \u00f6ht\u0259sind\u0259n layiqinc\u0259 g\u0259lmi\u015fdir. O 1992-ci ilin&nbsp; mart ay\u0131n\u0131n 27-d\u0259&nbsp; Xocav\u0259nd rayonunun \u0259razi b\u00fct\u00f6vl\u00fcy\u00fc u\u011frunda ged\u0259n d\u00f6y\u00fc\u015fl\u0259rd\u0259 yarlan\u0131b.<\/p>\n\n\n\n<p>H\u0259s\u0259nov&nbsp;Eynulla A\u011famirz\u0259 o\u011flu 44 g\u00fcnl\u00fck V\u0259t\u0259n M\u00fcharib\u0259sind\u0259&nbsp;daimi h\u0259rbi qulluq\u00e7ularm\u0131z\u0131n yan\u0131nda olaraq&nbsp;\u0259lind\u0259n g\u0259l\u0259n g\u00f6m\u0259kliyi onlardan \u0259sirg\u0259m\u0259yib.<\/p>\n\n\n\n<p>Az\u0259rbaycan Respublikas\u0131n\u0131n Konstitusiyas\u0131na v\u0259 qanunlar\u0131na, H\u0259rbi And\u0131n, H\u0259rbi v\u0259 Az\u0259rbaycan V\u0259t\u0259n M\u00fcharib\u0259si Veteranlar\u0131 \u0130ctimai Birliyin Nizamnam\u0259l\u0259rinin&nbsp; yerin\u0259 yetirilm\u0259sind\u0259 \u00fcz\u0259rin\u0259 d\u00fcs\u0259n v\u0259zif\u0259 v\u0259 tap\u015f\u0131r\u0131qlar\u0131n\u0131n \u00f6ht\u0259sind\u0259n layiqinc\u0259 g\u0259lmi\u015fdir.<\/p>\n\n\n\n<figure class=\"wp-block-image size-large is-resized\"><img loading=\"lazy\" decoding=\"async\" width=\"1024\" height=\"907\" src=\"https:\/\/fedai.az\/wp-content\/uploads\/2023\/09\/image-48-1024x907.png\" alt=\"\" class=\"wp-image-95182\" style=\"width:662px;height:587px\" srcset=\"https:\/\/fedai.az\/wp-content\/uploads\/2023\/09\/image-48-1024x907.png 1024w, https:\/\/fedai.az\/wp-content\/uploads\/2023\/09\/image-48-300x266.png 300w, https:\/\/fedai.az\/wp-content\/uploads\/2023\/09\/image-48-150x133.png 150w, https:\/\/fedai.az\/wp-content\/uploads\/2023\/09\/image-48-768x681.png 768w, https:\/\/fedai.az\/wp-content\/uploads\/2023\/09\/image-48.png 1080w\" sizes=\"auto, (max-width: 1024px) 100vw, 1024px\" \/><\/figure>\n\n\n\n<p>H\u0259rbi v\u0259 \u0130ctimai v\u0259zif\u0259l\u0259rin icras\u0131na m\u0259suliyy\u0259tl\u0259 ya\u015fad\u0131\u011f\u0131na g\u00f6r\u0259 F\u0259xri f\u0259rmanlarla, Qiym\u0259tli h\u0259diyy\u0259l\u0259rl\u0259 m\u00fckafatland\u0131rl\u0131b, m\u00fcxt\u0259lif medallarla t\u0259ltif edilib.<\/p>\n\n\n\n<p>Az\u0259rbaycan V\u0259t\u0259n M\u00fcharib\u0259si Veteranlar\u0131 \u0130ctimai Birliyinin (AVMV\u0130B) r\u0259hb\u0259rliyi, h\u0259m\u00e7inin s\u0259b\u0259bkar\u0131n yax\u0131nlar\u0131, dostlar\u0131, i\u015f v\u0259  d\u00f6y\u00fc\u015f yolda\u015flar\u0131 m\u00fcharib\u0259 veteran\u0131, istefada olan ba\u015f leytenat&nbsp;H\u0259s\u0259nov Eynulla A\u011famirz\u0259 o\u011flunu do\u011fum g\u00fcn\u00fc m\u00fcnasib\u0259ti il\u0259 s\u0259mimi q\u0259lbd\u0259n t\u0259brik edir, ona cansa\u011fl\u0131\u011f\u0131 v\u0259 u\u011furlar arzulay\u0131r.<\/p>\n\n\n\n<p><strong>AVMV\u0130B-in M\u0259tbuat xidm\u0259ti<\/strong><\/p>\n\n\n\n<figure class=\"wp-block-image size-large\"><img loading=\"lazy\" decoding=\"async\" width=\"1024\" height=\"377\" src=\"https:\/\/fedai.az\/wp-content\/uploads\/2023\/09\/image-49-1024x377.png\" alt=\"\" class=\"wp-image-95183\" srcset=\"https:\/\/fedai.az\/wp-content\/uploads\/2023\/09\/image-49-1024x377.png 1024w, https:\/\/fedai.az\/wp-content\/uploads\/2023\/09\/image-49-300x111.png 300w, https:\/\/fedai.az\/wp-content\/uploads\/2023\/09\/image-49-150x55.png 150w, https:\/\/fedai.az\/wp-content\/uploads\/2023\/09\/image-49-768x283.png 768w, https:\/\/fedai.az\/wp-content\/uploads\/2023\/09\/image-49.png 1080w\" sizes=\"auto, (max-width: 1024px) 100vw, 1024px\" \/><\/figure>\n\n\n\n<figure class=\"wp-block-image size-large\"><img loading=\"lazy\" decoding=\"async\" width=\"1024\" height=\"400\" src=\"https:\/\/fedai.az\/wp-content\/uploads\/2023\/09\/image-50-1024x400.png\" alt=\"\" class=\"wp-image-95184\" srcset=\"https:\/\/fedai.az\/wp-content\/uploads\/2023\/09\/image-50-1024x400.png 1024w, https:\/\/fedai.az\/wp-content\/uploads\/2023\/09\/image-50-300x117.png 300w, https:\/\/fedai.az\/wp-content\/uploads\/2023\/09\/image-50-150x59.png 150w, https:\/\/fedai.az\/wp-content\/uploads\/2023\/09\/image-50-768x300.png 768w, https:\/\/fedai.az\/wp-content\/uploads\/2023\/09\/image-50.png 1038w\" sizes=\"auto, (max-width: 1024px) 100vw, 1024px\" \/><\/figure>\n\n\n\n<figure class=\"wp-block-image size-large\"><img loading=\"lazy\" decoding=\"async\" width=\"1024\" height=\"290\" src=\"https:\/\/fedai.az\/wp-content\/uploads\/2023\/09\/image-51-1024x290.png\" alt=\"\" class=\"wp-image-95185\" srcset=\"https:\/\/fedai.az\/wp-content\/uploads\/2023\/09\/image-51-1024x290.png 1024w, https:\/\/fedai.az\/wp-content\/uploads\/2023\/09\/image-51-300x85.png 300w, https:\/\/fedai.az\/wp-content\/uploads\/2023\/09\/image-51-150x43.png 150w, https:\/\/fedai.az\/wp-content\/uploads\/2023\/09\/image-51-768x218.png 768w, https:\/\/fedai.az\/wp-content\/uploads\/2023\/09\/image-51.png 1080w\" sizes=\"auto, (max-width: 1024px) 100vw, 1024px\" \/><\/figure>\n\n\n\n<figure class=\"wp-block-image size-full\"><img loading=\"lazy\" decoding=\"async\" width=\"999\" height=\"774\" src=\"https:\/\/fedai.az\/wp-content\/uploads\/2023\/09\/image-52.png\" alt=\"\" class=\"wp-image-95186\" srcset=\"https:\/\/fedai.az\/wp-content\/uploads\/2023\/09\/image-52.png 999w, https:\/\/fedai.az\/wp-content\/uploads\/2023\/09\/image-52-300x232.png 300w, https:\/\/fedai.az\/wp-content\/uploads\/2023\/09\/image-52-150x116.png 150w, https:\/\/fedai.az\/wp-content\/uploads\/2023\/09\/image-52-768x595.png 768w\" sizes=\"auto, (max-width: 999px) 100vw, 999px\" \/><\/figure>\n","protected":false},"excerpt":{"rendered":"<p>Bu g\u00fcn daha bir silahda\u015f\u0131m\u0131z\u0131n &#8212; Az\u0259rbaycan V\u0259t\u0259n M\u00fcharib\u0259si Veteranlar\u0131 \u0130ctimai Birliyinin (AVMV\u0130B) s\u0259drinin m\u00fcavini, AVMV\u0130B Xocav\u0259nd rayon \u015f\u00f6b\u0259sinin s\u0259dri, m\u00fcharib\u0259 veteran\u0131, istefada olan<\/p>\n","protected":false},"author":2,"featured_media":100376,"comment_status":"closed","ping_status":"closed","sticky":false,"template":"","format":"standard","meta":{"footnotes":""},"categories":[11],"tags":[],"class_list":["post-95178","post","type-post","status-publish","format-standard","has-post-thumbnail","hentry","category-tbrik"],"aioseo_notices":[],"_links":{"self":[{"href":"https:\/\/fedai.az\/index.php?rest_route=\/wp\/v2\/posts\/95178","targetHints":{"allow":["GET"]}}],"collection":[{"href":"https:\/\/fedai.az\/index.php?rest_route=\/wp\/v2\/posts"}],"about":[{"href":"https:\/\/fedai.az\/index.php?rest_route=\/wp\/v2\/types\/post"}],"author":[{"embeddable":true,"href":"https:\/\/fedai.az\/index.php?rest_route=\/wp\/v2\/users\/2"}],"replies":[{"embeddable":true,"href":"https:\/\/fedai.az\/index.php?rest_route=%2Fwp%2Fv2%2Fcomments&post=95178"}],"version-history":[{"count":7,"href":"https:\/\/fedai.az\/index.php?rest_route=\/wp\/v2\/posts\/95178\/revisions"}],"predecessor-version":[{"id":102843,"href":"https:\/\/fedai.az\/index.php?rest_route=\/wp\/v2\/posts\/95178\/revisions\/102843"}],"wp:featuredmedia":[{"embeddable":true,"href":"https:\/\/fedai.az\/index.php?rest_route=\/wp\/v2\/media\/100376"}],"wp:attachment":[{"href":"https:\/\/fedai.az\/index.php?rest_route=%2Fwp%2Fv2%2Fmedia&parent=95178"}],"wp:term":[{"taxonomy":"category","embeddable":true,"href":"https:\/\/fedai.az\/index.php?rest_route=%2Fwp%2Fv2%2Fcategories&post=95178"},{"taxonomy":"post_tag","embeddable":true,"href":"https:\/\/fedai.az\/index.php?rest_route=%2Fwp%2Fv2%2Ftags&post=95178"}],"curies":[{"name":"wp","href":"https:\/\/api.w.org\/{rel}","templated":true}]}}