{"id":95340,"date":"2023-09-30T11:38:38","date_gmt":"2023-09-30T07:38:38","guid":{"rendered":"https:\/\/fedai.az\/?p=95340"},"modified":"2023-09-30T11:38:38","modified_gmt":"2023-09-30T07:38:38","slug":"milli-q%c9%99hr%c9%99man-riad-ehm%c9%99dovla-vida-m%c9%99rasimi-kecirilir","status":"publish","type":"post","link":"https:\/\/fedai.az\/?p=95340","title":{"rendered":"Milli Q\u0259hr\u0259man Riad \u018fhm\u0259dovla vida m\u0259rasimi ke\u00e7irilir"},"content":{"rendered":"\n<p><strong>Fedai.az<\/strong>\u00a0x\u0259b\u0259r verir ki, vida m\u0259rasimi D\u00f6vl\u0259t T\u0259hl\u00fck\u0259sizliyi Xidm\u0259tinin (DTX) M\u0259d\u0259niyy\u0259t M\u0259rk\u0259zind\u0259 t\u0259\u015fkil olunub.<\/p>\n\n\n\n<p>M\u0259rasimd\u0259 DTX-nin r\u0259hb\u0259rliyi, \u015f\u0259hidin d\u00f6y\u00fc\u015f yolda\u015flar\u0131, ail\u0259 \u00fczvl\u0259ri v\u0259 ictimaiyy\u0259t n\u00fcmay\u0259nd\u0259l\u0259ri i\u015ftirak edirl\u0259r.<\/p>\n\n\n\n<p>Vida m\u0259rasimind\u0259n sonra R.\u018fhm\u0259dovun n\u0259\u015fi \u0130kinci F\u0259xri Xiyabanda d\u0259fn olunacaq.<\/p>\n\n\n\n<p>Qeyd ed\u0259k ki, Birinci Qaraba\u011f m\u00fcharib\u0259sind\u0259 itkin d\u00fc\u015fm\u00fc\u015f v\u0259 \u015f\u0259xsiyy\u0259tl\u0259ri m\u00fc\u0259yy\u0259n edilmi\u015f daha 10 n\u0259f\u0259rin \u00f6t\u0259n ay meyit qal\u0131qlar\u0131n\u0131n eynil\u0259\u015fdirilm\u0259sin\u0259 nail olunub. Onlardan biri d\u0259 Milli Q\u0259hr\u0259man Riad \u018fhm\u0259dovdur. D\u00f6vl\u0259t T\u0259hl\u00fck\u0259sizliyi Xidm\u0259tinin \u0259m\u0259kda\u015f\u0131 olmu\u015f Az\u0259rbaycan\u0131n Milli Q\u0259hr\u0259man\u0131 Riad \u018fhm\u0259dov uzun m\u00fcdd\u0259t pe\u015f\u0259kar zabit kimi t\u0259hl\u00fck\u0259sizlik orqanlar\u0131nda \u00e7al\u0131\u015f\u0131b. 1989-cu ild\u0259 erm\u0259ni silahl\u0131 birl\u0259\u015fm\u0259l\u0259ri Az\u0259rbaycana qar\u015f\u0131 elan olunmam\u0131\u015f m\u00fcharib\u0259y\u0259 ba\u015flad\u0131\u011f\u0131 vaxtdan etibar\u0259n Riad \u018fhm\u0259dov b\u00fct\u00fcn bacar\u0131\u011f\u0131n\u0131 Milli Ordunun yarad\u0131lmas\u0131na s\u0259rf edib, Az\u0259rbaycan Respublikas\u0131 M\u00fcdafi\u0259 Nazirliyi K\u0259\u015ffiyyat \u0130dar\u0259sinin r\u0259is m\u00fcavini v\u0259zif\u0259sin\u0259 t\u0259yin olunub. Riad \u018fhm\u0259dov 1992-ci il yanvar\u0131n 26-da r\u0259hb\u0259rlik etdiyi k\u0259\u015ffiyyat qrupu il\u0259 Da\u015falt\u0131 k\u0259ndind\u0259ki d\u00f6y\u00fc\u015fd\u0259 yaralanaraq itkin d\u00fc\u015f\u00fcb.<\/p>\n\n\n\n<figure class=\"wp-block-image\"><img decoding=\"async\" src=\"https:\/\/cdn.demokrat.az\/uploadedfiles\/custom\/2023\/9\/30\/1\/bc2db71c-aa5d-4d95-ac6d-130093069de3\/200d3eb9-b108-43cb-888f-a40839e1f26b.jpg\" alt=\"\"\/><\/figure>\n\n\n\n<figure class=\"wp-block-image\"><img decoding=\"async\" src=\"https:\/\/cdn.demokrat.az\/uploadedfiles\/custom\/2023\/9\/30\/1\/563d4409-2f9d-442b-b68a-4a8377499478\/8e98cea2-285d-489d-9ec6-8848cf217ec7.jpg\" alt=\"\"\/><\/figure>\n\n\n\n<figure class=\"wp-block-image\"><img decoding=\"async\" src=\"https:\/\/cdn.demokrat.az\/uploadedfiles\/custom\/2023\/9\/30\/1\/fcaddb8b-72c4-4816-98c3-1e24ff056549\/99790f07-413a-4e4a-82cf-753892405314.jpg\" alt=\"\"\/><\/figure>\n","protected":false},"excerpt":{"rendered":"<p>Fedai.az\u00a0x\u0259b\u0259r verir ki, vida m\u0259rasimi D\u00f6vl\u0259t T\u0259hl\u00fck\u0259sizliyi Xidm\u0259tinin (DTX) M\u0259d\u0259niyy\u0259t M\u0259rk\u0259zind\u0259 t\u0259\u015fkil olunub. M\u0259rasimd\u0259 DTX-nin r\u0259hb\u0259rliyi, \u015f\u0259hidin d\u00f6y\u00fc\u015f yolda\u015flar\u0131, ail\u0259 \u00fczvl\u0259ri v\u0259 ictimaiyy\u0259t n\u00fcmay\u0259nd\u0259l\u0259ri<\/p>\n","protected":false},"author":2,"featured_media":0,"comment_status":"closed","ping_status":"closed","sticky":false,"template":"","format":"standard","meta":{"footnotes":""},"categories":[3],"tags":[],"class_list":["post-95340","post","type-post","status-publish","format-standard","hentry","category-gundm"],"aioseo_notices":[],"_links":{"self":[{"href":"https:\/\/fedai.az\/index.php?rest_route=\/wp\/v2\/posts\/95340","targetHints":{"allow":["GET"]}}],"collection":[{"href":"https:\/\/fedai.az\/index.php?rest_route=\/wp\/v2\/posts"}],"about":[{"href":"https:\/\/fedai.az\/index.php?rest_route=\/wp\/v2\/types\/post"}],"author":[{"embeddable":true,"href":"https:\/\/fedai.az\/index.php?rest_route=\/wp\/v2\/users\/2"}],"replies":[{"embeddable":true,"href":"https:\/\/fedai.az\/index.php?rest_route=%2Fwp%2Fv2%2Fcomments&post=95340"}],"version-history":[{"count":1,"href":"https:\/\/fedai.az\/index.php?rest_route=\/wp\/v2\/posts\/95340\/revisions"}],"predecessor-version":[{"id":95342,"href":"https:\/\/fedai.az\/index.php?rest_route=\/wp\/v2\/posts\/95340\/revisions\/95342"}],"wp:attachment":[{"href":"https:\/\/fedai.az\/index.php?rest_route=%2Fwp%2Fv2%2Fmedia&parent=95340"}],"wp:term":[{"taxonomy":"category","embeddable":true,"href":"https:\/\/fedai.az\/index.php?rest_route=%2Fwp%2Fv2%2Fcategories&post=95340"},{"taxonomy":"post_tag","embeddable":true,"href":"https:\/\/fedai.az\/index.php?rest_route=%2Fwp%2Fv2%2Ftags&post=95340"}],"curies":[{"name":"wp","href":"https:\/\/api.w.org\/{rel}","templated":true}]}}