{"id":95348,"date":"2023-09-30T15:20:05","date_gmt":"2023-09-30T11:20:05","guid":{"rendered":"https:\/\/fedai.az\/?p=95348"},"modified":"2023-09-30T15:20:05","modified_gmt":"2023-09-30T11:20:05","slug":"muharib%c9%99-veteranlarinin-huquqi-maarifl%c9%99ndirilm%c9%99si-layih%c9%99-c%c9%99rciv%c9%99sind%c9%99-z%c9%99rdabda-gorus-kecirilib","status":"publish","type":"post","link":"https:\/\/fedai.az\/?p=95348","title":{"rendered":"\u201cM\u00fcharib\u0259 veteranlar\u0131n\u0131n h\u00fcquqi maarifl\u0259ndirilm\u0259si\u201d layih\u0259 \u00e7\u0259r\u00e7iv\u0259sind\u0259 Z\u0259rdabda g\u00f6r\u00fc\u015f ke\u00e7irilib"},"content":{"rendered":"\n<p><strong>Az\u0259rbaycan Respublikas\u0131n\u0131n Qeyri-H\u00f6kum\u0259t T\u0259\u015fkilatlar\u0131na D\u00f6vl\u0259t D\u0259st\u0259yi A\u011fentliyinin maliyy\u0259 d\u0259st\u0259yi il\u0259 \u201cM\u00fcharib\u0259 veteranlar\u0131n\u0131n H\u00fcquqi maarifl\u0259ndirilm\u0259si\u201d adl\u0131 layih\u0259 \u00e7\u0259r\u00e7iv\u0259sind\u0259 Az\u0259rbaycan V\u0259t\u0259n M\u00fcharib\u0259si Veteranlar\u0131 \u0130ctimai Birliyi (AVMV\u0130B) b\u00f6lg\u0259l\u0259rd\u0259 veteranlarla g\u00f6r\u00fc\u015fl\u0259ri davam etdirir. Layih\u0259 \u00e7\u0259r\u00e7iv\u0259sind\u0259 bu d\u0259f\u0259 Z\u0259rdab rayon veteranlar\u0131 il\u0259 \u201cG\u0259ncl\u0259r Evind\u0259\u201d geni\u015f t\u0259rkibd\u0259 g\u00f6r\u00fc\u015f ke\u00e7irilib.<\/strong><\/p>\n\n\n\n<p>T\u0259dbirl\u0259 ba\u011fl\u0131 Vahid Abdur\u0259hmanov bildirdi ki, bu layih\u0259l\u0259rin h\u0259yata ke\u00e7irilm\u0259si m\u00fcharib\u0259 veteranlar\u0131 t\u0259r\u0259find\u0259n raz\u0131l\u0131qla qar\u015f\u0131lan\u0131r:<\/p>\n\n\n\n<p><strong>&#171;H\u0259m\u00e7inin, veteranlar\u0131m\u0131z\u0131n m\u00f6vcud probleml\u0259ri il\u0259 tan\u0131\u015fl\u0131q \u00fc\u00e7\u00fcn AVMV\u0130B r\u0259hb\u0259rliyi \u0259lav\u0259 bir imkan \u0259ld\u0259 edir. Bu imkan\u0131 yaradan Az\u0259rbaycan Respublikas\u0131n\u0131n Qeyri-H\u00f6kum\u0259t T\u0259\u015fkilatlar\u0131na D\u00f6vl\u0259t D\u0259st\u0259yi Agentliyinin r\u0259hb\u0259rliyin\u0259 \u00f6z minn\u0259tdarl\u0131\u011f\u0131m\u0131z\u0131 bildirir\u0259m&#187;.<\/strong><\/p>\n\n\n\n<p>G\u00f6r\u00fc\u015fd\u0259 Az\u0259rbaycan V\u0259t\u0259n M\u00fcharib\u0259si Veteranlar\u0131 \u0130ctimai Birliyinin t\u0259\u015fkilati m\u0259s\u0259l\u0259l\u0259r \u00fczr\u0259 s\u0259dr m\u00fcavini Vahid Abdur\u0259hmanov, AVMV\u0130B NTK s\u0259dri Niyazi Quliyev, X\u0259tai rayon \u015f\u00f6b\u0259sinin s\u0259dr m\u00fcavini \u018fhli H\u0259biyev, AVMV\u0130B Z\u0259rdab rayon \u015f\u00f6b\u0259sinin s\u0259dri Seyfi H\u0259s\u0259nov, Z\u0259rdab rayon \u0130cra Hakimiyy\u0259tinin ba\u015f m\u0259sl\u0259h\u0259t\u00e7isi Tural Na\u011fyev v\u0259 rayon \u0130cra Hakimiyy\u0259tinin b\u00f6y\u00fck m\u0259sl\u0259h\u0259t\u00e7isi &nbsp;Famil Abbasov, m\u00fcharib\u0259 veteranlar\u0131 v\u0259 m\u00fcharib\u0259 \u0259lill\u0259ri i\u015ftirak edirdil\u0259r.<\/p>\n\n\n\n<p>T\u0259dbird\u0259 \u00e7\u0131x\u0131\u015f ed\u0259n Az\u0259rbaycan V\u0259t\u0259n M\u00fcharib\u0259si Veteranlar\u0131 \u0130ctimai Birliyinin (AVMV\u0130B) t\u0259\u015fkilat\u0131 m\u0259s\u0259l\u0259l\u0259r \u00fczr\u0259 s\u0259dr m\u00fcavini &nbsp;Vahid Abdur\u0259hmanov \u201cM\u00fcharib\u0259 veteranlar\u0131n\u0131n H\u00fcquqi maarifl\u0259ndirilm\u0259si\u201d layih\u0259nin m\u0259qs\u0259di bar\u0259d\u0259 i\u015ftirak\u00e7\u0131lara geni\u015f m\u0259lumat verdi. NTK s\u0259dri Niyazi Quliyev layih\u0259nin icras\u0131 art\u0131q bir \u00e7ox veteranlar\u0131m\u0131z\u0131n probleml\u0259rinin h\u0259llind\u0259 oynad\u0131\u011f\u0131 m\u00fcsb\u0259t rolundan dan\u0131\u015fd\u0131. Faktlarla layih\u0259 \u00e7\u0259r\u00e7iv\u0259sind\u0259 \u00f6z h\u00fcquqlar\u0131n\u0131 b\u0259rpa ed\u0259 bilmi\u015f veteranlar\u0131m\u0131z\u0131n bundan sonra da h\u00fcquqlar\u0131n\u0131n b\u0259rpas\u0131na h\u0259r vasit\u0259 il\u0259 yard\u0131m\u00e7\u0131 olacaqlar\u0131n\u0131 qeyd etdi.<\/p>\n\n\n\n<p>\u00c7\u0131x\u0131\u015f ed\u0259n Z\u0259rdab rayon \u0130cra hakimiyy\u0259tinin m\u0259sul n\u00fcmay\u0259nd\u0259si Tural Na\u011f\u0131yev layih\u0259nin h\u0259yata ke\u00e7irilm\u0259sinin vacibliyind\u0259n dan\u0131\u015fd\u0131lar. AVMV\u0130B Z\u0259rdab rayon \u015f\u00f6b\u0259sinin s\u0259dri Seyfi H\u0259s\u0259nov bildirdi ki, m\u00fcharib\u0259 veteranlar\u0131n\u0131n probleml\u0259rin\u0259 h\u0259sr olunmu\u015f bel\u0259 layih\u0259l\u0259rin b\u00f6y\u00fck \u0259h\u0259miyy\u0259ti var. Bel\u0259 layih\u0259l\u0259rin bizim rayonda h\u0259yata ke\u00e7irilm\u0259si d\u0259 m\u00fcharib\u0259 veteranlar\u0131 t\u0259r\u0259find\u0259n r\u0259\u011fb\u0259tl\u0259 qar\u015f\u0131lan\u0131b. Ona g\u00f6r\u0259 d\u0259 bel\u0259 layih\u0259l\u0259rin Z\u0259rdab rayonunda ke\u00e7irilm\u0259sini alq\u0131\u015flay\u0131r\u0131q. Layih\u0259 \u00e7\u0259r\u00e7iv\u0259sind\u0259 rayon veteranlar\u0131n\u0131 maraqland\u0131ran suallara cavablar verilib v\u0259 qald\u0131r\u0131lan probleml\u0259r aidiyy\u0259tl\u0259ri \u00fczr\u0259 qrupla\u015fd\u0131r\u0131l\u0131b. Sonda t\u0259dbir i\u015ftirak\u00e7\u0131lar\u0131 xatir\u0259 \u015f\u0259kill\u0259ri \u00e7\u0259kdirdil\u0259r.<\/p>\n\n\n\n<figure class=\"wp-block-image size-large is-resized\"><img loading=\"lazy\" decoding=\"async\" src=\"https:\/\/fedai.az\/wp-content\/uploads\/2023\/09\/16960536956329676556517b9bfcd1cd-1024x768.jpeg\" alt=\"\" class=\"wp-image-95350\" style=\"width:666px;height:500px\" width=\"666\" height=\"500\"\/><\/figure>\n\n\n\n<p><\/p>\n\n\n\n<figure class=\"wp-block-image size-large is-resized\"><img loading=\"lazy\" decoding=\"async\" src=\"https:\/\/fedai.az\/wp-content\/uploads\/2023\/09\/169605369721160971826517b9c140266-1-1024x768.jpeg\" alt=\"\" class=\"wp-image-95352\" style=\"width:713px;height:535px\" width=\"713\" height=\"535\"\/><\/figure>\n","protected":false},"excerpt":{"rendered":"<p>Az\u0259rbaycan Respublikas\u0131n\u0131n Qeyri-H\u00f6kum\u0259t T\u0259\u015fkilatlar\u0131na D\u00f6vl\u0259t D\u0259st\u0259yi A\u011fentliyinin maliyy\u0259 d\u0259st\u0259yi il\u0259 \u201cM\u00fcharib\u0259 veteranlar\u0131n\u0131n H\u00fcquqi maarifl\u0259ndirilm\u0259si\u201d adl\u0131 layih\u0259 \u00e7\u0259r\u00e7iv\u0259sind\u0259 Az\u0259rbaycan V\u0259t\u0259n M\u00fcharib\u0259si Veteranlar\u0131 \u0130ctimai Birliyi (AVMV\u0130B)<\/p>\n","protected":false},"author":2,"featured_media":0,"comment_status":"closed","ping_status":"closed","sticky":false,"template":"","format":"standard","meta":{"footnotes":""},"categories":[3],"tags":[],"class_list":["post-95348","post","type-post","status-publish","format-standard","hentry","category-gundm"],"aioseo_notices":[],"_links":{"self":[{"href":"https:\/\/fedai.az\/index.php?rest_route=\/wp\/v2\/posts\/95348","targetHints":{"allow":["GET"]}}],"collection":[{"href":"https:\/\/fedai.az\/index.php?rest_route=\/wp\/v2\/posts"}],"about":[{"href":"https:\/\/fedai.az\/index.php?rest_route=\/wp\/v2\/types\/post"}],"author":[{"embeddable":true,"href":"https:\/\/fedai.az\/index.php?rest_route=\/wp\/v2\/users\/2"}],"replies":[{"embeddable":true,"href":"https:\/\/fedai.az\/index.php?rest_route=%2Fwp%2Fv2%2Fcomments&post=95348"}],"version-history":[{"count":1,"href":"https:\/\/fedai.az\/index.php?rest_route=\/wp\/v2\/posts\/95348\/revisions"}],"predecessor-version":[{"id":95353,"href":"https:\/\/fedai.az\/index.php?rest_route=\/wp\/v2\/posts\/95348\/revisions\/95353"}],"wp:attachment":[{"href":"https:\/\/fedai.az\/index.php?rest_route=%2Fwp%2Fv2%2Fmedia&parent=95348"}],"wp:term":[{"taxonomy":"category","embeddable":true,"href":"https:\/\/fedai.az\/index.php?rest_route=%2Fwp%2Fv2%2Fcategories&post=95348"},{"taxonomy":"post_tag","embeddable":true,"href":"https:\/\/fedai.az\/index.php?rest_route=%2Fwp%2Fv2%2Ftags&post=95348"}],"curies":[{"name":"wp","href":"https:\/\/api.w.org\/{rel}","templated":true}]}}