{"id":96081,"date":"2025-10-27T12:13:52","date_gmt":"2025-10-27T08:13:52","guid":{"rendered":"https:\/\/fedai.az\/?p=96081"},"modified":"2025-10-27T12:16:07","modified_gmt":"2025-10-27T08:16:07","slug":"t%c9%99brikkapitan-seyfi-h%c9%99s%c9%99nov-65","status":"publish","type":"post","link":"https:\/\/fedai.az\/?p=96081","title":{"rendered":"T\u0259brik: Kapitan Seyfi H\u0259s\u0259nov &#8212; 67"},"content":{"rendered":"\n<p class=\"wp-block-paragraph\"><strong>Bu g\u00fcn silahda\u015flar\u0131m\u0131zdan birinin &#8212; Az\u0259rbaycan V\u0259t\u0259n M\u00fcharib\u0259si Veteranlar\u0131 \u0130ctimai Birliyinin\u00a0Z\u0259rdab rayon \u015f\u00f6b\u0259sinin s\u0259dri &#8212;\u00a0 istefada olan polis kapitan\u0131 H\u0259s\u0259nov Seyfi\u00a0\u0130nqlab o\u011flunun ad g\u00fcn\u00fcd\u00fcr.\u00a0 Oktyabr ay\u0131n\u0131n \u00a027-si onun 67 ya\u015f\u0131 tamam olur.<\/strong><\/p>\n\n\n\n<p class=\"wp-block-paragraph\">Seyfi H\u0259s\u0259nov&nbsp; 1958-ci ilin&nbsp;&nbsp; oktyabr ay\u0131n\u0131n 27-d\u0259&nbsp; &nbsp;Az\u0259rbaycan Respublikas\u0131n\u0131n Ucar rayonun&nbsp;&nbsp;L\u0259k k\u0259ndind\u0259 z\u0259hm\u0259tke\u015f ail\u0259d\u0259 anadan olub.<\/p>\n\n\n\n<p class=\"wp-block-paragraph\">O, 1975 ci ild\u0259\u00a0 Ucar rayonunda\u00a0 orta m\u0259kt\u0259bi bitirib.\u00a01977- 1979\u00a0 cu\u00a0 ild\u0259\u00a0\u00a0 Sovet Ordusunda m\u00fcdd\u0259tli h\u0259qiqi h\u0259rbi xidm\u0259t\u0259 olub. H\u0259rbi xidm\u0259ti ba\u015fa vurduqdan sonra uzun ill\u0259r\u00a0 Rusiyada v\u0259\u00a0\u00a0 Ukraynan\u0131n\u00a0 Xarkov \u015f\u0259h\u0259rind\u0259 ya\u015fay\u0131b v\u0259 orada i\u015fl\u0259yib. 1992- 1995 ci il\u0259rd\u0259 Az\u0259rbaycan Respublikas\u0131n\u0131n Daxili i\u015fl\u0259r nazirliyinin\u00a0\u00a0 Ucar rayon Polis \u015f\u00f6b\u0259sind\u0259 post- patrul xidm\u0259ti b\u00f6l\u00fcy\u00fcn kamandiri\u00a0 v\u0259zif\u0259l\u0259rind\u0259 V\u0259t\u0259n\u0259 v\u0259 xalqa\u00a0 s\u0259daq\u0259tl\u0259\u00a0 xidm\u0259t edib. 1998-ci ild\u0259n\u00a0 Az\u0259rbaycan V\u0259t\u0259n M\u00fcharib\u0259si Veteranlar\u0131 \u0130ctimai Birliyinin (AVMV\u0130B) s\u0259lahiyy\u0259tli n\u00fcmay\u0259nd\u0259si v\u0259 AVMV\u0130B Z\u0259rdab rayon \u015f\u00f6b\u0259sinin s\u0259dri v\u0259zif\u0259sind\u0259dir.<\/p>\n\n\n\n<figure class=\"wp-block-image size-large is-resized\"><img loading=\"lazy\" decoding=\"async\" width=\"1024\" height=\"910\" src=\"https:\/\/fedai.az\/wp-content\/uploads\/2023\/10\/image-84-1024x910.png\" alt=\"\" class=\"wp-image-96084\" style=\"aspect-ratio:1.1252747252747253;width:610px;height:auto\" srcset=\"https:\/\/fedai.az\/wp-content\/uploads\/2023\/10\/image-84-1024x910.png 1024w, https:\/\/fedai.az\/wp-content\/uploads\/2023\/10\/image-84-300x267.png 300w, https:\/\/fedai.az\/wp-content\/uploads\/2023\/10\/image-84-150x133.png 150w, https:\/\/fedai.az\/wp-content\/uploads\/2023\/10\/image-84-768x683.png 768w, https:\/\/fedai.az\/wp-content\/uploads\/2023\/10\/image-84.png 1080w\" sizes=\"auto, (max-width: 1024px) 100vw, 1024px\" \/><\/figure>\n\n\n\n<p class=\"wp-block-paragraph\">44 g\u00fcnl\u00fck V\u0259t\u0259n m\u00fcharib\u0259sind\u0259&nbsp; Seyfi H\u0259s\u0259nov&nbsp; h\u0259rbi qulluq\u00e7ularm\u0131z\u0131n yan\u0131nda olaraq, onlara h\u0259val\u0259 edilmi\u015f v\u0259zif\u0259 v\u0259 tap\u015f\u0131r\u0131qlar\u0131 m\u0259suliyy\u0259t v\u0259 \u015f\u0259r\u0259f hissi il\u0259 yer\u0131n\u0259 yetirmi\u015fdir.<\/p>\n\n\n\n<p class=\"wp-block-paragraph\">Az\u0259rbaycan V\u0259t\u0259n M\u00fcharib\u0259si Veteranlar\u0131 \u0130ctimai Birliyinin r\u0259hb\u0259rliyi Seyfi \u0130nqlab o\u011flu H\u0259s\u0259novu&nbsp;do\u011fum g\u00fcn\u00fc m\u00fcnasib\u0259til\u0259&nbsp;s\u0259mimi q\u0259lbd\u0259n t\u0259brik edir, ona m\u00f6hk\u0259m can sa\u011fl\u0131\u011f\u0131 v\u0259 h\u0259yat yollar\u0131nda bitib-t\u00fck\u0259nm\u0259y\u0259n naliyy\u0259tl\u0259r arzu edir.<\/p>\n\n\n\n<p class=\"wp-block-paragraph\"><strong>AVMV\u0130B M\u0259tbuat xidm\u0259t<\/strong><\/p>\n\n\n\n<p class=\"wp-block-paragraph\"><\/p>\n","protected":false},"excerpt":{"rendered":"<p>Bu g\u00fcn silahda\u015flar\u0131m\u0131zdan birinin &#8212; Az\u0259rbaycan V\u0259t\u0259n M\u00fcharib\u0259si Veteranlar\u0131 \u0130ctimai Birliyinin\u00a0Z\u0259rdab rayon \u015f\u00f6b\u0259sinin s\u0259dri &#8212;\u00a0 istefada olan polis kapitan\u0131 H\u0259s\u0259nov Seyfi\u00a0\u0130nqlab o\u011flunun ad g\u00fcn\u00fcd\u00fcr.\u00a0<\/p>\n","protected":false},"author":2,"featured_media":102957,"comment_status":"closed","ping_status":"closed","sticky":false,"template":"","format":"standard","meta":{"footnotes":""},"categories":[11],"tags":[],"class_list":["post-96081","post","type-post","status-publish","format-standard","has-post-thumbnail","hentry","category-tbrik"],"aioseo_notices":[],"aioseo_head":"\n\t\t<!-- All in One SEO 5.0.0.1 - aioseo.com -->\n\t<meta name=\"description\" content=\"Bu g\u00fcn silahda\u015flar\u0131m\u0131zdan birinin - Az\u0259rbaycan V\u0259t\u0259n M\u00fcharib\u0259si Veteranlar\u0131 \u0130ctimai Birliyinin Z\u0259rdab rayon \u015f\u00f6b\u0259sinin s\u0259dri - istefada olan polis kapitan\u0131 H\u0259s\u0259nov Seyfi \u0130nqlab o\u011flunun ad g\u00fcn\u00fcd\u00fcr. Oktyabr ay\u0131n\u0131n 27-si onun 67 ya\u015f\u0131 tamam olur. Seyfi H\u0259s\u0259nov 1958-ci ilin oktyabr ay\u0131n\u0131n 27-d\u0259 Az\u0259rbaycan Respublikas\u0131n\u0131n Ucar rayonun L\u0259k k\u0259ndind\u0259 z\u0259hm\u0259tke\u015f ail\u0259d\u0259 anadan olub. O, 1975 ci ild\u0259 Ucar rayonunda orta\" \/>\n\t<meta name=\"robots\" content=\"max-image-preview:large\" \/>\n\t<meta name=\"author\" content=\"www.Fedai.az\"\/>\n\t<link rel=\"canonical\" href=\"https:\/\/fedai.az\/?p=96081\" \/>\n\t<meta name=\"generator\" content=\"All in One SEO (AIOSEO) 5.0.0.1\" \/>\n\t\t<meta property=\"og:locale\" content=\"ru_RU\" \/>\n\t\t<meta property=\"og:site_name\" content=\"&quot;F\u0259dai&quot; q\u0259zeti\" \/>\n\t\t<meta property=\"og:type\" content=\"article\" \/>\n\t\t<meta property=\"og:title\" content=\"T\u0259brik: Kapitan Seyfi H\u0259s\u0259nov \u2014 67 | &quot;F\u0259dai&quot; q\u0259zeti\" \/>\n\t\t<meta property=\"og:description\" content=\"Bu g\u00fcn silahda\u015flar\u0131m\u0131zdan birinin - Az\u0259rbaycan V\u0259t\u0259n M\u00fcharib\u0259si Veteranlar\u0131 \u0130ctimai Birliyinin Z\u0259rdab rayon \u015f\u00f6b\u0259sinin s\u0259dri - istefada olan polis kapitan\u0131 H\u0259s\u0259nov Seyfi \u0130nqlab o\u011flunun ad g\u00fcn\u00fcd\u00fcr. Oktyabr ay\u0131n\u0131n 27-si onun 67 ya\u015f\u0131 tamam olur. Seyfi H\u0259s\u0259nov 1958-ci ilin oktyabr ay\u0131n\u0131n 27-d\u0259 Az\u0259rbaycan Respublikas\u0131n\u0131n Ucar rayonun L\u0259k k\u0259ndind\u0259 z\u0259hm\u0259tke\u015f ail\u0259d\u0259 anadan olub. O, 1975 ci ild\u0259 Ucar rayonunda orta\" \/>\n\t\t<meta property=\"og:url\" content=\"https:\/\/fedai.az\/?p=96081\" \/>\n\t\t<meta property=\"fb:app_id\" content=\"696809432257740\" \/>\n\t\t<meta property=\"og:image\" content=\"https:\/\/fedai.az\/wp-content\/uploads\/2024\/10\/76567.jpg\" \/>\n\t\t<meta property=\"og:image:secure_url\" content=\"https:\/\/fedai.az\/wp-content\/uploads\/2024\/10\/76567.jpg\" \/>\n\t\t<meta property=\"og:image:width\" content=\"681\" \/>\n\t\t<meta property=\"og:image:height\" content=\"400\" \/>\n\t\t<meta property=\"article:published_time\" content=\"2025-10-27T08:13:52+00:00\" \/>\n\t\t<meta property=\"article:modified_time\" content=\"2025-10-27T08:16:07+00:00\" \/>\n\t\t<meta property=\"article:publisher\" content=\"https:\/\/facebook.com\/fedai.az\" \/>\n\t\t<meta name=\"twitter:card\" content=\"summary\" \/>\n\t\t<meta name=\"twitter:site\" content=\"@fedai.az\" \/>\n\t\t<meta name=\"twitter:title\" content=\"T\u0259brik: Kapitan Seyfi H\u0259s\u0259nov \u2014 67 | &quot;F\u0259dai&quot; q\u0259zeti\" \/>\n\t\t<meta name=\"twitter:description\" content=\"Bu g\u00fcn silahda\u015flar\u0131m\u0131zdan birinin - Az\u0259rbaycan V\u0259t\u0259n M\u00fcharib\u0259si Veteranlar\u0131 \u0130ctimai Birliyinin Z\u0259rdab rayon \u015f\u00f6b\u0259sinin s\u0259dri - istefada olan polis kapitan\u0131 H\u0259s\u0259nov Seyfi \u0130nqlab o\u011flunun ad g\u00fcn\u00fcd\u00fcr. Oktyabr ay\u0131n\u0131n 27-si onun 67 ya\u015f\u0131 tamam olur. Seyfi H\u0259s\u0259nov 1958-ci ilin oktyabr ay\u0131n\u0131n 27-d\u0259 Az\u0259rbaycan Respublikas\u0131n\u0131n Ucar rayonun L\u0259k k\u0259ndind\u0259 z\u0259hm\u0259tke\u015f ail\u0259d\u0259 anadan olub. O, 1975 ci ild\u0259 Ucar rayonunda orta\" \/>\n\t\t<meta name=\"twitter:image\" content=\"https:\/\/fedai.az\/wp-content\/uploads\/2024\/10\/76567.jpg\" \/>\n\t\t<script type=\"application\/ld+json\" class=\"aioseo-schema\">\n\t\t\t{\"@context\":\"https:\\\/\\\/schema.org\",\"@graph\":[{\"@type\":\"Article\",\"@id\":\"https:\\\/\\\/fedai.az\\\/?p=96081#article\",\"name\":\"T\\u0259brik: Kapitan Seyfi H\\u0259s\\u0259nov \\u2014 67 | \\\"F\\u0259dai\\\" q\\u0259zeti\",\"headline\":\"T\\u0259brik: Kapitan Seyfi H\\u0259s\\u0259nov &#8212; 67\",\"author\":{\"@id\":\"https:\\\/\\\/fedai.az\\\/?author=2#author\"},\"publisher\":{\"@id\":\"https:\\\/\\\/fedai.az\\\/#organization\"},\"image\":{\"@type\":\"ImageObject\",\"url\":\"https:\\\/\\\/fedai.az\\\/wp-content\\\/uploads\\\/2024\\\/10\\\/76567.jpg\",\"width\":681,\"height\":400},\"datePublished\":\"2025-10-27T12:13:52+04:00\",\"dateModified\":\"2025-10-27T12:16:07+04:00\",\"inLanguage\":\"ru-RU\",\"mainEntityOfPage\":{\"@id\":\"https:\\\/\\\/fedai.az\\\/?p=96081#webpage\"},\"isPartOf\":{\"@id\":\"https:\\\/\\\/fedai.az\\\/?p=96081#webpage\"},\"articleSection\":\"T\\u0259brik\"},{\"@type\":\"BreadcrumbList\",\"@id\":\"https:\\\/\\\/fedai.az\\\/?p=96081#breadcrumblist\",\"itemListElement\":[{\"@type\":\"ListItem\",\"@id\":\"https:\\\/\\\/fedai.az#listItem\",\"position\":1,\"name\":\"Home\",\"item\":\"https:\\\/\\\/fedai.az\",\"nextItem\":{\"@type\":\"ListItem\",\"@id\":\"https:\\\/\\\/fedai.az\\\/?cat=11#listItem\",\"name\":\"T\\u0259brik\"}},{\"@type\":\"ListItem\",\"@id\":\"https:\\\/\\\/fedai.az\\\/?cat=11#listItem\",\"position\":2,\"name\":\"T\\u0259brik\",\"item\":\"https:\\\/\\\/fedai.az\\\/?cat=11\",\"nextItem\":{\"@type\":\"ListItem\",\"@id\":\"https:\\\/\\\/fedai.az\\\/?p=96081#listItem\",\"name\":\"T\\u0259brik: Kapitan Seyfi H\\u0259s\\u0259nov &#8212; 67\"},\"previousItem\":{\"@type\":\"ListItem\",\"@id\":\"https:\\\/\\\/fedai.az#listItem\",\"name\":\"Home\"}},{\"@type\":\"ListItem\",\"@id\":\"https:\\\/\\\/fedai.az\\\/?p=96081#listItem\",\"position\":3,\"name\":\"T\\u0259brik: Kapitan Seyfi H\\u0259s\\u0259nov &#8212; 67\",\"previousItem\":{\"@type\":\"ListItem\",\"@id\":\"https:\\\/\\\/fedai.az\\\/?cat=11#listItem\",\"name\":\"T\\u0259brik\"}}]},{\"@type\":\"Organization\",\"@id\":\"https:\\\/\\\/fedai.az\\\/#organization\",\"name\":\"\\\"F\\u0259dai\\\" q\\u0259zeti\",\"description\":\"Az\\u0259rbaycan V\\u0259t\\u0259n M\\u00fcharib\\u0259si Veteranlar\\u0131 \\u0130ctimai Birliyi\",\"url\":\"https:\\\/\\\/fedai.az\\\/\",\"logo\":{\"@type\":\"ImageObject\",\"url\":\"https:\\\/\\\/fedai.az\\\/wp-content\\\/uploads\\\/2022\\\/09\\\/logo3.png\",\"@id\":\"https:\\\/\\\/fedai.az\\\/?p=96081\\\/#organizationLogo\",\"width\":500,\"height\":100},\"image\":{\"@id\":\"https:\\\/\\\/fedai.az\\\/?p=96081\\\/#organizationLogo\"},\"sameAs\":[\"https:\\\/\\\/instagram.com\\\/fedai.az\",\"https:\\\/\\\/pinterest.com\\\/fedai.az\",\"https:\\\/\\\/youtube.com\\\/fedai.az\",\"https:\\\/\\\/linkedin.com\\\/in\\\/fedai.az\"]},{\"@type\":\"Person\",\"@id\":\"https:\\\/\\\/fedai.az\\\/?author=2#author\",\"url\":\"https:\\\/\\\/fedai.az\\\/?author=2\",\"name\":\"www.Fedai.az\",\"image\":{\"@type\":\"ImageObject\",\"@id\":\"https:\\\/\\\/fedai.az\\\/?p=96081#authorImage\",\"url\":\"https:\\\/\\\/secure.gravatar.com\\\/avatar\\\/d861e138a4bd3ce6812a7aa95e796aa05e165f28ecde9a972c6789a09fcd1daa?s=96&d=mm&r=g\",\"width\":96,\"height\":96,\"caption\":\"www.Fedai.az\"}},{\"@type\":\"WebPage\",\"@id\":\"https:\\\/\\\/fedai.az\\\/?p=96081#webpage\",\"url\":\"https:\\\/\\\/fedai.az\\\/?p=96081\",\"name\":\"T\\u0259brik: Kapitan Seyfi H\\u0259s\\u0259nov \\u2014 67 | \\\"F\\u0259dai\\\" q\\u0259zeti\",\"description\":\"Bu g\\u00fcn silahda\\u015flar\\u0131m\\u0131zdan birinin - Az\\u0259rbaycan V\\u0259t\\u0259n M\\u00fcharib\\u0259si Veteranlar\\u0131 \\u0130ctimai Birliyinin Z\\u0259rdab rayon \\u015f\\u00f6b\\u0259sinin s\\u0259dri - istefada olan polis kapitan\\u0131 H\\u0259s\\u0259nov Seyfi \\u0130nqlab o\\u011flunun ad g\\u00fcn\\u00fcd\\u00fcr. Oktyabr ay\\u0131n\\u0131n 27-si onun 67 ya\\u015f\\u0131 tamam olur. Seyfi H\\u0259s\\u0259nov 1958-ci ilin oktyabr ay\\u0131n\\u0131n 27-d\\u0259 Az\\u0259rbaycan Respublikas\\u0131n\\u0131n Ucar rayonun L\\u0259k k\\u0259ndind\\u0259 z\\u0259hm\\u0259tke\\u015f ail\\u0259d\\u0259 anadan olub. O, 1975 ci ild\\u0259 Ucar rayonunda orta\",\"inLanguage\":\"ru-RU\",\"isPartOf\":{\"@id\":\"https:\\\/\\\/fedai.az\\\/#website\"},\"breadcrumb\":{\"@id\":\"https:\\\/\\\/fedai.az\\\/?p=96081#breadcrumblist\"},\"author\":{\"@id\":\"https:\\\/\\\/fedai.az\\\/?author=2#author\"},\"creator\":{\"@id\":\"https:\\\/\\\/fedai.az\\\/?author=2#author\"},\"image\":{\"@type\":\"ImageObject\",\"url\":\"https:\\\/\\\/fedai.az\\\/wp-content\\\/uploads\\\/2024\\\/10\\\/76567.jpg\",\"@id\":\"https:\\\/\\\/fedai.az\\\/?p=96081\\\/#mainImage\",\"width\":681,\"height\":400},\"primaryImageOfPage\":{\"@id\":\"https:\\\/\\\/fedai.az\\\/?p=96081#mainImage\"},\"datePublished\":\"2025-10-27T12:13:52+04:00\",\"dateModified\":\"2025-10-27T12:16:07+04:00\"},{\"@type\":\"WebSite\",\"@id\":\"https:\\\/\\\/fedai.az\\\/#website\",\"url\":\"https:\\\/\\\/fedai.az\\\/\",\"name\":\"\\\"F\\u0259dai\\\" q\\u0259zeti\",\"description\":\"Az\\u0259rbaycan V\\u0259t\\u0259n M\\u00fcharib\\u0259si Veteranlar\\u0131 \\u0130ctimai Birliyi\",\"inLanguage\":\"ru-RU\",\"publisher\":{\"@id\":\"https:\\\/\\\/fedai.az\\\/#organization\"}}]}\n\t\t<\/script>\n\t\t<!-- All in One SEO -->\n\n","aioseo_head_json":{"title":"T\u0259brik: Kapitan Seyfi H\u0259s\u0259nov \u2014 67 | \"F\u0259dai\" q\u0259zeti","description":"Bu g\u00fcn silahda\u015flar\u0131m\u0131zdan birinin - Az\u0259rbaycan V\u0259t\u0259n M\u00fcharib\u0259si Veteranlar\u0131 \u0130ctimai Birliyinin Z\u0259rdab rayon \u015f\u00f6b\u0259sinin s\u0259dri - istefada olan polis kapitan\u0131 H\u0259s\u0259nov Seyfi \u0130nqlab o\u011flunun ad g\u00fcn\u00fcd\u00fcr. Oktyabr ay\u0131n\u0131n 27-si onun 67 ya\u015f\u0131 tamam olur. Seyfi H\u0259s\u0259nov 1958-ci ilin oktyabr ay\u0131n\u0131n 27-d\u0259 Az\u0259rbaycan Respublikas\u0131n\u0131n Ucar rayonun L\u0259k k\u0259ndind\u0259 z\u0259hm\u0259tke\u015f ail\u0259d\u0259 anadan olub. O, 1975 ci ild\u0259 Ucar rayonunda orta","canonical_url":"https:\/\/fedai.az\/?p=96081","robots":"max-image-preview:large","keywords":"","webmasterTools":{"miscellaneous":""},"schema":{"@context":"https:\/\/schema.org","@graph":[{"@type":"Article","@id":"https:\/\/fedai.az\/?p=96081#article","name":"T\u0259brik: Kapitan Seyfi H\u0259s\u0259nov \u2014 67 | \"F\u0259dai\" q\u0259zeti","headline":"T\u0259brik: Kapitan Seyfi H\u0259s\u0259nov &#8212; 67","author":{"@id":"https:\/\/fedai.az\/?author=2#author"},"publisher":{"@id":"https:\/\/fedai.az\/#organization"},"image":{"@type":"ImageObject","url":"https:\/\/fedai.az\/wp-content\/uploads\/2024\/10\/76567.jpg","width":681,"height":400},"datePublished":"2025-10-27T12:13:52+04:00","dateModified":"2025-10-27T12:16:07+04:00","inLanguage":"ru-RU","mainEntityOfPage":{"@id":"https:\/\/fedai.az\/?p=96081#webpage"},"isPartOf":{"@id":"https:\/\/fedai.az\/?p=96081#webpage"},"articleSection":"T\u0259brik"},{"@type":"BreadcrumbList","@id":"https:\/\/fedai.az\/?p=96081#breadcrumblist","itemListElement":[{"@type":"ListItem","@id":"https:\/\/fedai.az#listItem","position":1,"name":"Home","item":"https:\/\/fedai.az","nextItem":{"@type":"ListItem","@id":"https:\/\/fedai.az\/?cat=11#listItem","name":"T\u0259brik"}},{"@type":"ListItem","@id":"https:\/\/fedai.az\/?cat=11#listItem","position":2,"name":"T\u0259brik","item":"https:\/\/fedai.az\/?cat=11","nextItem":{"@type":"ListItem","@id":"https:\/\/fedai.az\/?p=96081#listItem","name":"T\u0259brik: Kapitan Seyfi H\u0259s\u0259nov &#8212; 67"},"previousItem":{"@type":"ListItem","@id":"https:\/\/fedai.az#listItem","name":"Home"}},{"@type":"ListItem","@id":"https:\/\/fedai.az\/?p=96081#listItem","position":3,"name":"T\u0259brik: Kapitan Seyfi H\u0259s\u0259nov &#8212; 67","previousItem":{"@type":"ListItem","@id":"https:\/\/fedai.az\/?cat=11#listItem","name":"T\u0259brik"}}]},{"@type":"Organization","@id":"https:\/\/fedai.az\/#organization","name":"\"F\u0259dai\" q\u0259zeti","description":"Az\u0259rbaycan V\u0259t\u0259n M\u00fcharib\u0259si Veteranlar\u0131 \u0130ctimai Birliyi","url":"https:\/\/fedai.az\/","logo":{"@type":"ImageObject","url":"https:\/\/fedai.az\/wp-content\/uploads\/2022\/09\/logo3.png","@id":"https:\/\/fedai.az\/?p=96081\/#organizationLogo","width":500,"height":100},"image":{"@id":"https:\/\/fedai.az\/?p=96081\/#organizationLogo"},"sameAs":["https:\/\/instagram.com\/fedai.az","https:\/\/pinterest.com\/fedai.az","https:\/\/youtube.com\/fedai.az","https:\/\/linkedin.com\/in\/fedai.az"]},{"@type":"Person","@id":"https:\/\/fedai.az\/?author=2#author","url":"https:\/\/fedai.az\/?author=2","name":"www.Fedai.az","image":{"@type":"ImageObject","@id":"https:\/\/fedai.az\/?p=96081#authorImage","url":"https:\/\/secure.gravatar.com\/avatar\/d861e138a4bd3ce6812a7aa95e796aa05e165f28ecde9a972c6789a09fcd1daa?s=96&d=mm&r=g","width":96,"height":96,"caption":"www.Fedai.az"}},{"@type":"WebPage","@id":"https:\/\/fedai.az\/?p=96081#webpage","url":"https:\/\/fedai.az\/?p=96081","name":"T\u0259brik: Kapitan Seyfi H\u0259s\u0259nov \u2014 67 | \"F\u0259dai\" q\u0259zeti","description":"Bu g\u00fcn silahda\u015flar\u0131m\u0131zdan birinin - Az\u0259rbaycan V\u0259t\u0259n M\u00fcharib\u0259si Veteranlar\u0131 \u0130ctimai Birliyinin Z\u0259rdab rayon \u015f\u00f6b\u0259sinin s\u0259dri - istefada olan polis kapitan\u0131 H\u0259s\u0259nov Seyfi \u0130nqlab o\u011flunun ad g\u00fcn\u00fcd\u00fcr. Oktyabr ay\u0131n\u0131n 27-si onun 67 ya\u015f\u0131 tamam olur. Seyfi H\u0259s\u0259nov 1958-ci ilin oktyabr ay\u0131n\u0131n 27-d\u0259 Az\u0259rbaycan Respublikas\u0131n\u0131n Ucar rayonun L\u0259k k\u0259ndind\u0259 z\u0259hm\u0259tke\u015f ail\u0259d\u0259 anadan olub. O, 1975 ci ild\u0259 Ucar rayonunda orta","inLanguage":"ru-RU","isPartOf":{"@id":"https:\/\/fedai.az\/#website"},"breadcrumb":{"@id":"https:\/\/fedai.az\/?p=96081#breadcrumblist"},"author":{"@id":"https:\/\/fedai.az\/?author=2#author"},"creator":{"@id":"https:\/\/fedai.az\/?author=2#author"},"image":{"@type":"ImageObject","url":"https:\/\/fedai.az\/wp-content\/uploads\/2024\/10\/76567.jpg","@id":"https:\/\/fedai.az\/?p=96081\/#mainImage","width":681,"height":400},"primaryImageOfPage":{"@id":"https:\/\/fedai.az\/?p=96081#mainImage"},"datePublished":"2025-10-27T12:13:52+04:00","dateModified":"2025-10-27T12:16:07+04:00"},{"@type":"WebSite","@id":"https:\/\/fedai.az\/#website","url":"https:\/\/fedai.az\/","name":"\"F\u0259dai\" q\u0259zeti","description":"Az\u0259rbaycan V\u0259t\u0259n M\u00fcharib\u0259si Veteranlar\u0131 \u0130ctimai Birliyi","inLanguage":"ru-RU","publisher":{"@id":"https:\/\/fedai.az\/#organization"}}]},"og:locale":"ru_RU","og:site_name":"&quot;F\u0259dai&quot; q\u0259zeti","og:type":"article","og:title":"T\u0259brik: Kapitan Seyfi H\u0259s\u0259nov \u2014 67 | &quot;F\u0259dai&quot; q\u0259zeti","og:description":"Bu g\u00fcn silahda\u015flar\u0131m\u0131zdan birinin - Az\u0259rbaycan V\u0259t\u0259n M\u00fcharib\u0259si Veteranlar\u0131 \u0130ctimai Birliyinin Z\u0259rdab rayon \u015f\u00f6b\u0259sinin s\u0259dri - istefada olan polis kapitan\u0131 H\u0259s\u0259nov Seyfi \u0130nqlab o\u011flunun ad g\u00fcn\u00fcd\u00fcr. Oktyabr ay\u0131n\u0131n 27-si onun 67 ya\u015f\u0131 tamam olur. Seyfi H\u0259s\u0259nov 1958-ci ilin oktyabr ay\u0131n\u0131n 27-d\u0259 Az\u0259rbaycan Respublikas\u0131n\u0131n Ucar rayonun L\u0259k k\u0259ndind\u0259 z\u0259hm\u0259tke\u015f ail\u0259d\u0259 anadan olub. O, 1975 ci ild\u0259 Ucar rayonunda orta","og:url":"https:\/\/fedai.az\/?p=96081","fb:app_id":"696809432257740","og:image":"https:\/\/fedai.az\/wp-content\/uploads\/2024\/10\/76567.jpg","og:image:secure_url":"https:\/\/fedai.az\/wp-content\/uploads\/2024\/10\/76567.jpg","og:image:width":681,"og:image:height":400,"article:published_time":"2025-10-27T08:13:52+00:00","article:modified_time":"2025-10-27T08:16:07+00:00","article:publisher":"https:\/\/facebook.com\/fedai.az","twitter:card":"summary","twitter:site":"@fedai.az","twitter:title":"T\u0259brik: Kapitan Seyfi H\u0259s\u0259nov \u2014 67 | &quot;F\u0259dai&quot; q\u0259zeti","twitter:description":"Bu g\u00fcn silahda\u015flar\u0131m\u0131zdan birinin - Az\u0259rbaycan V\u0259t\u0259n M\u00fcharib\u0259si Veteranlar\u0131 \u0130ctimai Birliyinin Z\u0259rdab rayon \u015f\u00f6b\u0259sinin s\u0259dri - istefada olan polis kapitan\u0131 H\u0259s\u0259nov Seyfi \u0130nqlab o\u011flunun ad g\u00fcn\u00fcd\u00fcr. Oktyabr ay\u0131n\u0131n 27-si onun 67 ya\u015f\u0131 tamam olur. Seyfi H\u0259s\u0259nov 1958-ci ilin oktyabr ay\u0131n\u0131n 27-d\u0259 Az\u0259rbaycan Respublikas\u0131n\u0131n Ucar rayonun L\u0259k k\u0259ndind\u0259 z\u0259hm\u0259tke\u015f ail\u0259d\u0259 anadan olub. O, 1975 ci ild\u0259 Ucar rayonunda orta","twitter:image":"https:\/\/fedai.az\/wp-content\/uploads\/2024\/10\/76567.jpg"},"aioseo_meta_data":{"post_id":"96081","title":null,"description":null,"keywords":null,"keyphrases":{"focus":{"keyphrase":"","score":0,"analysis":{"keyphraseInTitle":{"score":0,"maxScore":9,"error":1}}},"additional":[]},"primary_term":null,"canonical_url":null,"og_title":null,"og_description":null,"og_object_type":"default","og_image_type":"default","og_image_url":null,"og_image_width":null,"og_image_height":null,"og_image_custom_url":null,"og_image_custom_fields":null,"og_video":"","og_custom_url":null,"og_article_section":null,"og_article_tags":null,"twitter_use_og":false,"twitter_card":"default","twitter_image_type":"default","twitter_image_url":null,"twitter_image_custom_url":null,"twitter_image_custom_fields":null,"twitter_title":null,"twitter_description":null,"schema":{"blockGraphs":[],"customGraphs":[],"default":{"data":{"Article":[],"Course":[],"Dataset":[],"FAQPage":[],"Movie":[],"Person":[],"Product":[],"ProductReview":[],"Car":[],"Recipe":[],"Service":[],"SoftwareApplication":[],"WebPage":[]},"graphName":"Article","isEnabled":true},"graphs":[]},"schema_type":"default","schema_type_options":null,"pillar_content":false,"robots_default":true,"robots_noindex":false,"robots_noarchive":false,"robots_nosnippet":false,"robots_nofollow":false,"robots_noimageindex":false,"robots_noodp":false,"robots_notranslate":false,"robots_max_snippet":"-1","robots_max_videopreview":"-1","robots_max_imagepreview":"large","priority":null,"frequency":"default","local_seo":null,"breadcrumb_settings":null,"limit_modified_date":false,"ai":{"faqs":[],"keyPoints":[],"titles":[],"descriptions":[],"socialPosts":{"email":[],"linkedin":[],"twitter":[],"facebook":[],"instagram":[]}},"created":"2023-10-27 05:57:07","updated":"2025-10-27 08:30:38","seo_analyzer_scan_date":null,"focus_keyword":null,"additional_keywords":null,"truseo_locale":null},"aioseo_breadcrumb":"<div class=\"aioseo-breadcrumbs\"><span class=\"aioseo-breadcrumb\">\n\t\t\t<a href=\"https:\/\/fedai.az\" title=\"Home\">Home<\/a>\n\t\t<\/span><span class=\"aioseo-breadcrumb-separator\">\u00bb<\/span><span class=\"aioseo-breadcrumb\">\n\t\t\t<a href=\"https:\/\/fedai.az\/?cat=11\" title=\"T\u0259brik\">T\u0259brik<\/a>\n\t\t<\/span><span class=\"aioseo-breadcrumb-separator\">\u00bb<\/span><span class=\"aioseo-breadcrumb\">\n\t\t\tT\u0259brik: Kapitan Seyfi H\u0259s\u0259nov \u2014 67\n\t\t<\/span><\/div>","aioseo_breadcrumb_json":[{"label":"Home","link":"https:\/\/fedai.az"},{"label":"T\u0259brik","link":"https:\/\/fedai.az\/?cat=11"},{"label":"T\u0259brik: Kapitan Seyfi H\u0259s\u0259nov &#8212; 67","link":"https:\/\/fedai.az\/?p=96081"}],"_links":{"self":[{"href":"https:\/\/fedai.az\/index.php?rest_route=\/wp\/v2\/posts\/96081","targetHints":{"allow":["GET"]}}],"collection":[{"href":"https:\/\/fedai.az\/index.php?rest_route=\/wp\/v2\/posts"}],"about":[{"href":"https:\/\/fedai.az\/index.php?rest_route=\/wp\/v2\/types\/post"}],"author":[{"embeddable":true,"href":"https:\/\/fedai.az\/index.php?rest_route=\/wp\/v2\/users\/2"}],"replies":[{"embeddable":true,"href":"https:\/\/fedai.az\/index.php?rest_route=%2Fwp%2Fv2%2Fcomments&post=96081"}],"version-history":[{"count":7,"href":"https:\/\/fedai.az\/index.php?rest_route=\/wp\/v2\/posts\/96081\/revisions"}],"predecessor-version":[{"id":102960,"href":"https:\/\/fedai.az\/index.php?rest_route=\/wp\/v2\/posts\/96081\/revisions\/102960"}],"wp:featuredmedia":[{"embeddable":true,"href":"https:\/\/fedai.az\/index.php?rest_route=\/wp\/v2\/media\/102957"}],"wp:attachment":[{"href":"https:\/\/fedai.az\/index.php?rest_route=%2Fwp%2Fv2%2Fmedia&parent=96081"}],"wp:term":[{"taxonomy":"category","embeddable":true,"href":"https:\/\/fedai.az\/index.php?rest_route=%2Fwp%2Fv2%2Fcategories&post=96081"},{"taxonomy":"post_tag","embeddable":true,"href":"https:\/\/fedai.az\/index.php?rest_route=%2Fwp%2Fv2%2Ftags&post=96081"}],"curies":[{"name":"wp","href":"https:\/\/api.w.org\/{rel}","templated":true}]}}