{"id":96196,"date":"2023-11-01T09:14:36","date_gmt":"2023-11-01T05:14:36","guid":{"rendered":"https:\/\/fedai.az\/?p=96196"},"modified":"2023-11-01T09:17:53","modified_gmt":"2023-11-01T05:17:53","slug":"h%c9%99rbi-yonumlu-qeyri-hokum%c9%99t-t%c9%99skilatlari-v%c9%99-ekspertl%c9%99rl%c9%99-postmuharib%c9%99-dovrund%c9%99-icra-olunan-sosial-d%c9%99st%c9%99k-t%c9%99dbirl%c9%99ri-muzakir%c9%99-edilib","status":"publish","type":"post","link":"https:\/\/fedai.az\/?p=96196","title":{"rendered":"H\u0259rbi y\u00f6n\u00fcml\u00fc qeyri-h\u00f6kum\u0259t t\u0259\u015fkilatlar\u0131 v\u0259 ekspertl\u0259rl\u0259 postm\u00fcharib\u0259 d\u00f6vr\u00fcnd\u0259 icra olunan sosial d\u0259st\u0259k t\u0259dbirl\u0259ri m\u00fczakir\u0259 edilib"},"content":{"rendered":"\n<p>\u018fm\u0259k v\u0259 \u018fhalinin Sosial M\u00fcdafi\u0259si Nazirliyind\u0259 h\u0259rbi y\u00f6n\u00fcml\u00fc qeyri-h\u00f6kum\u0259t t\u0259\u015fkilatlar\u0131 v\u0259 h\u0259rbi ekspertl\u0259rl\u0259 g\u00f6r\u00fc\u015f olub. G\u00f6r\u00fc\u015fd\u0259 postm\u00fcharib\u0259 d\u00f6vr\u00fcnd\u0259 icra olunan sosial d\u0259st\u0259k t\u0259dbirl\u0259ri m\u00fczakir\u0259 edilib.<\/p>\n\n\n\n<p>\u018fm\u0259k v\u0259 \u0259halinin sosial m\u00fcdafi\u0259si nazirinin m\u00fcavini Anar \u018fliyev \u015f\u0259hid ail\u0259l\u0259ri v\u0259 m\u00fcharib\u0259 i\u015ftirak\u00e7\u0131lar\u0131 il\u0259 ba\u011fl\u0131 icra olunan sosial d\u0259st\u0259k t\u0259dbirl\u0259rind\u0259 ictimai i\u015ftirak\u00e7\u0131l\u0131\u011f\u0131n t\u0259min edilm\u0259sini, v\u0259t\u0259nda\u015f c\u0259miyy\u0259tl\u0259ri n\u00fcmay\u0259nd\u0259l\u0259ri il\u0259 \u0259m\u0259kda\u015fl\u0131\u011fa x\u00fcsusi \u00f6n\u0259m verildiyini qeyd edib.&nbsp;<\/p>\n\n\n\n<p>Nazir m\u00fcavini bildirib ki, Prezident \u0130lham \u018fliyevin tap\u015f\u0131r\u0131qlar\u0131na uy\u011fun olaraq, \u015f\u0259hidl\u0259rimizin ail\u0259 \u00fczvl\u0259ri v\u0259 m\u00fcharib\u0259 i\u015ftirak\u00e7\u0131lar\u0131 il\u0259 ba\u011fl\u0131 geni\u015fmiqyasl\u0131 sosial d\u0259st\u0259k paketi icra olunur. Bel\u0259 ki, bu istiqam\u0259td\u0259 art\u0131q 124 min \u015f\u0259xs\u0259 309 min xidm\u0259t g\u00f6st\u0259rilib. \u00dcmumilikd\u0259 h\u0259ssas qruplardan olan insanlara d\u0259st\u0259k xidm\u0259tl\u0259rinin g\u00f6st\u0259rilm\u0259si sah\u0259sind\u0259 Nazirliyin m\u00fcvafiq sah\u0259l\u0259r \u00fczr\u0259 ixtisasla\u015fm\u0131\u015f QHT-l\u0259rl\u0259 v\u0259 ekspertl\u0259rl\u0259 u\u011furlu \u0259m\u0259kda\u015fl\u0131q t\u0259cr\u00fcb\u0259sinin formala\u015fmas\u0131 v\u0259 haz\u0131rk\u0131 g\u00f6r\u00fc\u015f\u00fcn bu t\u0259cr\u00fcb\u0259nin davam\u0131 oldu\u011fu vur\u011fulan\u0131b.<\/p>\n\n\n\n<p>A.\u018fliyev d\u00f6vl\u0259t ba\u015f\u00e7\u0131s\u0131n\u0131n 2021-ci il 27 oktyabr tarixli F\u0259rman\u0131 il\u0259 yarad\u0131lm\u0131\u015f \u201cZ\u0259f\u0259r\u201d altsisteminin \u015f\u0259hid ail\u0259l\u0259ri v\u0259 m\u00fcharib\u0259 i\u015ftirak\u00e7\u0131lar\u0131na sosial d\u0259st\u0259k t\u0259dbirl\u0259ri bar\u0259d\u0259 \u00e7evik m\u0259lumat m\u00fcbadil\u0259sind\u0259, h\u0259min i\u015fl\u0259rin daha operativ, sistemli v\u0259 m\u0259qs\u0259d\u0259uy\u011fun t\u0259\u015fkilind\u0259ki imkanlar\u0131n\u0131 qeyd edib.<\/p>\n\n\n\n<p>G\u00f6r\u00fc\u015fd\u0259 Nazirlik yan\u0131nda \u0130ctimai \u015furan\u0131n s\u0259dri El\u015fad M\u0259mm\u0259dov, \u201cX\u00fcsusi T\u0259yinatl\u0131lar\u0131n Qazil\u0259ri, \u015e\u0259hid ail\u0259l\u0259ri v\u0259 Veteranlar\u0131\u201d \u0130ctimai Birliyinin s\u0259dri B\u0259hruz M\u0259mm\u0259dzad\u0259, \u201cT\u0259rxis Olunmu\u015f H\u0259rb\u00e7il\u0259rin G\u0259ncl\u0259ri Maarifl\u0259ndirm\u0259\u201d \u0130ctimai Birliyinin s\u0259dri Emin H\u0259s\u0259nli, \u201cQaraba\u011f m\u00fcharib\u0259si \u0259lill\u0259ri, veteranlar\u0131 v\u0259 \u015f\u0259hid ail\u0259l\u0259ri\u201c \u0130ctimai Birliyinin s\u0259dri Mehdi Mehdiyev, \u201cQaraba\u011f Qazil\u0259ri\u201d \u0130ctimai Birliyinin s\u0259dri As\u0259f \u018fliyev, \u201cAz\u0259rbaycan V\u0259t\u0259n M\u00fcharib\u0259si Veteranlar\u0131\u201d \u0130ctimai Birliyinin s\u0259dri F\u00fczuli Rzaquliyev, h\u0259rbi ekspert \u018fdal\u0259t Verdiyev v\u0259 dig\u0259rl\u0259ri d\u00f6vl\u0259timizin \u015f\u0259hid ail\u0259l\u0259rin\u0259, m\u00fcharib\u0259 i\u015ftirak\u00e7\u0131lar\u0131na x\u00fcsusi diqq\u0259t v\u0259 qay\u011f\u0131s\u0131ndan b\u0259hs edibl\u0259r. G\u00f6r\u00fclm\u00fc\u015f i\u015fl\u0259rin miqyas\u0131n\u0131n geni\u015f v\u0259 n\u00fcmun\u0259vi oldu\u011funu bildiribl\u0259r.<\/p>\n\n\n\n<figure class=\"wp-block-image size-full is-resized\"><img loading=\"lazy\" decoding=\"async\" width=\"1024\" height=\"767\" src=\"https:\/\/fedai.az\/wp-content\/uploads\/2023\/11\/image-3.png\" alt=\"\" class=\"wp-image-96199\" style=\"aspect-ratio:1.3350717079530638;width:762px;height:auto\" srcset=\"https:\/\/fedai.az\/wp-content\/uploads\/2023\/11\/image-3.png 1024w, https:\/\/fedai.az\/wp-content\/uploads\/2023\/11\/image-3-300x225.png 300w, https:\/\/fedai.az\/wp-content\/uploads\/2023\/11\/image-3-150x112.png 150w, https:\/\/fedai.az\/wp-content\/uploads\/2023\/11\/image-3-768x575.png 768w\" sizes=\"auto, (max-width: 1024px) 100vw, 1024px\" \/><\/figure>\n\n\n\n<p>V\u0259t\u0259n m\u00fcharib\u0259sind\u0259n sonra \u015f\u0259hid ail\u0259l\u0259ri v\u0259 m\u00fcharib\u0259 i\u015ftirak\u00e7\u0131lar\u0131 il\u0259 ba\u011fl\u0131 icra olunan geni\u015f miqyasl\u0131 sosial d\u0259st\u0259k proqram\u0131 bar\u0259d\u0259 t\u0259qdimat da edilib. Bildirilib ki, qeyd olunan kateqoriyadan olan v\u0259t\u0259nda\u015flar\u0131m\u0131za sosial \u00f6d\u0259ni\u015fl\u0259r proaktiv qaydada t\u0259yin edilib, son 5 ild\u0259 sosial \u00f6d\u0259ni\u015fl\u0259rd\u0259 ciddi art\u0131mlar h\u0259yata ke\u00e7irilib. \u015e\u0259hid ail\u0259l\u0259rinin v\u0259 m\u00fcharib\u0259 i\u015ftirak\u00e7\u0131lar\u0131n\u0131n aktiv m\u0259\u015f\u011fulluq proqramlar\u0131, reabilitasiya xidm\u0259tl\u0259ri il\u0259 \u0259hat\u0259 olunduqlar\u0131 diqq\u0259t\u0259 \u00e7atd\u0131r\u0131l\u0131b.<\/p>\n\n\n\n<p>\u018fm\u0259k v\u0259 \u018fhalinin Sosial M\u00fcdafi\u0259si Nazirliyind\u0259 h\u0259rbi y\u00f6n\u00fcml\u00fc qeyri-h\u00f6kum\u0259t t\u0259\u015fkilatlar\u0131 v\u0259 h\u0259rbi ekspertl\u0259rl\u0259 g\u00f6r\u00fc\u015f olub. G\u00f6r\u00fc\u015fd\u0259 postm\u00fcharib\u0259 d\u00f6vr\u00fcnd\u0259 icra olunan sosial d\u0259st\u0259k t\u0259dbirl\u0259ri m\u00fczakir\u0259 edilib.<\/p>\n\n\n\n<p>\u018fm\u0259k v\u0259 \u0259halinin sosial m\u00fcdafi\u0259si nazirinin m\u00fcavini Anar \u018fliyev \u015f\u0259hid ail\u0259l\u0259ri v\u0259 m\u00fcharib\u0259 i\u015ftirak\u00e7\u0131lar\u0131 il\u0259 ba\u011fl\u0131 icra olunan sosial d\u0259st\u0259k t\u0259dbirl\u0259rind\u0259 ictimai i\u015ftirak\u00e7\u0131l\u0131\u011f\u0131n t\u0259min edilm\u0259sini, v\u0259t\u0259nda\u015f c\u0259miyy\u0259tl\u0259ri n\u00fcmay\u0259nd\u0259l\u0259ri il\u0259 \u0259m\u0259kda\u015fl\u0131\u011fa x\u00fcsusi \u00f6n\u0259m verildiyini qeyd edib.&nbsp;<\/p>\n\n\n\n<p>Nazir m\u00fcavini bildirib ki, Prezident \u0130lham \u018fliyevin tap\u015f\u0131r\u0131qlar\u0131na uy\u011fun olaraq, \u015f\u0259hidl\u0259rimizin ail\u0259 \u00fczvl\u0259ri v\u0259 m\u00fcharib\u0259 i\u015ftirak\u00e7\u0131lar\u0131 il\u0259 ba\u011fl\u0131 geni\u015fmiqyasl\u0131 sosial d\u0259st\u0259k paketi icra olunur. Bel\u0259 ki, bu istiqam\u0259td\u0259 art\u0131q 124 min \u015f\u0259xs\u0259 309 min xidm\u0259t g\u00f6st\u0259rilib. \u00dcmumilikd\u0259 h\u0259ssas qruplardan olan insanlara d\u0259st\u0259k xidm\u0259tl\u0259rinin g\u00f6st\u0259rilm\u0259si sah\u0259sind\u0259 Nazirliyin m\u00fcvafiq sah\u0259l\u0259r \u00fczr\u0259 ixtisasla\u015fm\u0131\u015f QHT-l\u0259rl\u0259 v\u0259 ekspertl\u0259rl\u0259 u\u011furlu \u0259m\u0259kda\u015fl\u0131q t\u0259cr\u00fcb\u0259sinin formala\u015fmas\u0131 v\u0259 haz\u0131rk\u0131 g\u00f6r\u00fc\u015f\u00fcn bu t\u0259cr\u00fcb\u0259nin davam\u0131 oldu\u011fu vur\u011fulan\u0131b.<\/p>\n\n\n\n<p>A.\u018fliyev d\u00f6vl\u0259t ba\u015f\u00e7\u0131s\u0131n\u0131n 2021-ci il 27 oktyabr tarixli F\u0259rman\u0131 il\u0259 yarad\u0131lm\u0131\u015f \u201cZ\u0259f\u0259r\u201d altsisteminin \u015f\u0259hid ail\u0259l\u0259ri v\u0259 m\u00fcharib\u0259 i\u015ftirak\u00e7\u0131lar\u0131na sosial d\u0259st\u0259k t\u0259dbirl\u0259ri bar\u0259d\u0259 \u00e7evik m\u0259lumat m\u00fcbadil\u0259sind\u0259, h\u0259min i\u015fl\u0259rin daha operativ, sistemli v\u0259 m\u0259qs\u0259d\u0259uy\u011fun t\u0259\u015fkilind\u0259ki imkanlar\u0131n\u0131 qeyd edib.<\/p>\n\n\n\n<p>G\u00f6r\u00fc\u015fd\u0259 Nazirlik yan\u0131nda \u0130ctimai \u015furan\u0131n s\u0259dri El\u015fad M\u0259mm\u0259dov, \u201cX\u00fcsusi T\u0259yinatl\u0131lar\u0131n Qazil\u0259ri, \u015e\u0259hid ail\u0259l\u0259ri v\u0259 Veteranlar\u0131\u201d \u0130ctimai Birliyinin s\u0259dri B\u0259hruz M\u0259mm\u0259dzad\u0259, \u201cT\u0259rxis Olunmu\u015f H\u0259rb\u00e7il\u0259rin G\u0259ncl\u0259ri Maarifl\u0259ndirm\u0259\u201d \u0130ctimai Birliyinin s\u0259dri Emin H\u0259s\u0259nli, \u201cQaraba\u011f m\u00fcharib\u0259si \u0259lill\u0259ri, veteranlar\u0131 v\u0259 \u015f\u0259hid ail\u0259l\u0259ri\u201c \u0130ctimai Birliyinin s\u0259dri Mehdi Mehdiyev, \u201cQaraba\u011f Qazil\u0259ri\u201d \u0130ctimai Birliyinin s\u0259dri As\u0259f \u018fliyev, \u201cAz\u0259rbaycan V\u0259t\u0259n M\u00fcharib\u0259si Veteranlar\u0131\u201d \u0130ctimai Birliyinin s\u0259dri F\u00fczuli Rzaquliyev, h\u0259rbi ekspert \u018fdal\u0259t Verdiyev v\u0259 dig\u0259rl\u0259ri d\u00f6vl\u0259timizin \u015f\u0259hid ail\u0259l\u0259rin\u0259, m\u00fcharib\u0259 i\u015ftirak\u00e7\u0131lar\u0131na x\u00fcsusi diqq\u0259t v\u0259 qay\u011f\u0131s\u0131ndan b\u0259hs edibl\u0259r. G\u00f6r\u00fclm\u00fc\u015f i\u015fl\u0259rin miqyas\u0131n\u0131n geni\u015f v\u0259 n\u00fcmun\u0259vi oldu\u011funu bildiribl\u0259r.<\/p>\n\n\n\n<p>V\u0259t\u0259n m\u00fcharib\u0259sind\u0259n sonra \u015f\u0259hid ail\u0259l\u0259ri v\u0259 m\u00fcharib\u0259 i\u015ftirak\u00e7\u0131lar\u0131 il\u0259 ba\u011fl\u0131 icra olunan geni\u015f miqyasl\u0131 sosial d\u0259st\u0259k proqram\u0131 bar\u0259d\u0259 t\u0259qdimat da edilib. Bildirilib ki, qeyd olunan kateqoriyadan olan v\u0259t\u0259nda\u015flar\u0131m\u0131za sosial \u00f6d\u0259ni\u015fl\u0259r proaktiv qaydada t\u0259yin edilib, son 5 ild\u0259 sosial \u00f6d\u0259ni\u015fl\u0259rd\u0259 ciddi art\u0131mlar h\u0259yata ke\u00e7irilib. \u015e\u0259hid ail\u0259l\u0259rinin v\u0259 m\u00fcharib\u0259 i\u015ftirak\u00e7\u0131lar\u0131n\u0131n aktiv m\u0259\u015f\u011fulluq proqramlar\u0131, reabilitasiya xidm\u0259tl\u0259ri il\u0259 \u0259hat\u0259 olunduqlar\u0131 diqq\u0259t\u0259 \u00e7atd\u0131r\u0131l\u0131b.<\/p>\n\n\n\n<p><strong>P.S.<\/strong> G\u00f6r\u00fc\u015fd\u0259 \u00e7\u0131x\u0131\u015f ed\u0259n \u201cAz\u0259rbaycan V\u0259t\u0259n M\u00fcharib\u0259si Veteranlar\u0131\u201d \u0130ctimai Birliyinin s\u0259dri F\u00fczuli Rzaquliyev  Az\u0259rbaycan Respublikas\u0131n\u0131n Prezidenti, Ali Ba\u015f Komandan c\u0259nab \u0130lham \u018fliyevin Xank\u0259ndi \u015f\u0259h\u0259rind\u0259 d\u00f6vl\u0259t bayra\u011f\u0131m\u0131z\u0131n yenid\u0259n ucald\u0131lmas\u0131 kimi tarixi v\u0259 \u0259lam\u0259tdar bir d\u00f6vr\u00fc ya\u015fad\u0131\u011f\u0131m\u0131z\u0131 bildir\u0259n Fezuli Rzaquliyev qeyd edib ki,qalib olaraq M\u00fcz\u0259ff\u0259r Ali Ba\u015f Komandan\u0131m\u0131z\u0131n s\u0259rk\u0259rd\u0259liyi alt\u0131nda  d\u00fcnya h\u0259rb tarixin\u0259 yenilm\u0259zlik imzas\u0131 atan d\u00f6vl\u0259t \u2013 xalq \u2013 ordu v\u0259hd\u0259ti il\u0259 \u0259dal\u0259tli m\u00fcharib\u0259, s\u00fclh, bar\u0131\u015f \u00f6rn\u0259yi b\u0259x\u015f edildi.<\/p>\n\n\n\n<p>AVMV\u0130B &#8212; in s\u0259dri Prezident \u0130lham \u018fliyevin g\u00f6st\u0259ri\u015fi il\u0259 \u015f\u0259hid ail\u0259l\u0259ri v\u0259 m\u00fcharib\u0259 veteranlar\u0131n\u0131n sosial t\u0259minat\u0131, postm\u00fcharib\u0259 d\u00f6vr\u00fcnd\u0259 sosial d\u0259st\u0259k, m\u0259\u015f\u011fulluq, m\u0259nzil t\u0259minat\u0131 istiqam\u0259tind\u0259 g\u00f6r\u00fcl\u0259n i\u015fl\u0259rl\u0259rin t\u0259qdir\u0259 laiq oldu\u011funu bildir\u0259r\u0259k m\u00fcharib\u0259 veteranlar\u0131n\u0131n probleml\u0259rind\u0259n s\u00f6z a\u00e7\u0131b.<\/p>\n\n\n\n<figure class=\"wp-block-image size-large is-resized\"><img loading=\"lazy\" decoding=\"async\" width=\"1024\" height=\"683\" src=\"https:\/\/fedai.az\/wp-content\/uploads\/2023\/11\/image-2-1024x683.png\" alt=\"\" class=\"wp-image-96197\" style=\"aspect-ratio:1.499267935578331;width:771px;height:auto\" srcset=\"https:\/\/fedai.az\/wp-content\/uploads\/2023\/11\/image-2-1024x683.png 1024w, https:\/\/fedai.az\/wp-content\/uploads\/2023\/11\/image-2-300x200.png 300w, https:\/\/fedai.az\/wp-content\/uploads\/2023\/11\/image-2-150x100.png 150w, https:\/\/fedai.az\/wp-content\/uploads\/2023\/11\/image-2-768x512.png 768w, https:\/\/fedai.az\/wp-content\/uploads\/2023\/11\/image-2-1536x1024.png 1536w, https:\/\/fedai.az\/wp-content\/uploads\/2023\/11\/image-2.png 1920w\" sizes=\"auto, (max-width: 1024px) 100vw, 1024px\" \/><\/figure>\n","protected":false},"excerpt":{"rendered":"<p>\u018fm\u0259k v\u0259 \u018fhalinin Sosial M\u00fcdafi\u0259si Nazirliyind\u0259 h\u0259rbi y\u00f6n\u00fcml\u00fc qeyri-h\u00f6kum\u0259t t\u0259\u015fkilatlar\u0131 v\u0259 h\u0259rbi ekspertl\u0259rl\u0259 g\u00f6r\u00fc\u015f olub. G\u00f6r\u00fc\u015fd\u0259 postm\u00fcharib\u0259 d\u00f6vr\u00fcnd\u0259 icra olunan sosial d\u0259st\u0259k t\u0259dbirl\u0259ri m\u00fczakir\u0259<\/p>\n","protected":false},"author":2,"featured_media":96198,"comment_status":"closed","ping_status":"closed","sticky":false,"template":"","format":"standard","meta":{"footnotes":""},"categories":[3],"tags":[],"class_list":["post-96196","post","type-post","status-publish","format-standard","has-post-thumbnail","hentry","category-gundm"],"aioseo_notices":[],"_links":{"self":[{"href":"https:\/\/fedai.az\/index.php?rest_route=\/wp\/v2\/posts\/96196","targetHints":{"allow":["GET"]}}],"collection":[{"href":"https:\/\/fedai.az\/index.php?rest_route=\/wp\/v2\/posts"}],"about":[{"href":"https:\/\/fedai.az\/index.php?rest_route=\/wp\/v2\/types\/post"}],"author":[{"embeddable":true,"href":"https:\/\/fedai.az\/index.php?rest_route=\/wp\/v2\/users\/2"}],"replies":[{"embeddable":true,"href":"https:\/\/fedai.az\/index.php?rest_route=%2Fwp%2Fv2%2Fcomments&post=96196"}],"version-history":[{"count":2,"href":"https:\/\/fedai.az\/index.php?rest_route=\/wp\/v2\/posts\/96196\/revisions"}],"predecessor-version":[{"id":96201,"href":"https:\/\/fedai.az\/index.php?rest_route=\/wp\/v2\/posts\/96196\/revisions\/96201"}],"wp:featuredmedia":[{"embeddable":true,"href":"https:\/\/fedai.az\/index.php?rest_route=\/wp\/v2\/media\/96198"}],"wp:attachment":[{"href":"https:\/\/fedai.az\/index.php?rest_route=%2Fwp%2Fv2%2Fmedia&parent=96196"}],"wp:term":[{"taxonomy":"category","embeddable":true,"href":"https:\/\/fedai.az\/index.php?rest_route=%2Fwp%2Fv2%2Fcategories&post=96196"},{"taxonomy":"post_tag","embeddable":true,"href":"https:\/\/fedai.az\/index.php?rest_route=%2Fwp%2Fv2%2Ftags&post=96196"}],"curies":[{"name":"wp","href":"https:\/\/api.w.org\/{rel}","templated":true}]}}