{"id":96404,"date":"2023-11-09T17:07:00","date_gmt":"2023-11-09T13:07:00","guid":{"rendered":"https:\/\/fedai.az\/?p=96404"},"modified":"2023-11-09T23:09:30","modified_gmt":"2023-11-09T19:09:30","slug":"qht-l%c9%99r-z%c9%99f%c9%99r-gunu-munasib%c9%99til%c9%99-prezident-ilham-eliyev%c9%99-muraci%c9%99t-edib","status":"publish","type":"post","link":"https:\/\/fedai.az\/?p=96404","title":{"rendered":"QHT-l\u0259r Z\u0259f\u0259r G\u00fcn\u00fc m\u00fcnasib\u0259til\u0259 Prezident \u0130lham \u018fliyev\u0259 m\u00fcraci\u0259t edib"},"content":{"rendered":"\n<p>Az\u0259rbaycan Qeyri-H\u00f6kum\u0259t T\u0259\u015fkilatlar\u0131 Z\u0259f\u0259r G\u00fcn\u00fc m\u00fcnasib\u0259til\u0259 Az\u0259rbaycan Respublikas\u0131n\u0131n Prezidenti \u0130lham \u018fliyev\u0259 m\u00fcraci\u0259t \u00fcnvanlay\u0131blar.<\/p>\n\n\n\n<p>Fedai.az-\u0131n x\u0259b\u0259rin\u0259 g\u00f6r\u0259, m\u00fcraci\u0259td\u0259 deyilir ki, ilk d\u0259f\u0259 olaraq Az\u0259rbaycan b\u00f6y\u00fck t\u0259nt\u0259n\u0259, ruh y\u00fcks\u0259kliyi il\u0259 Z\u0259f\u0259r g\u00fcn\u00fcn\u00fc respublikan\u0131n tam suverenliyi v\u0259 \u0259razi b\u00fct\u00f6vl\u00fcy\u00fc \u015f\u0259raitind\u0259 qeyd edir.<\/p>\n\n\n\n<p>&#171;Az\u0259rbaycan Bayra\u011f\u0131n\u0131n \u015eu\u015fada, Xank\u0259ndind\u0259, Xocal\u0131da dal\u011falanmas\u0131 tarix\u0259 \u0259b\u0259di h\u0259kk olan b\u00f6y\u00fck xo\u015fb\u0259xtlikdir. Bu, m\u00fcst\u0259qil Az\u0259rbaycan d\u00f6vl\u0259tinin h\u0259yat\u0131nda tamamil\u0259 yeni s\u0259hif\u0259nin a\u00e7\u0131lmas\u0131d\u0131r. Biz bu m\u00f6ht\u0259\u015f\u0259m tarixi g\u00fcnl\u0259rin xo\u015f h\u0259y\u0259can\u0131, sevinci, b\u0259xtiyarl\u0131\u011f\u0131 i\u00e7\u0259risind\u0259yik.<\/p>\n\n\n\n<p>Siz Az\u0259rbaycan xalq\u0131n\u0131 \u0259n b\u00f6y\u00fck arzusuna \u00e7atd\u0131rm\u0131\u015f milli lidersiniz. N\u0259yi, n\u0259 vaxt v\u0259 nec\u0259 etm\u0259k laz\u0131m oldu\u011funu Siz \u00f6z \u0259m\u0259li f\u0259aliyy\u0259tinizl\u0259 h\u0259r d\u0259f\u0259 s\u00fcbut edirsiniz. Qazan\u0131lan n\u0259h\u0259ng u\u011furlar\u0131n hans\u0131 \u0259ziyy\u0259t, z\u0259hm\u0259t, f\u0259dakarl\u0131q n\u0259tic\u0259sind\u0259 ba\u015fa g\u0259ldiyi g\u00f6z qar\u015f\u0131s\u0131ndad\u0131r. Siz b\u00fct\u00fcn t\u0259zyiql\u0259r\u0259, \u00e7\u0259tinlikl\u0259r\u0259 r\u0259\u011fm\u0259n Az\u0259rbaycan\u0131 sabitlik, inki\u015faf adas\u0131 kimi yaln\u0131z ir\u0259liy\u0259 apar\u0131rs\u0131n\u0131z, \u015f\u00f6hr\u0259tini d\u00fcnyaya yay\u0131rs\u0131n\u0131z.<\/p>\n\n\n\n<p>20 ildir ki, Az\u0259rbaycan xalq\u0131 ke\u00e7irilmi\u015f b\u00fct\u00fcn prezident se\u00e7kil\u0259rind\u0259 \u00f6z taleyini yaln\u0131z Siz\u0259 etibar edib.<\/p>\n\n\n\n<p>Bu g\u00fcn C\u0259nubi Qafqaza yax\u0131n regionlar\u0131 \u2013 Yax\u0131n \u015e\u0259rqi, Ukraynan\u0131 sonu g\u00f6r\u00fcnm\u0259y\u0259n m\u00fcharib\u0259l\u0259r b\u00fcr\u00fcy\u00fcb, \u00f6lk\u0259l\u0259r onillikl\u0259rl\u0259 geri d\u00fc\u015f\u00fcb. 2020-ci ild\u0259 c\u0259mi 44 g\u00fcn\u0259 Siz tarixi Z\u0259f\u0259r\u0259 imza atd\u0131n\u0131z, Az\u0259rbaycan Ordusu Sizin liderliyinizl\u0259 h\u0259rbi d\u0259rslikl\u0259r\u0259 d\u00fc\u015f\u0259n d\u00f6y\u00fc\u015f \u0259m\u0259liyyatlar\u0131 apard\u0131.<\/p>\n\n\n\n<p>2023-c\u00fc ilin 19-20 sentyabr antiterror t\u0259dbirl\u0259ri is\u0259 c\u0259mi 23 saat 51 d\u0259qiq\u0259 s\u00fcrd\u00fc. Erm\u0259nistan Ordusunun qal\u0131qlar\u0131 m\u0259hv edildi, qanunsuz h\u0259rbi rejimin xunta ba\u015f\u00e7\u0131lar\u0131 diz \u00e7\u00f6kd\u00fc, a\u011f bayraq qald\u0131rd\u0131, t\u0259slim oldu.<\/p>\n\n\n\n<p>Siz Az\u0259rbaycan x\u0259rit\u0259sind\u0259ki qara l\u0259k\u0259ni sildiniz, uydurulmu\u015f Da\u011fl\u0131q Qaraba\u011f regionu ke\u00e7mi\u015fd\u0259 qald\u0131.<\/p>\n\n\n\n<p>\u015e\u0259hidl\u0259rimizin qisas\u0131 al\u0131nd\u0131. \u00d6vlad\u0131n\u0131, yolda\u015f\u0131n\u0131, qarda\u015f\u0131n\u0131, dostunu, \u0259zizini itir\u0259n insanlar \u00fc\u00e7\u00fcn bundan b\u00f6y\u00fck t\u0259skinlik t\u0259s\u0259vv\u00fcr etm\u0259k m\u00fcmk\u00fcn deyil.<br>Az\u0259rbaycan xalq\u0131n\u0131n qan\u0131n\u0131 i\u00e7\u0259nl\u0259r bu g\u00fcn onun qar\u015f\u0131s\u0131nda t\u00f6r\u0259tdikl\u0259ri b\u00fct\u00fcn \u0259m\u0259ll\u0259r\u0259 g\u00f6r\u0259 cavab verir. Halbuki, el\u0259 z\u0259nn edirdil\u0259r ki, ist\u0259dikl\u0259rini ed\u0259c\u0259kl\u0259r, onlar\u0131 m\u00fchakim\u0259 ed\u0259n d\u0259 olmayacaq. Bu g\u00fcn m\u00fcharib\u0259 cinay\u0259tkarlar\u0131 layiq olduqlar\u0131 yerd\u0259dir \u2013 Az\u0259rbaycan h\u0259bsxanalar\u0131nda! Bu da Sizin siyas\u0259tinizin daha bir n\u0259tic\u0259sidir!<\/p>\n\n\n\n<p>Bu g\u00fcn b\u00fct\u00fcn Az\u0259rbaycan\u0131n \u00fcz\u00fc g\u00fcl\u00fcr. Bu g\u00fcn \u015f\u0259hid \u00f6vladlar\u0131n\u0131n \u00fcz\u00fc g\u00fcl\u00fcr. M\u00fcst\u0259qil Az\u0259rbaycan tarix boyu he\u00e7 vaxt bu q\u0259d\u0259r g\u00fccl\u00fc olmay\u0131b. Bu, Sizin xidm\u0259tiniz, Sizin \u0259s\u0259rinizdir, c\u0259nab Prezident! Bu, Ulu \u00d6nd\u0259r Heyd\u0259r \u018fliyevin arzulad\u0131\u011f\u0131 Az\u0259rbaycand\u0131r!<\/p>\n\n\n\n<p>Z\u0259ng\u0259zur, G\u00f6y\u00e7\u0259, D\u0259r\u0259l\u0259y\u0259z, \u0130r\u0259van \u2013 Q\u0259rbi Az\u0259rbaycan torpaqlar\u0131, do\u011fma yurd yerl\u0259ri he\u00e7 vaxt bu q\u0259d\u0259r yax\u0131n olmay\u0131b. Bu g\u00fcn h\u0259r bir az\u0259rbaycanl\u0131 h\u0259min yerl\u0259r\u0259 d\u0259 d\u00f6n\u0259c\u0259yi g\u00fcn\u00fc g\u00f6zl\u0259yir. Biz Sizin liderliyinizl\u0259 Q\u0259rbi Az\u0259rbaycana da ged\u0259c\u0259yik!<\/p>\n\n\n\n<p>Siz h\u0259r bir az\u0259rbaycanl\u0131n\u0131n Prezidentisiniz! Biz &#8212; v\u0259t\u0259nda\u015f c\u0259miyy\u0259tinin \u00fczvl\u0259ri olaraq, Siz\u0259 olan d\u0259rin inam\u0131, \u00fcmumxalq m\u0259h\u0259bb\u0259tini h\u0259r zaman h\u0259r yerd\u0259 hiss edirik, g\u00f6r\u00fcr\u00fck!<\/p>\n\n\n\n<p>Xarici \u00f6lk\u0259l\u0259rd\u0259 Az\u0259rbaycan\u0131n ad\u0131 b\u00f6y\u00fck h\u00f6rm\u0259tl\u0259, iftixarla \u00e7\u0259kilir. \u00d6lk\u0259miz\u0259 bu y\u00fcks\u0259k n\u00fcfuzu Sizin d\u00fc\u015f\u00fcn\u00fclm\u00fc\u015f siyas\u0259tiniz qazand\u0131r\u0131b.<br>\u018fmin ola bil\u0259rsiniz ki, Az\u0259rbaycan\u0131n qeyri-h\u00f6kum\u0259t t\u0259\u015fkilatlar\u0131 bundan sonra daim d\u00f6vl\u0259tinin yan\u0131nda olacaq, Sizinl\u0259 olacaq!<\/p>\n\n\n\n<p>Yolunuz yolumuzdur, c\u0259nab Prezident!<\/p>\n\n\n\n<p>Z\u0259f\u0259r bayram\u0131n\u0131z m\u00fcbar\u0259k!&#187; &#8212; m\u00fcraci\u0259td\u0259 vur\u011fulan\u0131b.<\/p>\n","protected":false},"excerpt":{"rendered":"<p>Az\u0259rbaycan Qeyri-H\u00f6kum\u0259t T\u0259\u015fkilatlar\u0131 Z\u0259f\u0259r G\u00fcn\u00fc m\u00fcnasib\u0259til\u0259 Az\u0259rbaycan Respublikas\u0131n\u0131n Prezidenti \u0130lham \u018fliyev\u0259 m\u00fcraci\u0259t \u00fcnvanlay\u0131blar. Fedai.az-\u0131n x\u0259b\u0259rin\u0259 g\u00f6r\u0259, m\u00fcraci\u0259td\u0259 deyilir ki, ilk d\u0259f\u0259 olaraq Az\u0259rbaycan b\u00f6y\u00fck<\/p>\n","protected":false},"author":2,"featured_media":96405,"comment_status":"closed","ping_status":"closed","sticky":false,"template":"","format":"standard","meta":{"footnotes":""},"categories":[3],"tags":[],"class_list":["post-96404","post","type-post","status-publish","format-standard","has-post-thumbnail","hentry","category-gundm"],"aioseo_notices":[],"_links":{"self":[{"href":"https:\/\/fedai.az\/index.php?rest_route=\/wp\/v2\/posts\/96404","targetHints":{"allow":["GET"]}}],"collection":[{"href":"https:\/\/fedai.az\/index.php?rest_route=\/wp\/v2\/posts"}],"about":[{"href":"https:\/\/fedai.az\/index.php?rest_route=\/wp\/v2\/types\/post"}],"author":[{"embeddable":true,"href":"https:\/\/fedai.az\/index.php?rest_route=\/wp\/v2\/users\/2"}],"replies":[{"embeddable":true,"href":"https:\/\/fedai.az\/index.php?rest_route=%2Fwp%2Fv2%2Fcomments&post=96404"}],"version-history":[{"count":1,"href":"https:\/\/fedai.az\/index.php?rest_route=\/wp\/v2\/posts\/96404\/revisions"}],"predecessor-version":[{"id":96406,"href":"https:\/\/fedai.az\/index.php?rest_route=\/wp\/v2\/posts\/96404\/revisions\/96406"}],"wp:featuredmedia":[{"embeddable":true,"href":"https:\/\/fedai.az\/index.php?rest_route=\/wp\/v2\/media\/96405"}],"wp:attachment":[{"href":"https:\/\/fedai.az\/index.php?rest_route=%2Fwp%2Fv2%2Fmedia&parent=96404"}],"wp:term":[{"taxonomy":"category","embeddable":true,"href":"https:\/\/fedai.az\/index.php?rest_route=%2Fwp%2Fv2%2Fcategories&post=96404"},{"taxonomy":"post_tag","embeddable":true,"href":"https:\/\/fedai.az\/index.php?rest_route=%2Fwp%2Fv2%2Ftags&post=96404"}],"curies":[{"name":"wp","href":"https:\/\/api.w.org\/{rel}","templated":true}]}}