{"id":9644,"date":"2020-07-12T00:48:50","date_gmt":"2020-07-11T20:48:50","guid":{"rendered":"http:\/\/fedai.az\/?p=9644"},"modified":"2020-07-12T00:48:56","modified_gmt":"2020-07-11T20:48:56","slug":"erm%c9%99nil%c9%99r-qarabag-mes%c9%99l%c9%99rini-kutl%c9%99vi-s%c9%99kild%c9%99-qirir-fotofakt","status":"publish","type":"post","link":"https:\/\/fedai.az\/?p=9644","title":{"rendered":"Erm\u0259nil\u0259r Qaraba\u011f me\u015f\u0259l\u0259rini k\u00fctl\u0259vi \u015f\u0259kild\u0259 q\u0131r\u0131r (FOTOFAKT)"},"content":{"rendered":"\n<p><strong>Az\u0259rbaycan\u0131n i\u015f\u011fal alt\u0131ndak\u0131 Da\u011fl\u0131q Qaraba\u011f \u0259razil\u0259rind\u0259 me\u015f\u0259l\u0259rin q\u0131r\u0131lmas\u0131 davam edir.\u00a0<\/strong><\/p>\n\n\n\n<p><br>Fedai.az Qaynarinfo-ya istinad\u0259n x\u0259b\u0259r verir ki, \u00f6t\u0259n g\u00fcn K\u0259lb\u0259c\u0259r-Vardenuis yolunun 2-ci kilometrliyind\u0259 y\u00fck ma\u015f\u0131n\u0131 s\u00fcr\u00fcc\u00fcs\u00fc saxlan\u0131l\u0131b. Erm\u0259nistan\u0131n Tavu\u015f vilay\u0259tind\u0259n olan s\u00fcr\u00fcc\u00fc i\u015f\u011fal alt\u0131ndak\u0131 K\u0259lb\u0259c\u0259trin \u00c7\u0259r\u0259kdar k\u0259ndi yax\u0131nl\u0131\u011f\u0131nda me\u015f\u0259 sah\u0259sind\u0259n k\u0259sdiyi 13 kubmetr odunu sat\u0131\u015f \u00fc\u00e7\u00fcn Yerevana aparan zaman saxlan\u0131l\u0131b.\u00a0\u00a0<\/p>\n\n\n\n<p><br>Haz\u0131rda i\u015f\u011fal alt\u0131ndak\u0131 \u0259razil\u0259rd\u0259 me\u015f\u0259 sah\u0259l\u0259ri n\u0259zar\u0259tsiz \u015f\u0259kild\u0259 k\u0259silir v\u0259 quru me\u015f\u0259 odunu Erm\u0259nistana, oradan is\u0259 \u0130ran v\u0259 s. \u00f6lk\u0259l\u0259r\u0259 sat\u0131\u015fa g\u00f6nd\u0259rilir.<\/p>\n\n\n\n<figure class=\"wp-block-image size-large\"><img loading=\"lazy\" decoding=\"async\" width=\"585\" height=\"542\" src=\"http:\/\/fedai.az\/wp-content\/uploads\/2020\/07\/1594463726_modern.az_qqaa_551.jpg\" alt=\"\" class=\"wp-image-9646\" srcset=\"https:\/\/fedai.az\/wp-content\/uploads\/2020\/07\/1594463726_modern.az_qqaa_551.jpg 585w, https:\/\/fedai.az\/wp-content\/uploads\/2020\/07\/1594463726_modern.az_qqaa_551-300x278.jpg 300w, https:\/\/fedai.az\/wp-content\/uploads\/2020\/07\/1594463726_modern.az_qqaa_551-150x139.jpg 150w\" sizes=\"auto, (max-width: 585px) 100vw, 585px\" \/><\/figure>\n","protected":false},"excerpt":{"rendered":"<p>Az\u0259rbaycan\u0131n i\u015f\u011fal alt\u0131ndak\u0131 Da\u011fl\u0131q Qaraba\u011f \u0259razil\u0259rind\u0259 me\u015f\u0259l\u0259rin q\u0131r\u0131lmas\u0131 davam edir.\u00a0 Fedai.az Qaynarinfo-ya istinad\u0259n x\u0259b\u0259r verir ki, \u00f6t\u0259n g\u00fcn K\u0259lb\u0259c\u0259r-Vardenuis yolunun 2-ci kilometrliyind\u0259 y\u00fck ma\u015f\u0131n\u0131<\/p>\n","protected":false},"author":2,"featured_media":9645,"comment_status":"closed","ping_status":"closed","sticky":false,"template":"","format":"standard","meta":{"footnotes":""},"categories":[4],"tags":[],"class_list":["post-9644","post","type-post","status-publish","format-standard","has-post-thumbnail","hentry","category-qarabag"],"aioseo_notices":[],"_links":{"self":[{"href":"https:\/\/fedai.az\/index.php?rest_route=\/wp\/v2\/posts\/9644","targetHints":{"allow":["GET"]}}],"collection":[{"href":"https:\/\/fedai.az\/index.php?rest_route=\/wp\/v2\/posts"}],"about":[{"href":"https:\/\/fedai.az\/index.php?rest_route=\/wp\/v2\/types\/post"}],"author":[{"embeddable":true,"href":"https:\/\/fedai.az\/index.php?rest_route=\/wp\/v2\/users\/2"}],"replies":[{"embeddable":true,"href":"https:\/\/fedai.az\/index.php?rest_route=%2Fwp%2Fv2%2Fcomments&post=9644"}],"version-history":[{"count":1,"href":"https:\/\/fedai.az\/index.php?rest_route=\/wp\/v2\/posts\/9644\/revisions"}],"predecessor-version":[{"id":9647,"href":"https:\/\/fedai.az\/index.php?rest_route=\/wp\/v2\/posts\/9644\/revisions\/9647"}],"wp:featuredmedia":[{"embeddable":true,"href":"https:\/\/fedai.az\/index.php?rest_route=\/wp\/v2\/media\/9645"}],"wp:attachment":[{"href":"https:\/\/fedai.az\/index.php?rest_route=%2Fwp%2Fv2%2Fmedia&parent=9644"}],"wp:term":[{"taxonomy":"category","embeddable":true,"href":"https:\/\/fedai.az\/index.php?rest_route=%2Fwp%2Fv2%2Fcategories&post=9644"},{"taxonomy":"post_tag","embeddable":true,"href":"https:\/\/fedai.az\/index.php?rest_route=%2Fwp%2Fv2%2Ftags&post=9644"}],"curies":[{"name":"wp","href":"https:\/\/api.w.org\/{rel}","templated":true}]}}