{"id":96440,"date":"2023-11-08T16:27:00","date_gmt":"2023-11-08T12:27:00","guid":{"rendered":"https:\/\/fedai.az\/?p=96440"},"modified":"2023-11-12T16:39:40","modified_gmt":"2023-11-12T12:39:40","slug":"yasamal-veteranlari-s%c9%99hidl%c9%99r-xiyabanini-ziyar%c9%99t-edibl%c9%99r-fotolar-2","status":"publish","type":"post","link":"https:\/\/fedai.az\/?p=96440","title":{"rendered":"Yasamal veteranlar\u0131 \u015e\u0259hidl\u0259r Xiyaban\u0131n\u0131 ziyar\u0259t edibl\u0259r -FOTOLAR"},"content":{"rendered":"\n<p><strong>Az\u0259rbaycan V\u0259t\u0259n M\u00fcharib\u0259si Veteranlari \u0130ctimai Birliyinin Yasamal rayon \u015f\u00f6b\u0259sinin \u00fczv\u00fcl\u0259ri 8 Noyabr \u2014 Z\u0259f\u0259r G\u00fcn\u00fc bayram\u0131 m\u00fcnasib\u0259ti il\u0259 \u015e\u0259hidl\u0259r Xiyaban\u0131n\u0131v\u0259 T\u00fcrk \u015f\u0259hidliyi abid\u0259sini ziyar\u0259t edibl\u0259r.<\/strong><\/p>\n\n\n\n<p>Bu bar\u0259d\u0259 Az\u0259rbaycan V\u0259t\u0259n M\u00fcharib\u0259si Veteranlar\u0131 \u0130ctimai Birliyi (AVMV\u0130B) Yasamal rayon \u015f\u00f6b\u0259sinin s\u0259dri Salman H\u00fcseynov m\u0259lumat verib.<\/p>\n\n\n\n<p>T\u0259dbird\u0259 Az\u0259rbaycan V\u0259t\u0259n Veteranlar M\u00fcharib\u0259si \u0130ctimai Birliyi Yasamal rayon \u015f\u00f6b\u0259sinin s\u0259dri Salman H\u00fcseynov v\u0259 m\u00fcharib\u0259 veteranlar\u0131 \u015f\u0259hid m\u0259zarlar\u0131n\u0131 ziyar\u0259t ed\u0259r\u0259k m\u0259zarlar\u0131 \u00fcz\u0259rin\u0259 g\u00fcl d\u0259st\u0259l\u0259ri qoyublar.<\/p>\n\n\n\n<p><br><strong>Allah b\u00fct\u00fcn \u015f\u0259hidl\u0259rimiz\u0259 r\u0259hm\u0259t el\u0259sin!<\/strong><\/p>\n\n\n\n<figure class=\"wp-block-image size-large is-resized\"><img loading=\"lazy\" decoding=\"async\" width=\"1024\" height=\"461\" src=\"https:\/\/fedai.az\/wp-content\/uploads\/2023\/11\/image-75-1024x461.png\" alt=\"\" class=\"wp-image-96442\" style=\"aspect-ratio:2.2212581344902387;width:774px;height:auto\" srcset=\"https:\/\/fedai.az\/wp-content\/uploads\/2023\/11\/image-75-1024x461.png 1024w, https:\/\/fedai.az\/wp-content\/uploads\/2023\/11\/image-75-300x135.png 300w, https:\/\/fedai.az\/wp-content\/uploads\/2023\/11\/image-75-150x68.png 150w, https:\/\/fedai.az\/wp-content\/uploads\/2023\/11\/image-75-768x346.png 768w, https:\/\/fedai.az\/wp-content\/uploads\/2023\/11\/image-75-1536x692.png 1536w, https:\/\/fedai.az\/wp-content\/uploads\/2023\/11\/image-75.png 1600w\" sizes=\"auto, (max-width: 1024px) 100vw, 1024px\" \/><\/figure>\n\n\n\n<figure class=\"wp-block-image size-large is-resized\"><img loading=\"lazy\" decoding=\"async\" width=\"1024\" height=\"461\" src=\"https:\/\/fedai.az\/wp-content\/uploads\/2023\/11\/image-76-1024x461.png\" alt=\"\" class=\"wp-image-96443\" style=\"aspect-ratio:2.2212581344902387;width:779px;height:auto\" srcset=\"https:\/\/fedai.az\/wp-content\/uploads\/2023\/11\/image-76-1024x461.png 1024w, https:\/\/fedai.az\/wp-content\/uploads\/2023\/11\/image-76-300x135.png 300w, https:\/\/fedai.az\/wp-content\/uploads\/2023\/11\/image-76-150x68.png 150w, https:\/\/fedai.az\/wp-content\/uploads\/2023\/11\/image-76-768x346.png 768w, https:\/\/fedai.az\/wp-content\/uploads\/2023\/11\/image-76-1536x692.png 1536w, https:\/\/fedai.az\/wp-content\/uploads\/2023\/11\/image-76.png 1600w\" sizes=\"auto, (max-width: 1024px) 100vw, 1024px\" \/><\/figure>\n","protected":false},"excerpt":{"rendered":"<p>Az\u0259rbaycan V\u0259t\u0259n M\u00fcharib\u0259si Veteranlari \u0130ctimai Birliyinin Yasamal rayon \u015f\u00f6b\u0259sinin \u00fczv\u00fcl\u0259ri 8 Noyabr \u2014 Z\u0259f\u0259r G\u00fcn\u00fc bayram\u0131 m\u00fcnasib\u0259ti il\u0259 \u015e\u0259hidl\u0259r Xiyaban\u0131n\u0131v\u0259 T\u00fcrk \u015f\u0259hidliyi abid\u0259sini ziyar\u0259t<\/p>\n","protected":false},"author":2,"featured_media":96441,"comment_status":"closed","ping_status":"closed","sticky":false,"template":"","format":"standard","meta":{"footnotes":""},"categories":[3],"tags":[],"class_list":["post-96440","post","type-post","status-publish","format-standard","has-post-thumbnail","hentry","category-gundm"],"aioseo_notices":[],"_links":{"self":[{"href":"https:\/\/fedai.az\/index.php?rest_route=\/wp\/v2\/posts\/96440","targetHints":{"allow":["GET"]}}],"collection":[{"href":"https:\/\/fedai.az\/index.php?rest_route=\/wp\/v2\/posts"}],"about":[{"href":"https:\/\/fedai.az\/index.php?rest_route=\/wp\/v2\/types\/post"}],"author":[{"embeddable":true,"href":"https:\/\/fedai.az\/index.php?rest_route=\/wp\/v2\/users\/2"}],"replies":[{"embeddable":true,"href":"https:\/\/fedai.az\/index.php?rest_route=%2Fwp%2Fv2%2Fcomments&post=96440"}],"version-history":[{"count":1,"href":"https:\/\/fedai.az\/index.php?rest_route=\/wp\/v2\/posts\/96440\/revisions"}],"predecessor-version":[{"id":96444,"href":"https:\/\/fedai.az\/index.php?rest_route=\/wp\/v2\/posts\/96440\/revisions\/96444"}],"wp:featuredmedia":[{"embeddable":true,"href":"https:\/\/fedai.az\/index.php?rest_route=\/wp\/v2\/media\/96441"}],"wp:attachment":[{"href":"https:\/\/fedai.az\/index.php?rest_route=%2Fwp%2Fv2%2Fmedia&parent=96440"}],"wp:term":[{"taxonomy":"category","embeddable":true,"href":"https:\/\/fedai.az\/index.php?rest_route=%2Fwp%2Fv2%2Fcategories&post=96440"},{"taxonomy":"post_tag","embeddable":true,"href":"https:\/\/fedai.az\/index.php?rest_route=%2Fwp%2Fv2%2Ftags&post=96440"}],"curies":[{"name":"wp","href":"https:\/\/api.w.org\/{rel}","templated":true}]}}