{"id":9651,"date":"2020-07-12T01:01:26","date_gmt":"2020-07-11T21:01:26","guid":{"rendered":"http:\/\/fedai.az\/?p=9651"},"modified":"2020-07-12T01:02:15","modified_gmt":"2020-07-11T21:02:15","slug":"pasinyan-erm%c9%99nistanin-t%c9%99cavuzkar-siyas%c9%99tini-gizl%c9%99y%c9%99-bilmir","status":"publish","type":"post","link":"https:\/\/fedai.az\/?p=9651","title":{"rendered":"Pa\u015finyan Erm\u0259nistan\u0131n t\u0259cav\u00fczkar siyas\u0259tini gizl\u0259y\u0259 bilmir"},"content":{"rendered":"\n<p><strong>\u201cBu ilin 10 iyul tarixind\u0259 Yerevanda ke\u00e7iril\u0259n T\u0259hl\u00fck\u0259sizlik \u015euras\u0131n\u0131n iclas\u0131nda Erm\u0259nistan\u0131n Milli T\u0259hl\u00fck\u0259sizlik Strategiyas\u0131n\u0131n m\u00fczakir\u0259si zaman\u0131 bu \u00f6lk\u0259nin b\u00f6lg\u0259d\u0259 s\u00fclh v\u0259 t\u0259hl\u00fck\u0259sizliy\u0259 birba\u015fa h\u0259d\u0259 t\u00f6r\u0259d\u0259n t\u0259cav\u00fczkar siyas\u0259ti ba\u015f nazir N.Pa\u015finyan\u0131n dilind\u0259n n\u00f6vb\u0259ti d\u0259f\u0259 etiraf edildi\u201d.<\/strong><\/p>\n\n\n\n<p>Xarici \u0130\u015fl\u0259r Nazirliyind\u0259n daxil olan m\u0259lumatda bel\u0259 deyilir.\u00a0<\/p>\n\n\n\n<p>Bilririlir ki, Az\u0259rbaycan\u0131n beyn\u0259lxalq tan\u0131nm\u0131\u015f torpaqlar\u0131na qar\u015f\u0131 \u0259sass\u0131z \u0259razi iddialar\u0131n\u0131, beyn\u0259lxalq h\u00fcququ kobudcas\u0131na pozaraq h\u0259rbi i\u015f\u011fala \u0259saslanan siyas\u0259tini \u00f6lk\u0259nin milli strategiyas\u0131nda \u0259ks etdir\u0259n Erm\u0259nistan b\u00f6lg\u0259d\u0259 ciddi t\u0259hl\u00fck\u0259 oca\u011f\u0131 olaraq qalmaqdad\u0131r:<\/p>\n\n\n\n<p>\u201cAz\u0259rbaycan\u0131n \u0259razil\u0259rini h\u0259rbi i\u015f\u011fal edib bu \u0259razil\u0259rd\u0259 ya\u015fayan erm\u0259ni icmas\u0131n\u0131n \u00f6z m\u00fcq\u0259dd\u0259rat\u0131n\u0131 m\u00fc\u0259yy\u0259n etm\u0259sind\u0259n dan\u0131\u015fan v\u0259 bunu \u201cmilli m\u0259qs\u0259d\u201d kimi t\u0259hl\u00fck\u0259sizlik strategiyas\u0131nda \u0259ks etdir\u0259n i\u015f\u011fal\u00e7\u0131 Erm\u0259nistan beyn\u0259lxalq h\u00fcququn, o c\u00fcml\u0259d\u0259n 1975-ci il Helsinki Yekun Akt\u0131n\u0131n prinsipl\u0259rini yenid\u0259n g\u00f6rm\u0259zlikd\u0259n g\u0259lir. Xalqlar\u0131n \u00f6z m\u00fcq\u0259dd\u0259rat\u0131n\u0131 t\u0259yin etm\u0259si prinsipinin he\u00e7 bir halda Az\u0259rbaycan\u0131n Da\u011fl\u0131q-Qaraba\u011f b\u00f6lg\u0259sind\u0259 ya\u015fayan erm\u0259ni icmas\u0131na \u015famil olunmad\u0131\u011f\u0131n\u0131 v\u0259 \u00fcmumiyy\u0259tl\u0259, Helsinki Yekun Akt\u0131n\u0131n 8-ci b\u0259ndind\u0259 \u00f6z m\u00fcqq\u0259dd\u0259rat\u0131n\u0131 t\u0259yin etm\u0259 prinsipinin BMT Nizamnam\u0259si, beyn\u0259lxalq h\u00fcququn norma v\u0259 prinsipl\u0259ri, x\u00fcsusil\u0259 \u0259razi b\u00fct\u00f6vl\u00fcy\u00fcn\u0259 uy\u011fun \u015f\u0259kild\u0259 ifad\u0259 edilm\u0259sini t\u0259sbit edildiyini xat\u0131rlad\u0131r\u0131q.<\/p>\n\n\n\n<p>Erm\u0259nistan r\u0259hb\u0259rliyinin Az\u0259rbaycan\u0131n h\u0259rbi i\u015f\u011fal alt\u0131nda saxlad\u0131\u011f\u0131 \u0259razil\u0259rind\u0259 \u201csuverenlik\u201d iddias\u0131, i\u015f\u011fal\u00e7\u0131 siyas\u0259tinin n\u0259tic\u0259l\u0259rinin qorunub saxlan\u0131lmas\u0131n\u0131n m\u00fcnaqi\u015f\u0259nin h\u0259lli \u00fczr\u0259 apar\u0131lan dan\u0131\u015f\u0131qlar\u0131n m\u0259qs\u0259di kimi m\u00fc\u0259yy\u0259n etm\u0259si bu \u00f6lk\u0259nin m\u00fcnaqi\u015f\u0259nin h\u0259lli prosesin\u0259 ciddi \u0259ng\u0259l t\u00f6r\u0259tdiyini v\u0259 beyn\u0259lxalq ictimaiyy\u0259tin q\u0259rar v\u0259 q\u0259tnam\u0259l\u0259rin\u0259 h\u00f6rm\u0259tsizlik n\u00fcmayi\u015f etdirdiyini a\u00e7\u0131q \u015f\u0259kild\u0259 g\u00f6st\u0259rir.<\/p>\n\n\n\n<p>Erm\u0259nistan r\u0259hb\u0259rliyi anlamal\u0131d\u0131r ki, haz\u0131rda apard\u0131qlar\u0131 siyas\u0259t\u0259 g\u00f6r\u0259 Erm\u0259nistan-Az\u0259rbaycan Da\u011fl\u0131q Qaraba\u011f m\u00fcnaqi\u015f\u0259sinin h\u0259lli m\u0259s\u0259l\u0259sind\u0259 tamamil\u0259 t\u0259k qal\u0131blar. Bu \u00f6lk\u0259nin beyn\u0259lxalq reall\u0131qlardan uzaq v\u0259 sad\u0259l\u00f6vh milli t\u0259hl\u00fck\u0259sizlik strayegiyas\u0131 iflasa u\u011frayan daxili siyas\u0259ti sakitl\u0259\u015fdirm\u0259k c\u0259hdind\u0259n ba\u015fqa bir \u015fey deyildir.<\/p>\n\n\n\n<p>Beyn\u0259lxalq tan\u0131nm\u0131\u015f \u0259razil\u0259ri, o c\u00fcml\u0259d\u0259n m\u00fcv\u0259qq\u0259ti i\u015f\u011fal alt\u0131nda olan Da\u011fl\u0131q Qaraba\u011f v\u0259 \u0259traf rayonlar\u0131 da daxil olmaqla \u0259razi b\u00fct\u00f6vl\u00fcy\u00fcn\u00fc v\u0259 az\u0259rbaycanl\u0131 m\u0259cburi k\u00f6\u00e7k\u00fcnl\u0259rin \u00f6z evl\u0259rin\u0259 geri qay\u0131tmas\u0131n\u0131 t\u0259min etm\u0259k \u00fc\u00e7\u00fcn Az\u0259rbaycan\u0131n cavab t\u0259dbirl\u0259ri beyn\u0259lxalq h\u00fcquqa, BMT Nizamnam\u0259sin\u0259, BMT T\u0259hl\u00fck\u0259sizlik \u015euras\u0131n\u0131n q\u0259tnam\u0259l\u0259rin\u0259 v\u0259 \u00f6lk\u0259 Konstitusiyas\u0131n\u0131n ona verdiyi haqqa \u0259saslan\u0131r. B\u00f6lg\u0259d\u0259 artan g\u0259rginliyin m\u0259suliyy\u0259ti is\u0259 bilavasit\u0259 i\u015f\u011fal\u00e7\u0131 Erm\u0259nistan\u0131n \u00fcz\u0259rind\u0259dir\u201d.<\/p>\n","protected":false},"excerpt":{"rendered":"<p>\u201cBu ilin 10 iyul tarixind\u0259 Yerevanda ke\u00e7iril\u0259n T\u0259hl\u00fck\u0259sizlik \u015euras\u0131n\u0131n iclas\u0131nda Erm\u0259nistan\u0131n Milli T\u0259hl\u00fck\u0259sizlik Strategiyas\u0131n\u0131n m\u00fczakir\u0259si zaman\u0131 bu \u00f6lk\u0259nin b\u00f6lg\u0259d\u0259 s\u00fclh v\u0259 t\u0259hl\u00fck\u0259sizliy\u0259 birba\u015fa h\u0259d\u0259<\/p>\n","protected":false},"author":2,"featured_media":0,"comment_status":"closed","ping_status":"closed","sticky":false,"template":"","format":"standard","meta":{"footnotes":""},"categories":[4],"tags":[],"class_list":["post-9651","post","type-post","status-publish","format-standard","hentry","category-qarabag"],"aioseo_notices":[],"_links":{"self":[{"href":"https:\/\/fedai.az\/index.php?rest_route=\/wp\/v2\/posts\/9651","targetHints":{"allow":["GET"]}}],"collection":[{"href":"https:\/\/fedai.az\/index.php?rest_route=\/wp\/v2\/posts"}],"about":[{"href":"https:\/\/fedai.az\/index.php?rest_route=\/wp\/v2\/types\/post"}],"author":[{"embeddable":true,"href":"https:\/\/fedai.az\/index.php?rest_route=\/wp\/v2\/users\/2"}],"replies":[{"embeddable":true,"href":"https:\/\/fedai.az\/index.php?rest_route=%2Fwp%2Fv2%2Fcomments&post=9651"}],"version-history":[{"count":1,"href":"https:\/\/fedai.az\/index.php?rest_route=\/wp\/v2\/posts\/9651\/revisions"}],"predecessor-version":[{"id":9652,"href":"https:\/\/fedai.az\/index.php?rest_route=\/wp\/v2\/posts\/9651\/revisions\/9652"}],"wp:attachment":[{"href":"https:\/\/fedai.az\/index.php?rest_route=%2Fwp%2Fv2%2Fmedia&parent=9651"}],"wp:term":[{"taxonomy":"category","embeddable":true,"href":"https:\/\/fedai.az\/index.php?rest_route=%2Fwp%2Fv2%2Fcategories&post=9651"},{"taxonomy":"post_tag","embeddable":true,"href":"https:\/\/fedai.az\/index.php?rest_route=%2Fwp%2Fv2%2Ftags&post=9651"}],"curies":[{"name":"wp","href":"https:\/\/api.w.org\/{rel}","templated":true}]}}