{"id":9660,"date":"2020-07-12T02:02:54","date_gmt":"2020-07-11T22:02:54","guid":{"rendered":"http:\/\/fedai.az\/?p=9660"},"modified":"2020-07-12T02:02:58","modified_gmt":"2020-07-11T22:02:58","slug":"qazinin-oglu-qazimiz-xanim-mehriban-%c9%99liyevaya-muraci%c9%99t-etdi","status":"publish","type":"post","link":"https:\/\/fedai.az\/?p=9660","title":{"rendered":"Qazinin o\u011flu Qazimiz xan\u0131m Mehriban \u018fliyevaya m\u00fcraci\u0259t etdi"},"content":{"rendered":"\n<p><strong>Az\u0259rbaycan Respublikas\u0131n Birinci Vitse Prezidenti  Xan\u0131m Mehriban \u018fliyeva<\/strong> <strong>\u015f\u0259hid ail\u0259l\u0259rinin. m\u00fcharib\u0259 \u0259lill\u0259rinin himay\u0259dar\u0131 v\u0259 daim bu q\u0259bild\u0259n olan insanlara qay\u011f\u0131 il\u0259 yana\u015fmas\u0131 bir \u00f6rn\u0259k kimi q\u0259bul olunur.<\/strong> <strong>M\u00fcharib\u0259 \u0259lili R\u0259hman \u018fzizzad\u0259<\/strong> <strong>qar\u015f\u0131la\u015fd\u0131\u011f\u0131 probleml\u0259 ba\u011fl\u0131 xan\u0131m Mehriban \u018fliyevaya m\u00fcraci\u0259t edib. M\u0259lumat \u00fc\u00e7\u00fcn bildirim ki, m\u00fcharib\u0259 \u0259lili R\u0259hman \u018fzizzad\u0259nin atas\u0131 da m\u00fcharib\u0259 \u0259lilidir. H\u0259min \u015fikay\u0259t \u0259riz\u0259sini oldu\u011fu kimi t\u0259qdim edirik:<\/strong><\/p>\n\n\n\n<p>&#171;<strong>Az\u0259rbaycan Respublikas\u0131n birinci vitse-prezidenti h\u00f6rm\u0259tli Xan\u0131m Mehriban \u018fliyevaya.<\/strong><\/p>\n\n\n\n<p><strong>Sur\u0259ti : Az\u0259rbaycan Respublikas\u0131 Prezidentinin k\u00f6m\u0259k\u00e7isi c\u0259nab Anar \u018fl\u0259kb\u0259rova.<\/strong><\/p>\n\n\n\n<p><strong>Sur\u0259ti : \u018fm\u0259k v\u0259 \u018fhalinin Sosial M\u00fcdafi\u0259si naziri c\u0259nab Sahil Babayev\u0259.<\/strong><\/p>\n\n\n\n<p><strong>Sur\u0259ti : Qarada\u011f Rayon \u0130cra Hakimiyy\u0259tinin ba\u015f\u00e7\u0131s\u0131 c\u0259nab S\u00fcleyman Mikay\u0131lova.<\/strong><\/p>\n\n\n\n<p><strong>\u0130kinci d\u0259r\u0259c\u0259li Qaraba\u011f m\u00fcharib\u0259si \u0259lili, ehtiyyatda olan Gizir \u018fzizzad\u0259 R\u0259hman H\u0259s\u0259n o\u011flu t\u0259r\u0259find\u0259n (050-897-09-14<\/strong>)<\/p>\n\n\n\n<p>\u015e \u0130 K A Y \u018f T  \u018f R \u0130 Z \u018f S \u0130 :<\/p>\n\n\n\n<p><strong>\u00c7ox H\u00f6rm\u0259tli Mehriban xan\u0131m !<\/strong><\/p>\n\n\n\n<p>Bildiyimiz kimi Qaraba\u011f m\u00fcharib\u0259si \u0259lill\u0259rinin, veteranlar\u0131n\u0131n v\u0259 \u015f\u0259hid ail\u0259l\u0259rinin sosial probleml\u0259rinin h\u0259lli, h\u0259yat \u015f\u0259raitinin yax\u015f\u0131la\u015fd\u0131r\u0131lmas\u0131 h\u0259r zaman d\u00f6vl\u0259timizin diqq\u0259t m\u0259rk\u0259zind\u0259 olmu\u015fdur. Siz, h\u0259r zaman V\u0259t\u0259nimizin m\u00fcdafi\u0259si zaman\u0131 sa\u011flaml\u0131qlar\u0131n\u0131 itir\u0259r\u0259k \u0259lil olmu\u015f h\u0259rbi\u00e7il\u0259rimiz\u0259 x\u00fcsusi diqq\u0259t v\u0259 qay\u011f\u0131 g\u00f6st\u0259rmisiniz. Siz, h\u0259min \u015f\u0259xsl\u0259r il\u0259 m\u00fct\u0259madi olaraq g\u00f6r\u00fc\u015f\u00fcr, probleml\u0259rini dinl\u0259yir v\u0259 h\u0259lli istiqam\u0259tind\u0259 yerind\u0259c\u0259 tap\u015f\u0131r\u0131qlar verirsiniz.<\/p>\n\n\n\n<p>03.04.2019-cu ild\u0259 Heyd\u0259r \u018fliyev Fondu t\u0259r\u0259find\u0259n y\u00fcks\u0259k texnologiyal\u0131 protezl\u0259rl\u0259 t\u0259min olunan h\u0259rb\u00e7il\u0259rl\u0259 ke\u00e7iril\u0259n g\u00f6r\u00fc\u015f zaman\u0131 m\u0259hz Sizin i\u015ftirak\u0131nzda h\u0259rb\u00e7il\u0259rimiz\u0259, qazil\u0259rimiz\u0259 g\u00f6st\u0259ril\u0259n diqq\u0259t v\u0259 qay\u011f\u0131n\u0131n daha bir n\u00fcmun\u0259sidir.<\/p>\n\n\n\n<p><strong>H\u0259min g\u00f6r\u00fc\u015fd\u0259 i\u015ftirak etm\u0259k m\u0259n\u0259 d\u0259 n\u0259sib olmu\u015fdur. G\u00f6r\u00fc\u015f zaman\u0131 Sizinl\u0259 s\u00f6hb\u0259t etm\u0259k imkan\u0131m da oldu. S\u00f6hb\u0259t zaman\u0131 Siz, m\u0259nim probleml\u0259rim il\u0259 yax\u0131ndan maraqland\u0131z v\u0259 n\u0259 \u00e7\u0259tinliyim oldu\u011funa dair sual verdiniz. M\u0259n d\u0259 \u00f6z n\u00f6vb\u0259md\u0259 m\u0259ni narahat ed\u0259n s\u0131x\u0131nt\u0131lar haqq\u0131nda Siz\u0259 dan\u0131\u015fd\u0131m. S\u00f6hb\u0259t zaman\u0131, m\u0259nim art\u0131q 28 ya\u015f\u0131ma ke\u00e7m\u0259yim\u0259 baxmayaraq m\u00fc\u0259yy\u0259n probleml\u0259r s\u0259b\u0259bind\u0259n ail\u0259 qura bilm\u0259m\u0259yimi sizin diqq\u0259tiniz\u0259 \u00e7atd\u0131rm\u0131\u015fd\u0131m. H\u0259min zaman anam g\u00f6zd\u0259n \u0259lil, atam da Qaraba\u011f m\u00fcharib\u0259si \u0259lili oldu\u011funu siz\u0259 bildirdimi\u015fdim . M\u0259n bu g\u00fcn\u0259 q\u0259d\u0259r d\u0259 kiray\u0259d\u0259 ya\u015fay\u0131ram. Buna g\u00f6r\u0259d\u0259 ail\u0259 qurmaqda \u00e7\u0259tinlik \u00e7\u0259kir\u0259m. Sizd\u0259n xahi\u015f etmi\u015fdim ki, m\u0259ni \u00f6z humanist prinsipl\u0259riniz\u0259 uy\u011fun olaraq bu \u00e7\u0259tinlikd\u0259n qurtaras\u0131n\u0131z.<\/strong><\/p>\n\n\n\n<p>Siz, h\u0259min zaman probleml\u0259rimi \u0259ks etdir\u0259n m\u0259ktubumu m\u0259nd\u0259n q\u0259bul ed\u0259r\u0259k ke\u00e7mi\u015f k\u00f6m\u0259k\u00e7iniz olan h\u00f6rm\u0259tli Anar m\u00fc\u0259llim\u0259 t\u0259qdim etdiniz. Anar m\u00fc\u0259llim\u0259 tap\u015f\u0131r\u0131q verdiz ki, m\u0259ni d\u0259rhal m\u0259nzil il\u0259 t\u0259min etsinl\u0259r. Anar m\u00fc\u0259llim d\u0259 sa\u011f olsun, d\u0259rhal m\u0259s\u0259l\u0259nin h\u0259lli istiqam\u0259tind\u0259 &#171;DSMF&#187;-y\u0259 tap\u015f\u0131r\u0131q verdi. H\u0259m\u00e7inin d\u0259 m\u0259niml\u0259 &#171;DSMF&#187;-nin \u015f\u00f6b\u0259 m\u00fcdiri, V\u00fcqar Behbudov il\u0259 g\u00f6r\u00fc\u015f\u00fcm\u00fcz\u00fc t\u0259\u015fkil etdil\u0259r. Sizinl\u0259 g\u00f6r\u00fc\u015f zaman\u0131 verdiyiniz tap\u015f\u0131r\u0131\u011f\u0131 bir daha V\u00fcqar Behbudovun diqq\u0259tin\u0259 \u00e7atd\u0131rd\u0131m. V\u00fcqar Behbudov is\u0259 \u00f6z n\u00f6vb\u0259sind\u0259 Sizin verdiyiniz tap\u015f\u0131r\u0131\u011fdan x\u0259b\u0259rdar oldu\u011funu bildirdi. M\u0259n\u0259 s\u00f6yl\u0259di ki, S\u0259n narahat olma, biz m\u0259s\u0259l\u0259ni h\u0259ll edib s\u0259n\u0259 m\u0259lumat ver\u0259c\u0259yik. Bu da m\u0259nim \u0259laq\u0259 n\u00f6mr\u0259m. M\u0259niml\u0259 ist\u0259diyin zaman \u0259laq\u0259 saxlaya bil\u0259rs\u0259n.<\/p>\n\n\n\n<p>Art\u0131q bir ildir ki, &#171;DSMF&#187;-nin \u015f\u00f6b\u0259 m\u00fcdiri Sizin verdiyiniz tap\u015f\u0131r\u0131\u011f\u0131 h\u0259l\u0259 d\u0259 icra etm\u0259yib. Onunla \u0259laq\u0259 saxlay\u0131b problemin n\u0259 zaman h\u0259ll olunaca\u011f\u0131n\u0131 soru\u015fanda h\u0259r d\u0259f\u0259 bir b\u0259han\u0259 il\u0259 bu-g\u00fcn sabah ed\u0259-ed\u0259, art\u0131q vaxt\u0131 bir il\u0259 kimi uzad\u0131b. V.Behbudovun Sizin veridyiniz tap\u015f\u0131r\u0131\u011fa bigan\u0259 yana\u015fmas\u0131n\u0131n s\u0259b\u0259bini he\u00e7 c\u00fcr\u0259 anlaya bilmir\u0259m.<\/p>\n\n\n\n<p>Sizd\u0259n xahi\u015f edir\u0259m ki, &#171;DSMF&#187;-nin \u015f\u00f6b\u0259 m\u00fcdiri olan V\u00fcqar Behbudovun, Sizin verdiyiniz tap\u015f\u0131r\u0131\u011fa bigan\u0259 yana\u015fmas\u0131n\u0131n s\u0259b\u0259binin ara\u015fd\u0131r\u0131lmas\u0131na v\u0259 Sizin m\u0259nim m\u0259nzil m\u0259s\u0259l\u0259min h\u0259lli istiqam\u0259tind\u0259 verdiyiniz tap\u015f\u0131r\u0131\u011f\u0131n icra olunmas\u0131nda q\u0259tiyy\u0259tli tap\u015f\u0131r\u0131qlar\u0131n\u0131z\u0131 ver\u0259siniz.<\/p>\n\n\n\n<p><strong>H\u00f6rm\u0259tl\u0259 : M\u00fcharib\u0259 \u0259lili R\u0259hman \u018fzizzad\u0259<\/strong>&#171;<\/p>\n\n\n\n<p>Haz\u0131rlad\u0131: <strong>Elnur S\u0259lim<\/strong><\/p>\n\n\n\n<figure class=\"wp-block-image size-large is-resized\"><img loading=\"lazy\" decoding=\"async\" src=\"http:\/\/fedai.az\/wp-content\/uploads\/2020\/06\/images-4-3.jpg\" alt=\"\" class=\"wp-image-8570\" width=\"598\" height=\"397\"\/><\/figure>\n","protected":false},"excerpt":{"rendered":"<p>Az\u0259rbaycan Respublikas\u0131n Birinci Vitse Prezidenti Xan\u0131m Mehriban \u018fliyeva \u015f\u0259hid ail\u0259l\u0259rinin. m\u00fcharib\u0259 \u0259lill\u0259rinin himay\u0259dar\u0131 v\u0259 daim bu q\u0259bild\u0259n olan insanlara qay\u011f\u0131 il\u0259 yana\u015fmas\u0131 bir \u00f6rn\u0259k<\/p>\n","protected":false},"author":2,"featured_media":9661,"comment_status":"closed","ping_status":"closed","sticky":false,"template":"","format":"standard","meta":{"footnotes":""},"categories":[5],"tags":[],"class_list":["post-9660","post","type-post","status-publish","format-standard","has-post-thumbnail","hentry","category-veteran"],"aioseo_notices":[],"_links":{"self":[{"href":"https:\/\/fedai.az\/index.php?rest_route=\/wp\/v2\/posts\/9660","targetHints":{"allow":["GET"]}}],"collection":[{"href":"https:\/\/fedai.az\/index.php?rest_route=\/wp\/v2\/posts"}],"about":[{"href":"https:\/\/fedai.az\/index.php?rest_route=\/wp\/v2\/types\/post"}],"author":[{"embeddable":true,"href":"https:\/\/fedai.az\/index.php?rest_route=\/wp\/v2\/users\/2"}],"replies":[{"embeddable":true,"href":"https:\/\/fedai.az\/index.php?rest_route=%2Fwp%2Fv2%2Fcomments&post=9660"}],"version-history":[{"count":1,"href":"https:\/\/fedai.az\/index.php?rest_route=\/wp\/v2\/posts\/9660\/revisions"}],"predecessor-version":[{"id":9662,"href":"https:\/\/fedai.az\/index.php?rest_route=\/wp\/v2\/posts\/9660\/revisions\/9662"}],"wp:featuredmedia":[{"embeddable":true,"href":"https:\/\/fedai.az\/index.php?rest_route=\/wp\/v2\/media\/9661"}],"wp:attachment":[{"href":"https:\/\/fedai.az\/index.php?rest_route=%2Fwp%2Fv2%2Fmedia&parent=9660"}],"wp:term":[{"taxonomy":"category","embeddable":true,"href":"https:\/\/fedai.az\/index.php?rest_route=%2Fwp%2Fv2%2Fcategories&post=9660"},{"taxonomy":"post_tag","embeddable":true,"href":"https:\/\/fedai.az\/index.php?rest_route=%2Fwp%2Fv2%2Ftags&post=9660"}],"curies":[{"name":"wp","href":"https:\/\/api.w.org\/{rel}","templated":true}]}}