{"id":9663,"date":"2020-07-12T02:49:42","date_gmt":"2020-07-11T22:49:42","guid":{"rendered":"http:\/\/fedai.az\/?p=9663"},"modified":"2020-07-12T02:49:47","modified_gmt":"2020-07-11T22:49:47","slug":"s%c9%99rkisyanin-turkiy%c9%99-s%c9%99rh%c9%99dind%c9%99-v%c9%99-qarabagda-b%c9%99yanati","status":"publish","type":"post","link":"https:\/\/fedai.az\/?p=9663","title":{"rendered":"S\u0259rkisyan\u0131n T\u00fcrkiy\u0259 s\u0259rh\u0259dind\u0259 v\u0259 Qaraba\u011fda b\u0259yanat\u0131.."},"content":{"rendered":"\n<p><strong>Erm\u0259nistan Prezidenti Armen S\u0259rkisyan\u0131n haz\u0131rk\u0131 pandemiya \u015f\u0259raitind\u0259 t\u0259cili Qaraba\u011fa g\u0259lm\u0259si v\u0259 burada g\u00f6r\u00fc\u015fl\u0259r ke\u00e7irm\u0259sinin anlam\u0131 budur: \u0130r\u0259van faktiki olaraq dan\u0131\u015f\u0131qlar prosesin\u0259 h\u00f6rm\u0259t etmir, beyn\u0259lxalq h\u00fcququ is\u0259 tan\u0131m\u0131r.<\/strong><\/p>\n\n\n\n<p>Bu s\u00f6zl\u0259ri&nbsp;<a target=\"_blank\" href=\"http:\/\/axar.az\/\" rel=\"noreferrer noopener\">Axar.az<\/a>-a a\u00e7\u0131qlamas\u0131nda BDU-in Erm\u0259ni Ara\u015fd\u0131rmalar\u0131 Elmi T\u0259dqiqat v\u0259 t\u0259dris m\u0259rk\u0259zinin b\u00f6y\u00fck elmi i\u015f\u00e7isi \u0130smay\u0131l Tanr\u0131verdi Armen S\u0259rkisyan\u0131n d\u00fcn\u0259n Az\u0259rbaycan\u0131n i\u015f\u011fal alt\u0131ndak\u0131 Qaraba\u011f b\u00f6lg\u0259sin\u0259 g\u0259lm\u0259si, Xank\u0259ndid\u0259 qondarma rejimin separat\u00e7\u0131 r\u0259hb\u0259ri Araik Arutyunyanla g\u00f6r\u00fc\u015fm\u0259si haqda dan\u0131\u015fark\u0259n deyib. \u0130.Tanr\u0131verdi vur\u011fulay\u0131b ki, S\u0259rkisyan bu s\u0259f\u0259rl\u0259 niyy\u0259tini ortaya qoydu:<\/p>\n\n\n\n<p>\u201cArmen S\u0259rkisyan jurnalistl\u0259r\u0259 a\u00e7\u0131qlamas\u0131nda Qaraba\u011f m\u0259s\u0259l\u0259sinin \u201cg\u00fccl\u00fc Qaraba\u011f\u201d qurmaqdan ba\u015fqa h\u0259llinin olmad\u0131\u011f\u0131n\u0131 deyib. Bu, faktiki olaraq dan\u0131\u015f\u0131qlar prosesinin Erm\u0259nistan \u00fc\u00e7\u00fcn n\u0259 m\u0259naya g\u0259ldiyini bir daha s\u00fcbut edir. Y\u0259ni \u201cbiz\u0259 g\u00fccl\u0259nm\u0259k \u00fc\u00e7\u00fcn vaxt laz\u0131md\u0131r, dan\u0131\u015f\u0131qlar prosesi d\u0259 bu vaxt\u0131 biz\u0259 qazand\u0131r\u0131r\u201d. Bu g\u00fcn Erm\u0259nistan daxilind\u0259 fikir ayr\u0131l\u0131qlar\u0131 olsa da, xarici siyas\u0259td\u0259 vahid c\u0259bh\u0259d\u0259n \u00e7\u0131x\u0131\u015f edirl\u0259r. Bunun s\u00fcbutu odur ki, Araik Arutyunyan S\u0259rkisyanla g\u00f6r\u00fc\u015f\u00fcnd\u0259n \u00f6nc\u0259 Erm\u0259nistan\u0131n ke\u00e7mi\u015f M\u00fcdafi\u0259 naziri, haz\u0131rk\u0131 h\u00f6kum\u0259t\u0259 el\u0259 d\u0259 xo\u015f m\u00fcnasib\u0259t b\u0259sl\u0259m\u0259y\u0259n Seyran Ohanyanla g\u00f6r\u00fc\u015f\u0259r\u0259k, onu \u00f6z\u00fcn\u00fcn dostu adland\u0131rd\u0131\u201d.<\/p>\n\n\n\n<p>\u0130.Tanr\u0131verdinin s\u00f6zl\u0259rin\u0259 g\u00f6r\u0259, Erm\u0259nistan n\u0259inki i\u015f\u011fal alt\u0131ndak\u0131 torpaqlar\u0131 azad etm\u0259k ist\u0259yir, \u0259ksin\u0259, Az\u0259rbaycan v\u0259 T\u00fcrkiy\u0259y\u0259 yeni \u0259razi iddialar\u0131 s\u0259sl\u0259ndirir:<\/p>\n\n\n\n<p>\u201cHe\u00e7 k\u0259s\u0259 sirr deyil ki, Erm\u0259nistan bu g\u00fcn Nax\u00e7\u0131van, h\u0259tta Goranboyun i\u015f\u011fal planlar\u0131n\u0131 haz\u0131rlay\u0131r. Bu bar\u0259d\u0259 d\u0259f\u0259l\u0259rl\u0259 erm\u0259ni medias\u0131nda x\u0259b\u0259rl\u0259r \u00e7\u0131x\u0131b. M\u0259n bu x\u0259b\u0259rl\u0259ri izl\u0259yir\u0259m v\u0259 bu, d\u00fc\u015fm\u0259nin i\u00e7 \u00fcz\u00fcn\u00fc a\u00e7\u0131r. Dig\u0259r bir maraql\u0131 m\u0259qam is\u0259 Qaraba\u011f s\u0259f\u0259rind\u0259n bir m\u00fcdd\u0259t \u00f6nc\u0259 Armen S\u0259rkisyan\u0131n Erm\u0259nistan\u0131n T\u00fcrkiy\u0259 il\u0259 s\u0259rh\u0259din\u0259 s\u0259f\u0259ri oldu, o, burada q\u0259dim Ani \u015f\u0259h\u0259rinin xarabal\u0131qlar\u0131 yax\u0131nl\u0131\u011f\u0131nda \u015f\u0259kil \u00e7\u0259kdir\u0259r\u0259k, \u201cq\u0259dim erm\u0259ni torpaqlar\u0131\u201dndan ayr\u0131ld\u0131qlar\u0131n\u0131, lakin bu torpaqlar\u0131n da \u201cbir g\u00fcn Erm\u0259nistan\u0131n\u0131n \u0259razisi olaca\u011f\u0131\u201d fonunda a\u00e7\u0131qlama verdi. G\u00f6r\u00fcnd\u00fcy\u00fc kimi, erm\u0259nil\u0259r x\u00fclyalar\u0131n\u0131 he\u00e7 zaman unutmur, ill\u0259r ke\u00e7s\u0259 d\u0259, bu ideya il\u0259 ya\u015fay\u0131rlar. Bu m\u0259nada bel\u0259 bir mill\u0259tl\u0259 dan\u0131\u015f\u0131qlar\u0131n he\u00e7 bir faydas\u0131 yoxdur&#187;.<\/p>\n","protected":false},"excerpt":{"rendered":"<p>Erm\u0259nistan Prezidenti Armen S\u0259rkisyan\u0131n haz\u0131rk\u0131 pandemiya \u015f\u0259raitind\u0259 t\u0259cili Qaraba\u011fa g\u0259lm\u0259si v\u0259 burada g\u00f6r\u00fc\u015fl\u0259r ke\u00e7irm\u0259sinin anlam\u0131 budur: \u0130r\u0259van faktiki olaraq dan\u0131\u015f\u0131qlar prosesin\u0259 h\u00f6rm\u0259t etmir, beyn\u0259lxalq<\/p>\n","protected":false},"author":2,"featured_media":0,"comment_status":"closed","ping_status":"closed","sticky":false,"template":"","format":"standard","meta":{"footnotes":""},"categories":[4],"tags":[],"class_list":["post-9663","post","type-post","status-publish","format-standard","hentry","category-qarabag"],"aioseo_notices":[],"_links":{"self":[{"href":"https:\/\/fedai.az\/index.php?rest_route=\/wp\/v2\/posts\/9663","targetHints":{"allow":["GET"]}}],"collection":[{"href":"https:\/\/fedai.az\/index.php?rest_route=\/wp\/v2\/posts"}],"about":[{"href":"https:\/\/fedai.az\/index.php?rest_route=\/wp\/v2\/types\/post"}],"author":[{"embeddable":true,"href":"https:\/\/fedai.az\/index.php?rest_route=\/wp\/v2\/users\/2"}],"replies":[{"embeddable":true,"href":"https:\/\/fedai.az\/index.php?rest_route=%2Fwp%2Fv2%2Fcomments&post=9663"}],"version-history":[{"count":1,"href":"https:\/\/fedai.az\/index.php?rest_route=\/wp\/v2\/posts\/9663\/revisions"}],"predecessor-version":[{"id":9665,"href":"https:\/\/fedai.az\/index.php?rest_route=\/wp\/v2\/posts\/9663\/revisions\/9665"}],"wp:attachment":[{"href":"https:\/\/fedai.az\/index.php?rest_route=%2Fwp%2Fv2%2Fmedia&parent=9663"}],"wp:term":[{"taxonomy":"category","embeddable":true,"href":"https:\/\/fedai.az\/index.php?rest_route=%2Fwp%2Fv2%2Fcategories&post=9663"},{"taxonomy":"post_tag","embeddable":true,"href":"https:\/\/fedai.az\/index.php?rest_route=%2Fwp%2Fv2%2Ftags&post=9663"}],"curies":[{"name":"wp","href":"https:\/\/api.w.org\/{rel}","templated":true}]}}