{"id":9706,"date":"2020-07-12T04:57:53","date_gmt":"2020-07-12T00:57:53","guid":{"rendered":"http:\/\/fedai.az\/?p=9706"},"modified":"2020-07-12T04:57:59","modified_gmt":"2020-07-12T00:57:59","slug":"murov-qartali-polkovnik-leytenanti-raquf-orucovun-ad-gunudur","status":"publish","type":"post","link":"https:\/\/fedai.az\/?p=9706","title":{"rendered":"`Murov qartal\u0131` polkovnik-leytenant\u0131 Raquf Orucovun AD G\u00dcN\u00dcD\u00dcR"},"content":{"rendered":"\n<p><strong>1972-ci il 12 iyulda A\u011fdam rayonunun Cinli k\u0259ndind\u0259 Raya v\u0259 \u0130brahim Orucovlar\u0131n ail\u0259sind\u0259 anadan olub. Ail\u0259nin birinci \u00f6vlad\u0131 olan Raqufun \u00f6z\u00fcnd\u0259n ba\u015fqa \u00fc\u00e7 qarda\u015f\u0131 v\u0259 bir bac\u0131s\u0131 var idi. <\/strong><\/p>\n\n\n\n<p>1990-c\u0131 ild\u0259 Sovet Qo\u015funlar\u0131nda xidm\u0259t ed\u0259n Raquf Orucov bir m\u00fcdd\u0259t sonra ordudan ayr\u0131ld\u0131 v\u0259 \u00e7\u0259tin g\u00fcnl\u0259rd\u0259 Az\u0259rbaycan Ordusunun s\u0131ralar\u0131na qo\u015fuldu. Anas\u0131 Raya xan\u0131m o\u011flu \u00fc\u00e7\u00fcn yaman nigaran idi. G\u00fcnl\u0259rin birind\u0259 Raquf ev\u0259 axsayara\u011f g\u0259ldi. Raquf Orucov bu \u00fc\u00e7-d\u00f6rd ay \u0259rzind\u0259 F\u0259rrux da\u011f\u0131 v\u0259 Aranz\u0259min k\u0259ndind\u0259 apar\u0131lan h\u0259rbi \u0259m\u0259liyyatlar zaman\u0131 aya\u011f\u0131ndan a\u011f\u0131r q\u0259lp\u0259 yaras\u0131 ald\u0131. Anas\u0131 onun yaraland\u0131\u011f\u0131n\u0131 g\u00f6rm\u0259sin dey\u0259, Raquf irad\u0259sini toplad\u0131, anas\u0131 il\u0259 g\u00f6r\u00fc\u015fd\u0259n yay\u0131nd\u0131. El\u0259 h\u0259min g\u00fcnl\u0259rd\u0259 erm\u0259nil\u0259rin A\u011fdam rayonunu at\u0259\u015f\u0259 tutmas\u0131 n\u0259tic\u0259sind\u0259 Raquf Orucovun day\u0131s\u0131 Az\u0259r R\u0259himov \u015f\u0259hid oldu. Qanl\u0131 d\u00f6y\u00fc\u015fl\u0259rd\u0259 Az\u0259rbaycan ordusu n\u0259 q\u0259d\u0259r \u015f\u00fcca\u0259t g\u00f6st\u0259rs\u0259d\u0259, 1993-c\u00fc ilin 12 iyun g\u00fcn\u00fcnd\u0259 rus-erm\u0259ni ordusu A\u011fdam rayonunun Cinli k\u0259ndini i\u015f\u011fal etdi. <\/p>\n\n\n\n<p>\u0130\u015f\u011fal n\u0259tic\u0259sind\u0259 be\u015f \u00f6vlad anas\u0131 olan Raya xan\u0131m nam\u0259rd d\u00fc\u015fm\u0259n g\u00fcll\u0259sind\u0259n \u015f\u0259hid oldu. El\u0259 h\u0259min ild\u0259c\u0259 Raquf Orucov s\u0259n\u0259dl\u0259rini Bak\u0131 Ali H\u0259rbi \u00dcmumqo\u015fun Komandirl\u0259ri M\u0259kt\u0259bin\u0259 verdi, amma m\u0259kt\u0259b\u0259 q\u0259bul ola bilm\u0259di. Buna baxmayaraq, o, ruhdan d\u00fc\u015fm\u0259di v\u0259 ert\u0259si il h\u0259min m\u0259kt\u0259b\u0259 q\u0259bul oldu. Anas\u0131n\u0131n qisas\u0131n\u0131 erm\u0259nil\u0259rd\u0259n alaca\u011f\u0131 \u00fcmidil\u0259d\u0259 onun \u015f\u0259r\u0259fli h\u0259rb\u00e7i h\u0259yat\u0131 ba\u015flad\u0131.<\/p>\n\n\n\n<p>Raquf Orucov 1999-cu ild\u0259 Sevinc Al\u0131zad\u0259 il\u0259 ail\u0259 h\u0259yat\u0131 qurdu; Aq\u015fin v\u0259 Nihad ad\u0131nda iki o\u011flu yadigar qal\u0131b. Raquf Orucov Bak\u0131 Ali H\u0259rbi \u00dcmumqo\u015fun Komandirl\u0259ri M\u0259kt\u0259bind\u0259 iki il \u0259rzind\u0259 laz\u0131mi bilikl\u0259r\u0259 yiy\u0259l\u0259ndi. Kursant Orucov, ona m\u0259kt\u0259bd\u0259 veril\u0259n m\u00fcavinatlar\u0131 \u00f6z\u00fcn\u0259 x\u0259rcl\u0259mir, g\u0259tirib atas\u0131na, onlara anal\u0131q ed\u0259n n\u0259n\u0259si v\u0259 \u00f6mr\u00fcn\u00fc qarda\u015f\u0131n\u0131n d\u00f6rd \u00f6vlad\u0131na h\u0259sr ed\u0259n, bibisi S\u0259yyar\u0259 xan\u0131ma verir. 1996-c\u0131 ild\u0259 h\u0259min m\u0259kt\u0259bi bitir\u0259n Raquf Orucov daha sonra Bak\u0131 \u015f\u0259h\u0259rind\u0259 yerl\u0259\u015f\u0259n h\u0259rbi hiss\u0259l\u0259rin birin\u0259 t\u0259yinat ald\u0131, amma g\u0259nc zabit \u00f6n c\u0259bh\u0259d\u0259 olma\u011fa \u00fcst\u00fcnl\u00fck verdi. 1996-c\u0131 ild\u0259 t\u0259yinat\u0131n\u0131 d\u00fc\u015fm\u0259nl\u0259 \u00fcz-\u00fcz\u0259 dayanan Murovda\u011fa ald\u0131 v\u0259 k\u0259\u00e7fiyyat b\u00f6l\u00fcy\u00fcn\u00fcn komandiri kimi f\u0259aliyy\u0259tini davam etdi. 2016-c\u0131 ilin aprel ay\u0131n\u0131n \u0259vv\u0259lind\u0259n polkovnik-leytenant Raquf Orucov sonuncu d\u00f6y\u00fc\u015f\u00fcn\u0259 qat\u0131ld\u0131.<\/p>\n\n\n\n<p> Aprelin 5-i polkovnik-leytenant Raquf Orucov son m\u0259nzil\u0259 yola sal\u0131nd\u0131.<\/p>\n\n\n\n<p><br><strong>ALLAH R\u018fHM\u018fT EL\u018fS\u0130N, RUHUN \u015eAD,M\u018fKANIN C\u018fNN\u018fT OLSUN<\/strong>!<\/p>\n\n\n\n<figure class=\"wp-block-image size-large\"><img decoding=\"async\" src=\"http:\/\/fedai.az\/wp-content\/uploads\/2020\/07\/107868647_4114158215322306_3755159938718824159_n.jpg\" alt=\"\" class=\"wp-image-9707\"\/><\/figure>\n\n\n\n<p><strong>Leyla H\u0259s\u0259nova<\/strong><\/p>\n","protected":false},"excerpt":{"rendered":"<p>1972-ci il 12 iyulda A\u011fdam rayonunun Cinli k\u0259ndind\u0259 Raya v\u0259 \u0130brahim Orucovlar\u0131n ail\u0259sind\u0259 anadan olub. Ail\u0259nin birinci \u00f6vlad\u0131 olan Raqufun \u00f6z\u00fcnd\u0259n ba\u015fqa \u00fc\u00e7 qarda\u015f\u0131<\/p>\n","protected":false},"author":2,"featured_media":0,"comment_status":"closed","ping_status":"closed","sticky":false,"template":"","format":"standard","meta":{"footnotes":""},"categories":[5],"tags":[],"class_list":["post-9706","post","type-post","status-publish","format-standard","hentry","category-veteran"],"aioseo_notices":[],"_links":{"self":[{"href":"https:\/\/fedai.az\/index.php?rest_route=\/wp\/v2\/posts\/9706","targetHints":{"allow":["GET"]}}],"collection":[{"href":"https:\/\/fedai.az\/index.php?rest_route=\/wp\/v2\/posts"}],"about":[{"href":"https:\/\/fedai.az\/index.php?rest_route=\/wp\/v2\/types\/post"}],"author":[{"embeddable":true,"href":"https:\/\/fedai.az\/index.php?rest_route=\/wp\/v2\/users\/2"}],"replies":[{"embeddable":true,"href":"https:\/\/fedai.az\/index.php?rest_route=%2Fwp%2Fv2%2Fcomments&post=9706"}],"version-history":[{"count":1,"href":"https:\/\/fedai.az\/index.php?rest_route=\/wp\/v2\/posts\/9706\/revisions"}],"predecessor-version":[{"id":9709,"href":"https:\/\/fedai.az\/index.php?rest_route=\/wp\/v2\/posts\/9706\/revisions\/9709"}],"wp:attachment":[{"href":"https:\/\/fedai.az\/index.php?rest_route=%2Fwp%2Fv2%2Fmedia&parent=9706"}],"wp:term":[{"taxonomy":"category","embeddable":true,"href":"https:\/\/fedai.az\/index.php?rest_route=%2Fwp%2Fv2%2Fcategories&post=9706"},{"taxonomy":"post_tag","embeddable":true,"href":"https:\/\/fedai.az\/index.php?rest_route=%2Fwp%2Fv2%2Ftags&post=9706"}],"curies":[{"name":"wp","href":"https:\/\/api.w.org\/{rel}","templated":true}]}}