{"id":97077,"date":"2025-12-06T23:28:33","date_gmt":"2025-12-06T19:28:33","guid":{"rendered":"https:\/\/fedai.az\/?p=97077"},"modified":"2025-12-06T23:28:33","modified_gmt":"2025-12-06T19:28:33","slug":"t%c9%99brikrasim-pasayev-54","status":"publish","type":"post","link":"https:\/\/fedai.az\/?p=97077","title":{"rendered":"T\u0259brik: Rasim Pa\u015fayev &#8212; 56"},"content":{"rendered":"\n<p>Bu g\u00fcn silahda\u015flar\u0131m\u0131zdan birinin \u2014 Az\u0259rbaycan V\u0259t\u0259n M\u00fcharib\u0259si Veteranlar\u0131 \u0130ctimai Birliyinin (AVMV\u0130B) C\u0259bray\u0131l rayon \u015f\u00f6b\u0259sinin s\u0259dri Pa\u015fayev Rasim Pa\u015fa o\u011flunun ad g\u00fcn\u00fcd\u00fcr. Dekabr ay\u0131n\u0131n 6-da onun 56 ya\u015f\u0131 tamam olur.<\/p>\n\n\n\n<p>Pa\u015fayev Rasim Pa\u015fa o\u011flu 1969-cu ild\u0259 C\u0259bray\u0131l rayonunun Kavdar k\u0259ndind\u0259 z\u0259hm\u0259tke\u015f ail\u0259d\u0259 anadan olub. 1988-ci ild\u0259 C\u0259bray\u0131l rayonunun Kavdar k\u0259nd orta m\u0259kt\u0259bini bitirib. 1988-1990-c\u0131 ill\u0259rd\u0259 Sovet Ordusunda m\u00fcdd\u0259tli h\u0259qiqi h\u0259rbi xidm\u0259td\u0259 olub. 1991-1994-c\u00fc ill\u0259rd\u0259 k\u00f6n\u00fcll\u00fc olaraq Az\u0259rbaycan Ordusunun d\u00f6y\u00fc\u015f b\u00f6lg\u0259l\u0259rind\u0259 yerl\u0259\u015f\u0259n h\u0259rbi hiss\u0259l\u0259rin birind\u0259 xidm\u0259t edib. H\u0259rbi xidm\u0259td\u0259 oldu\u011fu ill\u0259r \u0259rzind\u0259 V\u0259t\u0259n\u0259 v\u0259 xalqa s\u0259daq\u0259tl\u0259 xidm\u0259t g\u00f6st\u0259rmi\u015fdir.<\/p>\n\n\n\n<p>Rasim Pa\u015fayev 2019-cu ild\u0259n etibar\u0259n Az\u0259rbaycan V\u0259t\u0259n M\u00fcharib\u0259si Veteranlar\u0131 \u0130ctimai Birliyinin C\u0259bray\u0131l rayon \u015f\u00f6b\u0259sinin s\u0259dridir.<\/p>\n\n\n\n<p>O, 1991-1994-c\u00fc ill\u0259rd\u0259 Az\u0259rbaycan\u0131n \u0259razi b\u00fct\u00f6vl\u00fcy\u00fc u\u011frunda ged\u0259n d\u00f6y\u00fc\u015fl\u0259rd\u0259 f\u0259al i\u015ftirak edib. 44 g\u00fcnl\u00fck V\u0259t\u0259n m\u00fcharib\u0259si zaman\u0131 Rasim Pa\u015fayev h\u0259rbi qulluq\u00e7ular\u0131m\u0131z\u0131n yan\u0131nda olmu\u015f, onlara h\u0259val\u0259 edilmi\u015f v\u0259zif\u0259 v\u0259 tap\u015f\u0131r\u0131qlar\u0131 m\u0259suliyy\u0259t v\u0259 \u015f\u0259r\u0259f hissi il\u0259 yerin\u0259 yetirmi\u015fdir.<\/p>\n\n\n\n<p>Xidm\u0259ti v\u0259 ictimai v\u0259zif\u0259l\u0259rin yerin\u0259 yetirilm\u0259sin\u0259 m\u0259suliyy\u0259tl\u0259 yana\u015fd\u0131\u011f\u0131na g\u00f6r\u0259 Az\u0259rbaycan Ordusunun Ba\u015f Q\u0259rargah r\u0259isinin, korpus v\u0259 h\u0259rbi hiss\u0259 komandirl\u0259rinin, Az\u0259rbaycan V\u0259t\u0259n M\u00fcharib\u0259si Veteranlar\u0131 \u0130ctimai Birliyinin s\u0259drinin m\u00fcvafiq \u0259mrl\u0259ri il\u0259 d\u00f6\u015f ni\u015fanlar\u0131, f\u0259xri f\u0259rmanlar, qiym\u0259tli h\u0259diyy\u0259l\u0259rl\u0259 m\u00fckafatland\u0131r\u0131l\u0131b.<\/p>\n\n\n\n<p>Az\u0259rbaycan V\u0259t\u0259n M\u00fcharib\u0259si Veteranlar\u0131 \u0130ctimai Birliyinin r\u0259hb\u0259rliyi Pa\u015fayev Rasim Pa\u015fa o\u011flunu do\u011fum g\u00fcn\u00fc yubileyi m\u00fcnasib\u0259ti il\u0259 t\u0259brik edir, ona uzun \u00f6m\u00fcr, cansa\u011fl\u0131\u011f\u0131 arzu edir.<\/p>\n\n\n\n<p><strong>AVMV\u0130B-in M\u0259tbuat xidm\u0259ti<\/strong><\/p>\n\n\n\n<figure class=\"wp-block-image size-large is-resized\"><img loading=\"lazy\" decoding=\"async\" width=\"1024\" height=\"508\" src=\"https:\/\/fedai.az\/wp-content\/uploads\/2023\/12\/image-25-1024x508.png\" alt=\"\" class=\"wp-image-97079\" style=\"aspect-ratio:2.015748031496063;width:629px;height:auto\" srcset=\"https:\/\/fedai.az\/wp-content\/uploads\/2023\/12\/image-25-1024x508.png 1024w, https:\/\/fedai.az\/wp-content\/uploads\/2023\/12\/image-25-300x149.png 300w, https:\/\/fedai.az\/wp-content\/uploads\/2023\/12\/image-25-150x74.png 150w, https:\/\/fedai.az\/wp-content\/uploads\/2023\/12\/image-25-768x381.png 768w, https:\/\/fedai.az\/wp-content\/uploads\/2023\/12\/image-25.png 1080w\" sizes=\"auto, (max-width: 1024px) 100vw, 1024px\" \/><\/figure>\n\n\n\n<figure class=\"wp-block-image size-full is-resized\"><img loading=\"lazy\" decoding=\"async\" width=\"934\" height=\"649\" src=\"https:\/\/fedai.az\/wp-content\/uploads\/2023\/12\/image-26.png\" alt=\"\" class=\"wp-image-97080\" style=\"aspect-ratio:1.4391371340523882;width:597px;height:auto\" srcset=\"https:\/\/fedai.az\/wp-content\/uploads\/2023\/12\/image-26.png 934w, https:\/\/fedai.az\/wp-content\/uploads\/2023\/12\/image-26-300x208.png 300w, https:\/\/fedai.az\/wp-content\/uploads\/2023\/12\/image-26-150x104.png 150w, https:\/\/fedai.az\/wp-content\/uploads\/2023\/12\/image-26-768x534.png 768w\" sizes=\"auto, (max-width: 934px) 100vw, 934px\" \/><\/figure>\n\n\n\n<figure class=\"wp-block-image size-full is-resized\"><img loading=\"lazy\" decoding=\"async\" width=\"998\" height=\"623\" src=\"https:\/\/fedai.az\/wp-content\/uploads\/2023\/12\/image-27.png\" alt=\"\" class=\"wp-image-97081\" style=\"aspect-ratio:1.6019261637239166;width:670px;height:auto\" srcset=\"https:\/\/fedai.az\/wp-content\/uploads\/2023\/12\/image-27.png 998w, https:\/\/fedai.az\/wp-content\/uploads\/2023\/12\/image-27-300x187.png 300w, https:\/\/fedai.az\/wp-content\/uploads\/2023\/12\/image-27-150x94.png 150w, https:\/\/fedai.az\/wp-content\/uploads\/2023\/12\/image-27-768x479.png 768w, https:\/\/fedai.az\/wp-content\/uploads\/2023\/12\/image-27-115x73.png 115w\" sizes=\"auto, (max-width: 998px) 100vw, 998px\" \/><\/figure>\n\n\n\n<p><\/p>\n\n\n\n<figure class=\"wp-block-image size-full is-resized\"><img loading=\"lazy\" decoding=\"async\" width=\"1010\" height=\"580\" src=\"https:\/\/fedai.az\/wp-content\/uploads\/2023\/12\/image-28.png\" alt=\"\" class=\"wp-image-97082\" style=\"aspect-ratio:1.7413793103448276;width:763px;height:auto\" srcset=\"https:\/\/fedai.az\/wp-content\/uploads\/2023\/12\/image-28.png 1010w, https:\/\/fedai.az\/wp-content\/uploads\/2023\/12\/image-28-300x172.png 300w, https:\/\/fedai.az\/wp-content\/uploads\/2023\/12\/image-28-150x86.png 150w, https:\/\/fedai.az\/wp-content\/uploads\/2023\/12\/image-28-768x441.png 768w\" sizes=\"auto, (max-width: 1010px) 100vw, 1010px\" \/><\/figure>\n","protected":false},"excerpt":{"rendered":"<p>Bu g\u00fcn silahda\u015flar\u0131m\u0131zdan birinin \u2014 Az\u0259rbaycan V\u0259t\u0259n M\u00fcharib\u0259si Veteranlar\u0131 \u0130ctimai Birliyinin (AVMV\u0130B) C\u0259bray\u0131l rayon \u015f\u00f6b\u0259sinin s\u0259dri Pa\u015fayev Rasim Pa\u015fa o\u011flunun ad g\u00fcn\u00fcd\u00fcr. Dekabr ay\u0131n\u0131n<\/p>\n","protected":false},"author":2,"featured_media":97078,"comment_status":"closed","ping_status":"closed","sticky":false,"template":"","format":"standard","meta":{"footnotes":""},"categories":[11],"tags":[],"class_list":["post-97077","post","type-post","status-publish","format-standard","has-post-thumbnail","hentry","category-tbrik"],"aioseo_notices":[],"_links":{"self":[{"href":"https:\/\/fedai.az\/index.php?rest_route=\/wp\/v2\/posts\/97077","targetHints":{"allow":["GET"]}}],"collection":[{"href":"https:\/\/fedai.az\/index.php?rest_route=\/wp\/v2\/posts"}],"about":[{"href":"https:\/\/fedai.az\/index.php?rest_route=\/wp\/v2\/types\/post"}],"author":[{"embeddable":true,"href":"https:\/\/fedai.az\/index.php?rest_route=\/wp\/v2\/users\/2"}],"replies":[{"embeddable":true,"href":"https:\/\/fedai.az\/index.php?rest_route=%2Fwp%2Fv2%2Fcomments&post=97077"}],"version-history":[{"count":4,"href":"https:\/\/fedai.az\/index.php?rest_route=\/wp\/v2\/posts\/97077\/revisions"}],"predecessor-version":[{"id":103056,"href":"https:\/\/fedai.az\/index.php?rest_route=\/wp\/v2\/posts\/97077\/revisions\/103056"}],"wp:featuredmedia":[{"embeddable":true,"href":"https:\/\/fedai.az\/index.php?rest_route=\/wp\/v2\/media\/97078"}],"wp:attachment":[{"href":"https:\/\/fedai.az\/index.php?rest_route=%2Fwp%2Fv2%2Fmedia&parent=97077"}],"wp:term":[{"taxonomy":"category","embeddable":true,"href":"https:\/\/fedai.az\/index.php?rest_route=%2Fwp%2Fv2%2Fcategories&post=97077"},{"taxonomy":"post_tag","embeddable":true,"href":"https:\/\/fedai.az\/index.php?rest_route=%2Fwp%2Fv2%2Ftags&post=97077"}],"curies":[{"name":"wp","href":"https:\/\/api.w.org\/{rel}","templated":true}]}}