{"id":9712,"date":"2020-07-12T13:51:22","date_gmt":"2020-07-12T09:51:22","guid":{"rendered":"http:\/\/fedai.az\/?p=9712"},"modified":"2020-07-12T13:51:29","modified_gmt":"2020-07-12T09:51:29","slug":"mill%c9%99t-v%c9%99kili-muharib%c9%99-%c9%99lili-il%c9%99-bagli-paylasim-edib","status":"publish","type":"post","link":"https:\/\/fedai.az\/?p=9712","title":{"rendered":"Mill\u0259t v\u0259kili m\u00fcharib\u0259 \u0259lili il\u0259 ba\u011fl\u0131 payla\u015f\u0131m edib"},"content":{"rendered":"\n<p>Xat\u0131rlay\u0131rs\u0131n\u0131zsa, Az\u0259rbaycan V\u0259t\u0259n M\u00fcharib\u0259si Veteranlar\u0131 \u0130ctimai Birliyi B\u0259rd\u0259 rayon \u015f\u00f6b\u0259sinin s\u0259dri \u0130smay\u0131l R\u00fcst\u0259movun \u00fczl\u0259\u015fdiyi m\u0259nzil problemiyl\u0259 ba\u011fl\u0131 m\u0259qal\u0259 yay\u0131nlam\u0131\u015fd\u0131q. Bu m\u0259s\u0259l\u0259y\u0259 diqq\u0259tsiz qalmayan, o b\u00f6lg\u0259d\u0259n se\u00e7ilmi\u015f mill\u0259t v\u0259kili Fatma Y\u0131ld\u0131r\u0131m da sosial \u015f\u0259b\u0259k\u0259d\u0259 payla\u015f\u0131m edib. Payla\u015f\u0131m\u0131n m\u0259tnind\u0259 deyilir:<\/p>\n\n\n\n<ul class=\"wp-block-list\"><li><strong>\u018fziz dostlar, do\u011fma B\u0259rd\u0259 se\u00e7icil\u0259rim!<\/strong><\/li><\/ul>\n\n\n\n<p>Prezident c\u0259nab \u0130lham \u018fliyev v\u0259 Birinci vitse-prezident Mehriban xan\u0131m \u018fliyeva \u015f\u0259hid ail\u0259l\u0259rinin, m\u00fcharib\u0259 \u0259lill\u0259rinin, qazil\u0259rimizin probleml\u0259rinin h\u0259llini daim diqq\u0259t m\u0259rk\u0259zind\u0259 saxlay\u0131r. \u00d6t\u0259n ill\u0259r \u0259rzind\u0259 bu sah\u0259d\u0259 geni\u015fmiqyasl\u0131 i\u015fl\u0259r g\u00f6r\u00fcl\u00fcb. Bel\u0259 ki, bu kateqoriyaya aid insanlar\u0131n t\u0259qa\u00fcdl\u0259rinin, m\u00fcavin\u0259tl\u0259rinin art\u0131r\u0131lmas\u0131, onlar\u0131n sosial m\u00fcdafi\u0259sini g\u00fccl\u0259ndirm\u0259k, m\u0259nzil-m\u0259i\u015f\u0259t \u015f\u0259raitinin yax\u015f\u0131la\u015fd\u0131r\u0131lmas\u0131 m\u0259qs\u0259di il\u0259 ard\u0131c\u0131l olaraq add\u0131mlar at\u0131l\u0131r. H\u0259r il y\u00fczl\u0259rl\u0259 \u015f\u0259hid ail\u0259l\u0259ri v\u0259 Qaraba\u011f m\u00fcharib\u0259si \u0259lill\u0259ri d\u00f6vl\u0259t t\u0259r\u0259find\u0259n m\u0259nzill\u0259 t\u0259min olunur. \u0130yulun 6-da yerli televiziyalara m\u00fcsahib\u0259sind\u0259 Prezident \u0130lham \u018fliyev bu il \u0259rzind\u0259 1500 \u015f\u0259hid ail\u0259sinin m\u0259nzill\u0259 t\u0259min edil\u0259c\u0259yini bildirib.<br>B\u0259rd\u0259 rayonunun mill\u0259t v\u0259kili olaraq h\u0259ssas qrupa aid v\u0259t\u0259nda\u015flar\u0131m\u0131z\u0131n probleml\u0259rinin h\u0259llin\u0259 \u00e7al\u0131\u015fmaq \u00f6nc\u0259likli v\u0259zif\u0259mizdir.<\/p>\n\n\n\n<p>Bu yax\u0131nlarda B\u0259rd\u0259 rayon Hac\u0131\u0259hm\u0259dli k\u0259ndind\u0259 ya\u015fayan II qrup Qaraba\u011f \u0259lili \u0130smay\u0131l R\u00fcst\u0259m o\u011flu R\u00fcst\u0259mov ev \u015f\u0259raitinin ac\u0131nacaql\u0131 olmas\u0131 il\u0259 ba\u011fl\u0131 m\u0259n\u0259 m\u00fcraci\u0259t edib. \u00c7ad\u0131rda ya\u015fayan qazimiz, vaxtil\u0259 m\u00fcharib\u0259 \u0259lill\u0259ri \u00fc\u00e7\u00fcn d\u00f6vl\u0259t t\u0259r\u0259find\u0259n veril\u0259n ev n\u00f6vb\u0259sin\u0259 durmay\u0131b, \u00f6z\u00fcn\u0259 g\u00fcv\u0259nib v\u0259 d\u00f6vl\u0259t\u0259 y\u00fck olmaq ist\u0259m\u0259yib. Lakin indi \u0130smay\u0131l qarda\u015f\u0131m\u0131z\u0131n maddi \u00e7\u0259tinlikl\u0259r s\u0259b\u0259bind\u0259n v\u0259ziyy\u0259ti a\u011f\u0131rd\u0131r, ail\u0259d\u0259 a\u011f\u0131r x\u0259st\u0259 oldu\u011fundan evini tikib ba\u015fa \u00e7atd\u0131ra bilmir.<\/p>\n\n\n\n<p><br>Qaraba\u011f \u0259lilinin bel\u0259 bir durumla qar\u015f\u0131-qar\u015f\u0131ya qalmas\u0131ndan ciddi narahatl\u0131q ke\u00e7irtdim. \u00c7\u00fcnki m\u00fcharib\u0259d\u0259 q\u0259hr\u0259mancas\u0131na vuru\u015fmu\u015f bu \u015f\u0259xs rayonda v\u0259t\u0259np\u0259rv\u0259r bir insan kimi tan\u0131n\u0131r. Eyni zamanda, YAP \u00fczv\u00fc olan \u0130smay\u0131l qazimiz bizim se\u00e7kiqaba\u011f\u0131 t\u0259bli\u011fat g\u00f6r\u00fc\u015fl\u0259rimizd\u0259 d\u0259 x\u00fcsusi f\u0259all\u0131q g\u00f6st\u0259rib.<\/p>\n\n\n\n<p><br><strong>Onun m\u0259nzil \u015f\u0259raitinin yax\u015f\u0131la\u015fd\u0131r\u0131lmas\u0131 \u00fc\u00e7\u00fcn \u018fm\u0259k v\u0259 \u018fhalinin Sosial M\u00fcdafi\u0259si Nazirliyin\u0259 k\u00f6m\u0259klik g\u00f6st\u0259rilm\u0259si \u00fc\u00e7\u00fcn m\u00fcraci\u0259t etdim. Cavab olaraq m\u0259s\u0259l\u0259nin ara\u015fd\u0131r\u0131ld\u0131\u011f\u0131 v\u0259 karantin d\u00f6vr\u00fcnd\u0259n sonra h\u0259llin\u0259 k\u00f6m\u0259klik gost\u0259ril\u0259c\u0259yi bildirildi. \u0130nan\u0131ram ki, d\u00f6vl\u0259timiz h\u0259r zaman oldu\u011fu kimi bu d\u0259f\u0259 d\u0259 Qaraba\u011f qazisin\u0259 \u00f6z qay\u011f\u0131s\u0131n\u0131 g\u00f6st\u0259r\u0259c\u0259k.<\/strong><\/p>\n\n\n\n<p>M\u0259nb\u0259: <strong>B\u0259xtiyar Qurbanov<\/strong><\/p>\n\n\n\n<figure class=\"wp-block-image\"><img decoding=\"async\" src=\"https:\/\/scontent.fgyd4-2.fna.fbcdn.net\/v\/t1.0-9\/107700890_179915463529045_505335663136537519_n.jpg?_nc_cat=101&amp;_nc_sid=110474&amp;_nc_ohc=amhLpj6SQPoAX9b-vI4&amp;_nc_ht=scontent.fgyd4-2.fna&amp;oh=46e3ffe895f19b2a64512e7019bb51b5&amp;oe=5F2FD26C\" alt=\"\u041d\u0430 \u0438\u0437\u043e\u0431\u0440\u0430\u0436\u0435\u043d\u0438\u0438 \u043c\u043e\u0436\u0435\u0442 \u043d\u0430\u0445\u043e\u0434\u0438\u0442\u044c\u0441\u044f: 26 \u0447\u0435\u043b\u043e\u0432\u0435\u043a, \u043b\u044e\u0434\u0438 \u0441\u0442\u043e\u044f\u0442 \u0438 \u043a\u043e\u0441\u0442\u044e\u043c\"\/><\/figure>\n\n\n\n<figure class=\"wp-block-image\"><img decoding=\"async\" src=\"https:\/\/scontent.fgyd4-2.fna.fbcdn.net\/v\/t1.0-9\/107603217_179916093528982_2628435080665848989_n.jpg?_nc_cat=105&amp;_nc_sid=110474&amp;_nc_ohc=auUjeItb4IEAX-MVT29&amp;_nc_ht=scontent.fgyd4-2.fna&amp;oh=c1a8f4c86929e48958055b9d5d3e6184&amp;oe=5F318B0B\" alt=\"\u041d\u0430 \u0438\u0437\u043e\u0431\u0440\u0430\u0436\u0435\u043d\u0438\u0438 \u043c\u043e\u0436\u0435\u0442 \u043d\u0430\u0445\u043e\u0434\u0438\u0442\u044c\u0441\u044f: 6 \u0447\u0435\u043b\u043e\u0432\u0435\u043a, \u043b\u044e\u0434\u0438 \u0441\u0438\u0434\u044f\u0442 \u0438 \u0432 \u043f\u043e\u043c\u0435\u0449\u0435\u043d\u0438\u0438\"\/><\/figure>\n\n\n\n<figure class=\"wp-block-image\"><img decoding=\"async\" src=\"https:\/\/scontent.fgyd4-2.fna.fbcdn.net\/v\/t1.0-0\/p180x540\/109242562_179916143528977_3559847063883891087_o.jpg?_nc_cat=109&amp;_nc_sid=110474&amp;_nc_ohc=m5t_Nw8CXdEAX9wogrc&amp;_nc_ht=scontent.fgyd4-2.fna&amp;_nc_tp=6&amp;oh=e950d6216b16ba7dafbe64932209b991&amp;oe=5F3057FC\" alt=\"\u041d\u0430 \u0438\u0437\u043e\u0431\u0440\u0430\u0436\u0435\u043d\u0438\u0438 \u043c\u043e\u0436\u0435\u0442 \u043d\u0430\u0445\u043e\u0434\u0438\u0442\u044c\u0441\u044f: \u0434\u0435\u0440\u0435\u0432\u043e, \u0434\u043e\u043c, \u043d\u0435\u0431\u043e, \u043d\u0430 \u0443\u043b\u0438\u0446\u0435 \u0438 \u043f\u0440\u0438\u0440\u043e\u0434\u0430\"\/><\/figure>\n\n\n\n<figure class=\"wp-block-image\"><img decoding=\"async\" src=\"https:\/\/scontent.fgyd4-2.fna.fbcdn.net\/v\/t1.0-0\/p180x540\/109051686_179916183528973_2370855137820206044_o.jpg?_nc_cat=100&amp;_nc_sid=110474&amp;_nc_ohc=aV7y0swqY5wAX-tBN5x&amp;_nc_ht=scontent.fgyd4-2.fna&amp;_nc_tp=6&amp;oh=1b4c704c25193328f04500a1526eef89&amp;oe=5F31746B\" alt=\"\u041d\u0430 \u0438\u0437\u043e\u0431\u0440\u0430\u0436\u0435\u043d\u0438\u0438 \u043c\u043e\u0436\u0435\u0442 \u043d\u0430\u0445\u043e\u0434\u0438\u0442\u044c\u0441\u044f: \u0434\u0435\u0440\u0435\u0432\u043e, \u0440\u0430\u0441\u0442\u0435\u043d\u0438\u0435, \u043d\u0430 \u0443\u043b\u0438\u0446\u0435 \u0438 \u043f\u0440\u0438\u0440\u043e\u0434\u0430\"\/><\/figure>\n\n\n\n<figure class=\"wp-block-image\"><img decoding=\"async\" src=\"https:\/\/scontent.fgyd4-2.fna.fbcdn.net\/v\/t1.0-9\/109128993_179916266862298_8292078207579584344_n.jpg?_nc_cat=101&amp;_nc_sid=110474&amp;_nc_ohc=g4vkLiVZPKIAX_9rTru&amp;_nc_ht=scontent.fgyd4-2.fna&amp;oh=e04e008370bc1eb8ad2d5d2964ad6e76&amp;oe=5F308CDE\" alt=\"\u041d\u0430 \u0438\u0437\u043e\u0431\u0440\u0430\u0436\u0435\u043d\u0438\u0438 \u043c\u043e\u0436\u0435\u0442 \u043d\u0430\u0445\u043e\u0434\u0438\u0442\u044c\u0441\u044f: 3 \u0447\u0435\u043b\u043e\u0432\u0435\u043a\u0430, \u043b\u044e\u0434\u0438 \u0441\u0442\u043e\u044f\u0442 \u0438 \u043a\u043e\u0441\u0442\u044e\u043c\"\/><\/figure>\n\n\n\n<figure class=\"wp-block-image\"><img decoding=\"async\" src=\"https:\/\/scontent.fgyd4-2.fna.fbcdn.net\/v\/t1.0-9\/108171976_179924583528133_3425002004796875187_n.jpg?_nc_cat=111&amp;_nc_sid=8024bb&amp;_nc_ohc=FVyOYe64gXUAX8w0_GW&amp;_nc_ht=scontent.fgyd4-2.fna&amp;oh=89afe945dccc510eec151a2b05a3416c&amp;oe=5F2F3520\" alt=\"\u041d\u0430 \u0438\u0437\u043e\u0431\u0440\u0430\u0436\u0435\u043d\u0438\u0438 \u043c\u043e\u0436\u0435\u0442 \u043d\u0430\u0445\u043e\u0434\u0438\u0442\u044c\u0441\u044f: \u043d\u0430 \u0443\u043b\u0438\u0446\u0435\"\/><\/figure>\n","protected":false},"excerpt":{"rendered":"<p>Xat\u0131rlay\u0131rs\u0131n\u0131zsa, Az\u0259rbaycan V\u0259t\u0259n M\u00fcharib\u0259si Veteranlar\u0131 \u0130ctimai Birliyi B\u0259rd\u0259 rayon \u015f\u00f6b\u0259sinin s\u0259dri \u0130smay\u0131l R\u00fcst\u0259movun \u00fczl\u0259\u015fdiyi m\u0259nzil problemiyl\u0259 ba\u011fl\u0131 m\u0259qal\u0259 yay\u0131nlam\u0131\u015fd\u0131q. Bu m\u0259s\u0259l\u0259y\u0259 diqq\u0259tsiz qalmayan, o<\/p>\n","protected":false},"author":2,"featured_media":9713,"comment_status":"closed","ping_status":"closed","sticky":false,"template":"","format":"standard","meta":{"footnotes":""},"categories":[5],"tags":[],"class_list":["post-9712","post","type-post","status-publish","format-standard","has-post-thumbnail","hentry","category-veteran"],"aioseo_notices":[],"_links":{"self":[{"href":"https:\/\/fedai.az\/index.php?rest_route=\/wp\/v2\/posts\/9712","targetHints":{"allow":["GET"]}}],"collection":[{"href":"https:\/\/fedai.az\/index.php?rest_route=\/wp\/v2\/posts"}],"about":[{"href":"https:\/\/fedai.az\/index.php?rest_route=\/wp\/v2\/types\/post"}],"author":[{"embeddable":true,"href":"https:\/\/fedai.az\/index.php?rest_route=\/wp\/v2\/users\/2"}],"replies":[{"embeddable":true,"href":"https:\/\/fedai.az\/index.php?rest_route=%2Fwp%2Fv2%2Fcomments&post=9712"}],"version-history":[{"count":1,"href":"https:\/\/fedai.az\/index.php?rest_route=\/wp\/v2\/posts\/9712\/revisions"}],"predecessor-version":[{"id":9714,"href":"https:\/\/fedai.az\/index.php?rest_route=\/wp\/v2\/posts\/9712\/revisions\/9714"}],"wp:featuredmedia":[{"embeddable":true,"href":"https:\/\/fedai.az\/index.php?rest_route=\/wp\/v2\/media\/9713"}],"wp:attachment":[{"href":"https:\/\/fedai.az\/index.php?rest_route=%2Fwp%2Fv2%2Fmedia&parent=9712"}],"wp:term":[{"taxonomy":"category","embeddable":true,"href":"https:\/\/fedai.az\/index.php?rest_route=%2Fwp%2Fv2%2Fcategories&post=9712"},{"taxonomy":"post_tag","embeddable":true,"href":"https:\/\/fedai.az\/index.php?rest_route=%2Fwp%2Fv2%2Ftags&post=9712"}],"curies":[{"name":"wp","href":"https:\/\/api.w.org\/{rel}","templated":true}]}}