{"id":9715,"date":"2020-07-12T14:21:55","date_gmt":"2020-07-12T10:21:55","guid":{"rendered":"http:\/\/fedai.az\/?p=9715"},"modified":"2020-07-12T14:22:01","modified_gmt":"2020-07-12T10:22:01","slug":"srebrenitsa-soyqirimindan-25-il-otur","status":"publish","type":"post","link":"https:\/\/fedai.az\/?p=9715","title":{"rendered":"Srebrenitsa soyq\u0131r\u0131m\u0131ndan 25 il \u00f6t\u00fcr&#8230;"},"content":{"rendered":"\n<p><a rel=\"noreferrer noopener\" href=\"https:\/\/nocomment.az\/\" target=\"_blank\"><strong>NOCOMMENT.az<\/strong><\/a>\u00a0xarici m\u0259tbuata istinad\u0259n x\u0259b\u0259r verir ki, 1995-ci ild\u01dd Srebrenitsada t\u00f6r\u01dddil\u01ddn soyq\u0131r\u0131mdan qurtulmaq ist\u01ddy\u01ddn bosniyal\u0131lar\u0131n Tuzlaya getm\u01ddk \u00fc\u00e7\u00fcn istifad\u01dd etdikl\u01ddri mar\u015frutda ke\u00e7iril\u01ddn \u2018\u2018S\u00fclh y\u00fcr\u00fc\u015f\u00fc\u2019\u2019 Pota\u00e7ari memorial q\u01ddbristanl\u0131\u011f\u0131nda sona \u00e7at\u0131b.<\/p>\n\n\n\n<p><strong>Soyq\u0131r\u0131m\u0131n 25-ci ild\u00f6n\u00fcm\u00fcnd\u01dd ke\u00e7iril\u01ddn y\u00fcr\u00fc\u015f\u01dd bu il yeni n\u00f6v koronavirus epidemiyas\u0131 s\u01ddb\u01ddbind\u01ddn 400 n\u01ddf\u01ddr qat\u0131l\u0131b. Y\u00fcr\u00fc\u015fd\u01dd i\u015ftirak ed\u01ddnl\u01ddri q\u01ddbristanl\u0131q yax\u0131nl\u0131\u011f\u0131nda srebrenitsal\u0131 analar qar\u015f\u0131lay\u0131b.<\/strong><\/p>\n\n\n\n<p>Bu il 16-s\u0131 t\u01dd\u015fkil edil\u01ddn \u2018\u2018S\u00fclh y\u00fcr\u00fc\u015f\u00fc\u2019\u2019n\u01dd qat\u0131lan y\u00fczl\u01ddrl\u01dd adam Pota\u00e7ari q\u01ddbristanl\u0131\u011f\u0131na daxil olaraq soyq\u0131r\u0131m qurbanlar\u0131 \u00fc\u00e7\u00fcn dua edibl\u01ddr.<\/p>\n\n\n\n<p>Qeyd ed\u01ddk ki, Srebrenitsa soyq\u0131r\u0131m\u0131&nbsp;<strong>1995-ci<\/strong>&nbsp;ilin 11 iyul tarixind\u01dd&nbsp;&nbsp;<strong>8372 bosniyal\u0131 m\u00fcs\u0259lman\u0131n<\/strong>&nbsp;Srebrenitsa \u015f\u0259h\u0259rind\u0259 q\u0259tl\u0259 yetirm\u0259si il\u0259 h\u0259yata ke\u00e7iril\u0259n soyq\u0131r\u0131m akt\u0131d\u0131r.<\/p>\n\n\n\n<p>Soyq\u0131r\u0131m Ratko Mladi\u00e7in tabe\u00e7iliyind\u0259ki serb ordusu t\u0259r\u0259find\u0259n t\u00f6r\u0259dilib. Bosniyal\u0131 \u0259sg\u0259rl\u0259rin n\u0259zar\u0259tind\u01dd olan b\u00f6lg\u0259y\u0259 qad\u0131n v\u0259 u\u015faqlar\u0131n getm\u01ddsin\u01dd &nbsp;icaz\u0259 ver\u0259n serbl\u0259r, me\u015f\u0259 il\u01dd \u00f6rt\u00fcl\u00fc \u01ddrazid\u01dd, fabrikl\u0259rd\u0259 v\u0259 anbarlarda az\u0131&nbsp;<strong>8 min 372 bosniyal\u0131n\u0131 q\u01ddtl\u01dd yetirib.<\/strong><\/p>\n\n\n\n<figure class=\"wp-block-image\"><img decoding=\"async\" src=\"https:\/\/nocomment.az\/public\/cloud\/2020\/07\/nocomment_096a70dc2cc2c0082fd878947e96803c_09tzj7rngav4h8kbmfqp.jpg?v=1594493723\" alt=\"\"\/><\/figure>\n\n\n\n<figure class=\"wp-block-image\"><img decoding=\"async\" src=\"https:\/\/nocomment.az\/public\/cloud\/2020\/07\/nocomment_15115351fa97dada0c138058639c5c6a_to0ajghqfe6iybsp78kc.jpg?v=1594493726\" alt=\"\"\/><\/figure>\n\n\n\n<figure class=\"wp-block-image is-resized\"><img loading=\"lazy\" decoding=\"async\" src=\"https:\/\/nocomment.az\/public\/cloud\/2020\/07\/nocomment_7ba9442662a26435fcd5e3d43f08b979_oeihsxwry7n0lz4p9kuj-150x150.jpg?v=1594493728\" alt=\"\" width=\"578\" height=\"578\"\/><\/figure>\n\n\n\n<figure class=\"wp-block-image is-resized\"><img loading=\"lazy\" decoding=\"async\" src=\"https:\/\/nocomment.az\/public\/cloud\/2020\/07\/nocomment_c52fd8a95a5ee7b5ec45b92c644cf0eb_68sgl2iy5ptwmc41zje0-150x150.jpg?v=1594493730\" alt=\"\" width=\"591\" height=\"591\"\/><\/figure>\n\n\n\n<figure class=\"wp-block-image\"><img decoding=\"async\" src=\"https:\/\/nocomment.az\/public\/cloud\/2020\/07\/nocomment_eeab89ac8220f2f2b1d4ce65ad22c7f8_nm05xzs4l93griwqkt17-150x150.jpg?v=1594493733\" alt=\"\"\/><\/figure>\n\n\n\n<figure class=\"wp-block-image\"><img decoding=\"async\" src=\"https:\/\/nocomment.az\/public\/cloud\/2020\/07\/nocomment_65fbab32b9f8844a8fbbb8b6db2af2f9_yh41swrk62jv3fc5aetz-150x150.jpg?v=1594493734\" alt=\"\"\/><\/figure>\n\n\n\n<figure class=\"wp-block-image\"><img decoding=\"async\" src=\"https:\/\/nocomment.az\/public\/cloud\/2020\/07\/nocomment_06b3750a9c4b00a4a3f4d44e80ce717e_67r5ukhb3z8ixawyg0to-150x150.jpg?v=1594493737\" alt=\"\"\/><\/figure>\n\n\n\n<figure class=\"wp-block-image\"><img decoding=\"async\" src=\"https:\/\/nocomment.az\/public\/cloud\/2020\/07\/nocomment_c7edc484429ec3dcdea5d6ca9c23090f_jw8ysuvne6h5pcfqib4l-150x150.jpg?v=1594493738\" alt=\"\"\/><\/figure>\n\n\n\n<figure class=\"wp-block-image\"><img decoding=\"async\" src=\"https:\/\/nocomment.az\/public\/cloud\/2020\/07\/nocomment_9b2de92ff7cb56155fc2f164a0383197_6rnkubhj9wtzlfmce0o1-150x150.jpg?v=1594493742\" alt=\"\"\/><\/figure>\n\n\n\n<figure class=\"wp-block-image\"><img decoding=\"async\" src=\"https:\/\/nocomment.az\/public\/cloud\/2020\/07\/nocomment_c97f5326cd9aeae5f479d2a7e854c141_5mvxqibwysc61tpu8oar-150x150.jpg?v=1594493724\" alt=\"\"\/><\/figure>\n","protected":false},"excerpt":{"rendered":"<p>NOCOMMENT.az\u00a0xarici m\u0259tbuata istinad\u0259n x\u0259b\u0259r verir ki, 1995-ci ild\u01dd Srebrenitsada t\u00f6r\u01dddil\u01ddn soyq\u0131r\u0131mdan qurtulmaq ist\u01ddy\u01ddn bosniyal\u0131lar\u0131n Tuzlaya getm\u01ddk \u00fc\u00e7\u00fcn istifad\u01dd etdikl\u01ddri mar\u015frutda ke\u00e7iril\u01ddn \u2018\u2018S\u00fclh y\u00fcr\u00fc\u015f\u00fc\u2019\u2019 Pota\u00e7ari<\/p>\n","protected":false},"author":2,"featured_media":0,"comment_status":"closed","ping_status":"closed","sticky":false,"template":"","format":"standard","meta":{"footnotes":""},"categories":[13],"tags":[],"class_list":["post-9715","post","type-post","status-publish","format-standard","hentry","category-xarici"],"aioseo_notices":[],"_links":{"self":[{"href":"https:\/\/fedai.az\/index.php?rest_route=\/wp\/v2\/posts\/9715","targetHints":{"allow":["GET"]}}],"collection":[{"href":"https:\/\/fedai.az\/index.php?rest_route=\/wp\/v2\/posts"}],"about":[{"href":"https:\/\/fedai.az\/index.php?rest_route=\/wp\/v2\/types\/post"}],"author":[{"embeddable":true,"href":"https:\/\/fedai.az\/index.php?rest_route=\/wp\/v2\/users\/2"}],"replies":[{"embeddable":true,"href":"https:\/\/fedai.az\/index.php?rest_route=%2Fwp%2Fv2%2Fcomments&post=9715"}],"version-history":[{"count":1,"href":"https:\/\/fedai.az\/index.php?rest_route=\/wp\/v2\/posts\/9715\/revisions"}],"predecessor-version":[{"id":9718,"href":"https:\/\/fedai.az\/index.php?rest_route=\/wp\/v2\/posts\/9715\/revisions\/9718"}],"wp:attachment":[{"href":"https:\/\/fedai.az\/index.php?rest_route=%2Fwp%2Fv2%2Fmedia&parent=9715"}],"wp:term":[{"taxonomy":"category","embeddable":true,"href":"https:\/\/fedai.az\/index.php?rest_route=%2Fwp%2Fv2%2Fcategories&post=9715"},{"taxonomy":"post_tag","embeddable":true,"href":"https:\/\/fedai.az\/index.php?rest_route=%2Fwp%2Fv2%2Ftags&post=9715"}],"curies":[{"name":"wp","href":"https:\/\/api.w.org\/{rel}","templated":true}]}}