{"id":9733,"date":"2020-07-12T17:47:50","date_gmt":"2020-07-12T13:47:50","guid":{"rendered":"http:\/\/fedai.az\/?p=9733"},"modified":"2020-07-12T18:02:25","modified_gmt":"2020-07-12T14:02:25","slug":"dusm%c9%99n-hucumu-il%c9%99-bagli-mudafi%c9%99-nazirliyinin-m%c9%99lumati-s%c9%99hidimiz-var","status":"publish","type":"post","link":"https:\/\/fedai.az\/?p=9733","title":{"rendered":"D\u00fc\u015fm\u0259n h\u00fccumu il\u0259 ba\u011fl\u0131 M\u00fcdafi\u0259 Nazirliyinin m\u0259lumat\u0131: \u015e\u0259hidimiz var&#8230;"},"content":{"rendered":"\n<p><strong>Erm\u0259nistan silahl\u0131 q\u00fcvv\u0259l\u0259rinin b\u00f6lm\u0259l\u0259ri Az\u0259rbaycan-Erm\u0259nistan d\u00f6vl\u0259t s\u0259rh\u0259dinin Tovuz istiqam\u0259tind\u0259 m\u00f6vqel\u0259rimizi \u0259l\u0259 ke\u00e7irm\u0259k m\u0259qs\u0259dil\u0259 artilleriya at\u0259\u015fl\u0259rind\u0259n istifad\u0259 ed\u0259r\u0259k h\u00fccuma ke\u00e7m\u0259y\u0259 c\u0259hd g\u00f6st\u0259rib.<\/strong><\/p>\n\n\n\n<p>G\u00f6r\u00fcl\u0259n adekvat t\u0259dbirl\u0259r n\u0259tic\u0259sind\u0259 d\u00fc\u015fm\u0259n\u0259 z\u0259rb\u0259 endirilib v\u0259 o, itki ver\u0259r\u0259k geri otuzdurulub.<\/p>\n\n\n\n<p><strong>D\u00f6y\u00fc\u015f n\u0259tic\u0259sind\u0259 Az\u0259rbaycan Ordusunun h\u0259rbi qulluq\u00e7ular\u0131ndan 2 n\u0259f\u0259r \u015f\u0259hid olub, 5 n\u0259f\u0259r is\u0259 yaralan\u0131b.<\/strong><\/p>\n\n\n\n<p>M\u00fcdafi\u0259 Nazirliyinin r\u0259hb\u0259rliyi \u015f\u0259hid olanlar\u0131n ail\u0259l\u0259rin\u0259 ba\u015fsa\u011fl\u0131\u011f\u0131 verir v\u0259 s\u0259bir dil\u0259yir. Allah r\u0259hm\u0259t el\u0259sin!<\/p>\n\n\n\n<p><strong>AVMV\u0130B r\u0259hb\u0259rliyi \u015f\u0259hid olanlar\u0131n ail\u0259l\u0259rin\u0259 ba\u015fsa\u011fl\u0131\u011f\u0131 verir v\u0259 s\u0259bir dil\u0259yir. Allah r\u0259hm\u0259t el\u0259sin!<\/strong><\/p>\n","protected":false},"excerpt":{"rendered":"<p>Erm\u0259nistan silahl\u0131 q\u00fcvv\u0259l\u0259rinin b\u00f6lm\u0259l\u0259ri Az\u0259rbaycan-Erm\u0259nistan d\u00f6vl\u0259t s\u0259rh\u0259dinin Tovuz istiqam\u0259tind\u0259 m\u00f6vqel\u0259rimizi \u0259l\u0259 ke\u00e7irm\u0259k m\u0259qs\u0259dil\u0259 artilleriya at\u0259\u015fl\u0259rind\u0259n istifad\u0259 ed\u0259r\u0259k h\u00fccuma ke\u00e7m\u0259y\u0259 c\u0259hd g\u00f6st\u0259rib. G\u00f6r\u00fcl\u0259n adekvat t\u0259dbirl\u0259r<\/p>\n","protected":false},"author":2,"featured_media":9734,"comment_status":"closed","ping_status":"closed","sticky":false,"template":"","format":"standard","meta":{"footnotes":""},"categories":[3],"tags":[],"class_list":["post-9733","post","type-post","status-publish","format-standard","has-post-thumbnail","hentry","category-gundm"],"aioseo_notices":[],"_links":{"self":[{"href":"https:\/\/fedai.az\/index.php?rest_route=\/wp\/v2\/posts\/9733","targetHints":{"allow":["GET"]}}],"collection":[{"href":"https:\/\/fedai.az\/index.php?rest_route=\/wp\/v2\/posts"}],"about":[{"href":"https:\/\/fedai.az\/index.php?rest_route=\/wp\/v2\/types\/post"}],"author":[{"embeddable":true,"href":"https:\/\/fedai.az\/index.php?rest_route=\/wp\/v2\/users\/2"}],"replies":[{"embeddable":true,"href":"https:\/\/fedai.az\/index.php?rest_route=%2Fwp%2Fv2%2Fcomments&post=9733"}],"version-history":[{"count":2,"href":"https:\/\/fedai.az\/index.php?rest_route=\/wp\/v2\/posts\/9733\/revisions"}],"predecessor-version":[{"id":9736,"href":"https:\/\/fedai.az\/index.php?rest_route=\/wp\/v2\/posts\/9733\/revisions\/9736"}],"wp:featuredmedia":[{"embeddable":true,"href":"https:\/\/fedai.az\/index.php?rest_route=\/wp\/v2\/media\/9734"}],"wp:attachment":[{"href":"https:\/\/fedai.az\/index.php?rest_route=%2Fwp%2Fv2%2Fmedia&parent=9733"}],"wp:term":[{"taxonomy":"category","embeddable":true,"href":"https:\/\/fedai.az\/index.php?rest_route=%2Fwp%2Fv2%2Fcategories&post=9733"},{"taxonomy":"post_tag","embeddable":true,"href":"https:\/\/fedai.az\/index.php?rest_route=%2Fwp%2Fv2%2Ftags&post=9733"}],"curies":[{"name":"wp","href":"https:\/\/api.w.org\/{rel}","templated":true}]}}