{"id":9740,"date":"2020-07-12T22:56:58","date_gmt":"2020-07-12T18:56:58","guid":{"rendered":"http:\/\/fedai.az\/?p=9740"},"modified":"2020-07-12T23:03:30","modified_gmt":"2020-07-12T19:03:30","slug":"s%c9%99hidimiz-var","status":"publish","type":"post","link":"https:\/\/fedai.az\/?p=9740","title":{"rendered":"\u015e\u0259hidimiz var&#8230;"},"content":{"rendered":"\n<p>D\u00fc\u015fm\u0259n h\u00fccumunun qar\u015f\u0131s\u0131n\u0131 alark\u0259n d\u00f6y\u00fc\u015fd\u0259 Az\u0259rbaycan Ordusunun h\u0259rbi qulluq\u00e7ular\u0131 m\u00fcdd\u0259td\u0259n art\u0131q h\u0259qiqi h\u0259rbi xidm\u0259t h\u0259rbi qulluq\u00e7ular\u0131 \u00e7avu\u015f<strong> Sad\u0131qov V\u00fcqar L\u0259tif o\u011flu v\u0259 ba\u015f \u0259sg\u0259r M\u0259mm\u0259dov El\u015fad D\u00f6nm\u0259z o\u011flu <\/strong>\u015f\u0259hid olub.<\/p>\n\n\n\n<p>H\u0259kiml\u0259rimizin s\u0259yin\u0259 baxmayaraq, a\u011f\u0131r yaral\u0131 olan h\u0259rbi qulluq\u00e7umuz \u0259sg\u0259r <strong>Da\u015fd\u0259mirov X\u0259yyam M\u0259h\u0259mm\u0259d o\u011flu<\/strong> da \u015f\u0259hidlik zirv\u0259sin\u0259 y\u00fcks\u0259ldi.<\/p>\n\n\n\n<p><strong>AVMV\u0130B R\u0259hb\u0259rliyi xalq\u0131m\u0131za v\u0259 \u015f\u0259hidl\u0259rimizin yax\u0131nlar\u0131na d\u0259rin h\u00fcznl\u0259 ba\u015f sa\u011fl\u0131\u011f\u0131 verir. Ba\u015f\u0131n sa\u011f olsun, V\u0259t\u0259n!<\/strong><\/p>\n\n\n\n<p>Bu qisas\u0131 yerd\u0259 qoymamal\u0131y\u0131q. Allah r\u0259hm\u0259t el\u0259sin!<\/p>\n\n\n\n<figure class=\"wp-block-image size-large\"><img loading=\"lazy\" decoding=\"async\" width=\"626\" height=\"626\" src=\"http:\/\/fedai.az\/wp-content\/uploads\/2020\/07\/97439164_3488256961203265_6775081790114627584_n.jpg\" alt=\"\" class=\"wp-image-9742\" srcset=\"https:\/\/fedai.az\/wp-content\/uploads\/2020\/07\/97439164_3488256961203265_6775081790114627584_n.jpg 626w, https:\/\/fedai.az\/wp-content\/uploads\/2020\/07\/97439164_3488256961203265_6775081790114627584_n-300x300.jpg 300w, https:\/\/fedai.az\/wp-content\/uploads\/2020\/07\/97439164_3488256961203265_6775081790114627584_n-150x150.jpg 150w, https:\/\/fedai.az\/wp-content\/uploads\/2020\/07\/97439164_3488256961203265_6775081790114627584_n-215x215.jpg 215w\" sizes=\"auto, (max-width: 626px) 100vw, 626px\" \/><\/figure>\n","protected":false},"excerpt":{"rendered":"<p>D\u00fc\u015fm\u0259n h\u00fccumunun qar\u015f\u0131s\u0131n\u0131 alark\u0259n d\u00f6y\u00fc\u015fd\u0259 Az\u0259rbaycan Ordusunun h\u0259rbi qulluq\u00e7ular\u0131 m\u00fcdd\u0259td\u0259n art\u0131q h\u0259qiqi h\u0259rbi xidm\u0259t h\u0259rbi qulluq\u00e7ular\u0131 \u00e7avu\u015f Sad\u0131qov V\u00fcqar L\u0259tif o\u011flu v\u0259 ba\u015f \u0259sg\u0259r<\/p>\n","protected":false},"author":2,"featured_media":0,"comment_status":"closed","ping_status":"closed","sticky":false,"template":"","format":"standard","meta":{"footnotes":""},"categories":[3],"tags":[],"class_list":["post-9740","post","type-post","status-publish","format-standard","hentry","category-gundm"],"aioseo_notices":[],"_links":{"self":[{"href":"https:\/\/fedai.az\/index.php?rest_route=\/wp\/v2\/posts\/9740","targetHints":{"allow":["GET"]}}],"collection":[{"href":"https:\/\/fedai.az\/index.php?rest_route=\/wp\/v2\/posts"}],"about":[{"href":"https:\/\/fedai.az\/index.php?rest_route=\/wp\/v2\/types\/post"}],"author":[{"embeddable":true,"href":"https:\/\/fedai.az\/index.php?rest_route=\/wp\/v2\/users\/2"}],"replies":[{"embeddable":true,"href":"https:\/\/fedai.az\/index.php?rest_route=%2Fwp%2Fv2%2Fcomments&post=9740"}],"version-history":[{"count":3,"href":"https:\/\/fedai.az\/index.php?rest_route=\/wp\/v2\/posts\/9740\/revisions"}],"predecessor-version":[{"id":9744,"href":"https:\/\/fedai.az\/index.php?rest_route=\/wp\/v2\/posts\/9740\/revisions\/9744"}],"wp:attachment":[{"href":"https:\/\/fedai.az\/index.php?rest_route=%2Fwp%2Fv2%2Fmedia&parent=9740"}],"wp:term":[{"taxonomy":"category","embeddable":true,"href":"https:\/\/fedai.az\/index.php?rest_route=%2Fwp%2Fv2%2Fcategories&post=9740"},{"taxonomy":"post_tag","embeddable":true,"href":"https:\/\/fedai.az\/index.php?rest_route=%2Fwp%2Fv2%2Ftags&post=9740"}],"curies":[{"name":"wp","href":"https:\/\/api.w.org\/{rel}","templated":true}]}}