{"id":9747,"date":"2020-07-13T00:52:22","date_gmt":"2020-07-12T20:52:22","guid":{"rendered":"http:\/\/fedai.az\/?p=9747"},"modified":"2020-07-13T00:52:30","modified_gmt":"2020-07-12T20:52:30","slug":"mudafi%c9%99-nazirinin-muavini-dusm%c9%99n%c9%99-agir-v%c9%99-sarsidici-z%c9%99rb%c9%99-endirilib","status":"publish","type":"post","link":"https:\/\/fedai.az\/?p=9747","title":{"rendered":"M\u00fcdafi\u0259 nazirinin m\u00fcavini: \u201cD\u00fc\u015fm\u0259n\u0259 a\u011f\u0131r v\u0259 sars\u0131d\u0131c\u0131 z\u0259rb\u0259 endirilib\u201d"},"content":{"rendered":"\n<p><strong>Az\u0259rbaycan\u0131n M\u00fcdafi\u0259 nazirinin maddi-texniki t\u0259minat \u00fczr\u0259 m\u00fcavini,\u00a0general-leytenant Nizam Osmanov bu g\u00fcn i\u015f\u011fal\u00e7\u0131 Erm\u0259nistan\u0131n Tovuz rayonu istiqam\u0259ti t\u00f6r\u0259tdiyi t\u0259xribatdan dan\u0131\u015f\u0131b.\u00a0<\/strong><\/p>\n\n\n\n<p>General-leytenant Nizam Osmanov&nbsp;Demokrat.az-a a\u00e7\u0131qlamas\u0131nda bildirib ki, haz\u0131rda i\u015f\u011fal\u00e7\u0131 d\u00fc\u015fm\u0259n t\u0259\u015fvi\u015f i\u00e7ind\u0259dir:<\/p>\n\n\n\n<p>\u201cErm\u0259nistan h\u0259rbi birl\u0259\u015fm\u0259l\u0259ri d\u00f6vl\u0259t s\u0259rh\u0259dimizd\u0259 n\u00f6vb\u0259ti d\u0259f\u0259 t\u0259xribata c\u0259hd edib. Ancaq Az\u0259rbaycan Ordusu d\u00fc\u015fm\u0259n&nbsp;t\u0259xribat\u0131n\u0131n qar\u015f\u0131s\u0131n\u0131 layiqinc\u0259 al\u0131b, Erm\u0259nistan ordusuna sars\u0131d\u0131c\u0131 z\u0259rb\u0259 vurub. Haz\u0131rda c\u0259bh\u0259 b\u00f6lg\u0259sind\u0259yik, v\u0259ziyy\u0259t ordumuzun tam n\u0259zar\u0259ti alt\u0131ndad\u0131r. D\u00fc\u015fm\u0259n t\u0259\u015fvi\u015f i\u00e7ind\u0259dir. \u0130gid v\u0259 q\u0259hr\u0259man h\u0259rbi\u00e7il\u0259rimiz d\u00fc\u015fm\u0259n\u0259 a\u011f\u0131r v\u0259 sars\u0131d\u0131c\u0131 z\u0259rb\u0259 endiribl\u0259r\u201d.<\/p>\n","protected":false},"excerpt":{"rendered":"<p>Az\u0259rbaycan\u0131n M\u00fcdafi\u0259 nazirinin maddi-texniki t\u0259minat \u00fczr\u0259 m\u00fcavini,\u00a0general-leytenant Nizam Osmanov bu g\u00fcn i\u015f\u011fal\u00e7\u0131 Erm\u0259nistan\u0131n Tovuz rayonu istiqam\u0259ti t\u00f6r\u0259tdiyi t\u0259xribatdan dan\u0131\u015f\u0131b.\u00a0 General-leytenant Nizam Osmanov&nbsp;Demokrat.az-a a\u00e7\u0131qlamas\u0131nda bildirib<\/p>\n","protected":false},"author":2,"featured_media":0,"comment_status":"closed","ping_status":"closed","sticky":false,"template":"","format":"standard","meta":{"footnotes":""},"categories":[3],"tags":[],"class_list":["post-9747","post","type-post","status-publish","format-standard","hentry","category-gundm"],"aioseo_notices":[],"_links":{"self":[{"href":"https:\/\/fedai.az\/index.php?rest_route=\/wp\/v2\/posts\/9747","targetHints":{"allow":["GET"]}}],"collection":[{"href":"https:\/\/fedai.az\/index.php?rest_route=\/wp\/v2\/posts"}],"about":[{"href":"https:\/\/fedai.az\/index.php?rest_route=\/wp\/v2\/types\/post"}],"author":[{"embeddable":true,"href":"https:\/\/fedai.az\/index.php?rest_route=\/wp\/v2\/users\/2"}],"replies":[{"embeddable":true,"href":"https:\/\/fedai.az\/index.php?rest_route=%2Fwp%2Fv2%2Fcomments&post=9747"}],"version-history":[{"count":1,"href":"https:\/\/fedai.az\/index.php?rest_route=\/wp\/v2\/posts\/9747\/revisions"}],"predecessor-version":[{"id":9749,"href":"https:\/\/fedai.az\/index.php?rest_route=\/wp\/v2\/posts\/9747\/revisions\/9749"}],"wp:attachment":[{"href":"https:\/\/fedai.az\/index.php?rest_route=%2Fwp%2Fv2%2Fmedia&parent=9747"}],"wp:term":[{"taxonomy":"category","embeddable":true,"href":"https:\/\/fedai.az\/index.php?rest_route=%2Fwp%2Fv2%2Fcategories&post=9747"},{"taxonomy":"post_tag","embeddable":true,"href":"https:\/\/fedai.az\/index.php?rest_route=%2Fwp%2Fv2%2Ftags&post=9747"}],"curies":[{"name":"wp","href":"https:\/\/api.w.org\/{rel}","templated":true}]}}