{"id":97512,"date":"2026-01-05T00:01:00","date_gmt":"2026-01-04T20:01:00","guid":{"rendered":"https:\/\/fedai.az\/?p=97512"},"modified":"2026-01-04T22:52:23","modified_gmt":"2026-01-04T18:52:23","slug":"avmvib-s%c9%99dri-fuzuli-rzaquliyevin-ad-gunundur","status":"publish","type":"post","link":"https:\/\/fedai.az\/?p=97512","title":{"rendered":"AVMV\u0130B s\u0259dri F\u00fczuli Rzaquliyevin yubileyidir"},"content":{"rendered":"\n<p><strong>Az\u0259rbaycan V\u0259t\u0259n M\u00fcharib\u0259si Veteranlar\u0131 \u0130ctimai Birliyinin (AVMV\u0130B) s\u0259dri Rzaquliyev F\u00fczuli \u018fd\u0259b o\u011flunun yubileyidir. &#171;Bu g\u00fcn &#171;Koro\u011flu&#187; kimi tan\u0131nan q\u0259hr\u0259man V\u0259t\u0259n o\u011flunun 65 ya\u015f\u0131 tamam olur.<\/strong><\/p>\n\n\n\n<p>\u0130ll\u0259r ke\u00e7dikc\u0259, insan\u0131n ya\u015f\u0131na ya\u015f \u0259lav\u0259 olunduqca kamillik d\u0259 art\u0131r, h\u0259yat t\u0259cr\u00fcb\u0259si z\u0259nginl\u0259\u015fir. Bel\u0259 insanlar aras\u0131nda V\u0259t\u0259n\u0259, D\u00f6vl\u0259t\u0259 v\u0259 Xalqa s\u0259daq\u0259tl\u0259 xidm\u0259t ed\u0259n, torpa\u011f\u0131na v\u0259 xalq\u0131na ba\u011fl\u0131l\u0131\u011f\u0131 il\u0259 se\u00e7il\u0259n \u015f\u0259xsl\u0259r x\u00fcsusi yer tutur. Bu q\u0259hr\u0259manlardan biri d\u0259 Az\u0259rbaycan\u0131n g\u00f6rk\u0259mli v\u0259t\u0259np\u0259rv\u0259ri, Az\u0259rbaycan V\u0259t\u0259n M\u00fcharib\u0259si Veteranlar\u0131 \u0130ctimai Birliyinin (AVMV\u0130B) s\u0259dri F\u00fczuli \u018fd\u0259b o\u011flu Rzaquliyevdir. F\u00fczuli Rzaquliyev Az\u0259rbaycan xalq\u0131n\u0131n milli q\u0259hr\u0259manl\u0131q ruhunu \u00f6z\u00fcnd\u0259 c\u0259ml\u0259\u015fdir\u0259n bir insand\u0131r. O, t\u0259kc\u0259 \u00e7\u0259tin v\u0259 \u015f\u0259r\u0259fli d\u00f6y\u00fc\u015f yolu ke\u00e7m\u0259kl\u0259 qalmam\u0131\u015f, h\u0259m d\u0259 xalq aras\u0131nda &#171;Qaraba\u011f\u0131n Koro\u011flusu&#187; kimi tan\u0131nm\u0131\u015fd\u0131r. Bu ad onun v\u0259t\u0259n u\u011frunda f\u0259dakarl\u0131\u011f\u0131n\u0131 v\u0259 m\u00fcbarizliyini t\u0259svir ed\u0259n \u0259n d\u0259y\u0259rli ifad\u0259l\u0259rd\u0259n biridir. Onun r\u0259hb\u0259rlik etdiyi Az\u0259rbaycan V\u0259t\u0259n M\u00fcharib\u0259si Veteranlar\u0131 \u0130ctimai Birliyind\u0259 \u00f6lk\u0259mizin veteranlar\u0131na, m\u00fcharib\u0259 i\u015ftirak\u00e7\u0131lar\u0131na v\u0259 qazil\u0259rin\u0259 d\u0259st\u0259k olmaq \u00fc\u00e7\u00fcn yorulmadan \u00e7al\u0131\u015f\u0131r. F\u00fczuli Rzaquliyev t\u0259kc\u0259 \u00f6z\u00fc deyil, h\u0259m d\u0259 v\u0259t\u0259np\u0259rv\u0259r \u00f6vladlar\u0131 il\u0259 Az\u0259rbaycan xalq\u0131na q\u00fcrur ya\u015fad\u0131b. Onun o\u011flu \u0130lkin Rzaquliyev d\u0259 bu \u015fanl\u0131 soyad\u0131n layiqli davam\u00e7\u0131s\u0131d\u0131r. \u0130lkin Rzaquliyev 44 g\u00fcnl\u00fck V\u0259t\u0259n M\u00fcharib\u0259sind\u0259 Az\u0259rbaycan torpaqlar\u0131n\u0131n azadl\u0131\u011f\u0131 u\u011frunda m\u00fcbariz\u0259 aparm\u0131\u015f, q\u0259hr\u0259manl\u0131q g\u00f6st\u0259r\u0259r\u0259k qazilik m\u0259qam\u0131na y\u00fcks\u0259lmi\u015fdir. Atan\u0131n d\u00f6y\u00fc\u015f yolu il\u0259 o\u011fulun q\u0259hr\u0259manl\u0131\u011f\u0131 birl\u0259\u015f\u0259r\u0259k Rzaquliyev ail\u0259sini V\u0259t\u0259n\u0259 s\u0259daq\u0259tin v\u0259 q\u0259hr\u0259manl\u0131\u011f\u0131n simvoluna \u00e7evirmi\u015fdir.<\/p>\n\n\n\n<p class=\"has-text-align-center\"><strong>G\u0259nclik ill\u0259ri<\/strong><\/p>\n\n\n\n<p>F\u00fczuli \u018fd\u0259b o\u011flu Rzaquliyev 1961-ci il yanvar ay\u0131n\u0131n 5-d\u0259 Az\u0259rbaycan\u0131n f\u00fcsunkar Qaraba\u011f torpa\u011f\u0131nda, A\u011fd\u0259r\u0259 rayonunun Xatunb\u0259yli k\u0259ndind\u0259 d\u00fcnyaya g\u00f6z a\u00e7\u0131b. Onun do\u011fuldu\u011fu m\u0259kan Az\u0259rbaycan\u0131n q\u0259hr\u0259manl\u0131q ruhunu ya\u015fadan b\u00f6lg\u0259l\u0259rind\u0259n biri olaraq, \u015f\u0259xsiyy\u0259tinin formala\u015fmas\u0131nda b\u00f6y\u00fck rol oynay\u0131b. F\u00fczuli Rzaquliyevin t\u0259hsil h\u0259yat\u0131 da v\u0259t\u0259n\u0259 sevgi v\u0259 intizam \u00fcz\u0259rind\u0259 qurulmu\u015fdur. O, 1976-c\u0131 ild\u0259 do\u011fma k\u0259ndi Xatunb\u0259ylid\u0259 s\u0259kkizinci sinfi, 1978-ci ild\u0259 is\u0259 A\u011fd\u0259r\u0259 rayonunun Manikli k\u0259ndind\u0259ki orta m\u0259kt\u0259bi u\u011furla bitirmi\u015fdir. G\u0259nclik ill\u0259rind\u0259 \u0259ld\u0259 etdiyi bilik v\u0259 bacar\u0131qlar onun g\u0259l\u0259c\u0259kd\u0259 g\u00f6st\u0259rdiyi xidm\u0259tl\u0259rin t\u0259m\u0259lini qoymu\u015fdur. T\u0259hsil yolunda ir\u0259lil\u0259y\u0259r\u0259k, 1986-c\u0131 ild\u0259 Az\u0259rbaycan D\u00f6vl\u0259t Pedaqoji \u0130nstitutunun h\u0259rbi haz\u0131rl\u0131q v\u0259 b\u0259d\u0259n t\u0259rbiy\u0259si fak\u00fclt\u0259sini bitirmi\u015fdir. Bu fak\u00fclt\u0259d\u0259 qazand\u0131\u011f\u0131 bilikl\u0259r onun h\u0259m t\u0259dris sah\u0259sind\u0259, h\u0259m d\u0259 h\u0259rbi xidm\u0259td\u0259 pe\u015f\u0259kar v\u0259 m\u0259suliyy\u0259tli bir \u015f\u0259xsiyy\u0259t kimi tan\u0131nmas\u0131na \u015f\u0259rait yaratm\u0131\u015fd\u0131r. F\u00fczuli Rzaquliyev 1980-1982-ci ill\u0259rd\u0259 Sovet ordusunda m\u00fcdd\u0259tli h\u0259qiqi h\u0259rbi xidm\u0259td\u0259 olub. 1982-1986-c\u0131 ill\u0259rd\u0259 Az\u0259rbaycan D\u00f6vl\u0259t Pedaqoji \u0130nstitutunun h\u0259rbi haz\u0131rl\u0131q v\u0259 b\u0259d\u0259n t\u0259rbiy\u0259si fak\u00fclt\u0259sind\u0259 t\u0259hsilini bitirdikd\u0259n sonra 1986-1989-cu ill\u0259rd\u0259&nbsp;Qaraba\u011fda m\u0259\u015fhur&nbsp;h\u0259rbi (r\u0259hb\u0259r) m\u00fc\u0259llim, 1989-1991-ci il\u0259rd\u0259 is\u0259&nbsp;Bak\u0131 Kommersiya Texnikomunda&nbsp;m\u00fc\u0259llim i\u015fl\u0259yib.<\/p>\n\n\n\n<figure class=\"wp-block-image is-resized\"><img loading=\"lazy\" decoding=\"async\" width=\"194\" height=\"259\" src=\"https:\/\/fedai.az\/wp-content\/uploads\/2023\/01\/fr12.png\" alt=\"\" class=\"wp-image-88330\" style=\"aspect-ratio:0.749034749034749;width:441px;height:auto\" srcset=\"https:\/\/fedai.az\/wp-content\/uploads\/2023\/01\/fr12.png 194w, https:\/\/fedai.az\/wp-content\/uploads\/2023\/01\/fr12-112x150.png 112w\" sizes=\"auto, (max-width: 194px) 100vw, 194px\" \/><\/figure>\n\n\n\n<p class=\"has-text-align-center\"><strong>D\u00f6y\u00fc\u015f yolu<\/strong><\/p>\n\n\n\n<p>F\u00fczili m\u00fc\u0259llim 1991-1994-c\u00fc ill\u0259rd\u0259 Az\u0259rbaycan Ordusun d\u00f6y\u00fc\u015f b\u00f6lg\u0259l\u0259rind\u0259 yerl\u0259\u015f\u0259n h\u0259rbi hiss\u0259sind\u0259&nbsp;tabor komandirinin birinci m\u00fcavini- q\u0259rargah r\u0259si&nbsp;v\u0259zif\u0259sind\u0259&nbsp;xidm\u0259t etmi\u015fdir. O, Az\u0259rbaycan &nbsp;Respublkas\u0131n\u0131n \u0259razi b\u00fct\u00f6vl\u00fcy\u00fc u\u011frunda ged\u0259n d\u00f6y\u00fc\u015fl\u0259rd\u0259 ona v\u0259 tabora&nbsp; h\u0259val\u0259 edilmi\u015f&nbsp; v\u0259zif\u0259 v\u0259 tap\u015f\u0131r\u0131qlar\u0131n \u00f6hd\u0259sin-d\u0259n layiqinc\u0259&nbsp; g\u0259l\u0259r\u0259k&nbsp; a\u011f\u0131r yaralanm\u0131\u015fd\u0131r. 2-ci qrup m\u00fcharib\u0259 \u0259lili olan F\u00fczuli Rzaquluyev d\u00f6y\u00fc\u015fd\u0259 a\u011f\u0131r yaralansa da son at\u0259\u015fk\u0259s g\u00fcn\u00fcn\u0259 q\u0259d\u0259r ordu s\u0131ralar\u0131n\u0131 t\u0259rk etm\u0259mi\u015fdir. Erk\u0259c, M\u0259n\u0259\u015fid,, Buzluq, Da\u015falt\u0131 ya\u015fay\u0131\u015f m\u0259nt\u0259q\u0259l\u0259ri,&nbsp;h\u0259m\u00e7inin \u015eu\u015fa,&nbsp;K\u0259lb\u0259c\u0259r, La\u00e7\u0131n, A\u011fd\u0259r\u0259 rayonlar\u0131 istiqam\u0259tind\u0259 g\u0259d\u0259n a\u011f\u0131r d\u00f6y\u00fc\u015fl\u0259rd\u0259 \u00f6z\u00fcn\u00fc&nbsp; bacar\u0131ql\u0131,&nbsp;s\u0259ri\u015ft\u0259li bir komandir kimi g\u00f6st\u0259rmi\u015fdir. M\u0259hz g\u00f6st\u0259rdiyi \u00e7oxsayl\u0131 \u015f\u00fcca\u0259tl\u0259rin\u0259 g\u00f6r\u0259 F\u00fczuli \u018fd\u0259b o\u011flu Rzaquliyev\u0259 d\u00f6y\u00fc\u015f dostlar\u0131&nbsp;\u00abKoro\u011flu\u00bb&nbsp;l\u0259q\u0259bi&nbsp;vermi\u015fdil\u0259r. O, Az\u0259rbaycan Silahl\u0131 Q\u00fcvv\u0259l\u0259rind\u0259 xidm\u0259t etdiyi ill\u0259r \u0259rzind\u0259,&nbsp;Az\u0259rbaycan V\u0259t\u0259n M\u00fcharib\u0259si Veteranlar\u0131 \u0130ctimai Birliyind\u0259 s\u0259dr v\u0259zf\u0259sind\u0259 oldu\u011fu&nbsp;m\u00fcdd\u0259td\u0259 Az\u0259rbaycan&nbsp;Respublikas\u0131n\u0131n Konstitusiyas\u0131na v\u0259 qanunlar\u0131na \u0259m\u0259l etm\u0259kd\u0259&nbsp; m\u00fcvafiq Nizamnam\u0259l\u0259rin, t\u0259lmatlar\u0131n,&nbsp;nizamnal\u0259l\u0259rin v\u0259 \u0259mrl\u0259rin yerin\u0259 yetirilm\u0259sin\u0259 m\u0259suliyy\u0259tl\u0259 yana\u015fd\u0131\u011fna g\u00f6r\u0259, bir \u00e7ox medallarla, d\u00f6\u015f ni\u015fanlar\u0131 il\u0259, f\u0259xri f\u0259rmanlarla t\u0259ltif edilib v\u0259 ona t\u0259\u015f\u0259kk\u00fcr elan edilib.<\/p>\n\n\n\n<p>F\u00fczuli Rzaquliyev do\u011fuldu\u011fu v\u0259 ya\u015fad\u0131\u011f\u0131 k\u0259ndin, 1-ci v\u0259 2-ci V\u0259t\u0259n m\u00fcharib\u0259sind\u0259 i\u015ftirak etmi\u015f&nbsp;d\u00f6y\u00fc\u015fc\u00fcl\u0259rin&nbsp;xeyir v\u0259 \u015f\u0259rind\u0259 yax\u0131ndan i\u015ftirak ed\u0259n bir ziyal\u0131d\u0131r. O, ictimaiyy\u0259t, dost-tan\u0131\u015f, o c\u00fcml\u0259d\u0259n i\u015fl\u0259diyi v\u0259 xidm\u0259t etdiyi m\u00fch\u00fctd\u0259 \u00f6z\u00fcn\u0259 b\u00f6y\u00fck h\u00f6rm\u0259t&nbsp;qazanm\u0131\u015fd\u0131r. Dostluqda m\u00f6hk\u0259m v\u0259 sadiq insan olan F\u00fczuli \u018fd\u0259bo\u011flu ham\u0131 il\u0259 maraqlanan, onlar\u0131n probleml\u0259rinin h\u0259llin\u0259 can yand\u0131ran el adam\u0131d\u0131r. Qohum-\u0259qraba, dost-tan\u0131\u015f, d\u00f6y\u00fc\u015f\u00e7\u00fc dostlar\u0131, m\u00fcharib\u0259 i\u015ftirak\u00e7\u0131lar\u0131 aras\u0131nda b\u00f6y\u00fck h\u00f6rm\u0259t sahibi olan AVMV\u0130B s\u0259drini m\u0259hz bu x\u00fcsusiyy\u0259tl\u0259rin\u0259 g\u00f6r\u0259 onu \u00e7ox sevir v\u0259 \u015f\u0259xsiyy\u0259tin\u0259 d\u0259rin r\u0259\u011fb\u0259t hissi il\u0259 yana\u015f\u0131rlar.<\/p>\n\n\n\n<figure class=\"wp-block-image is-resized\"><img loading=\"lazy\" decoding=\"async\" width=\"526\" height=\"913\" src=\"https:\/\/fedai.az\/wp-content\/uploads\/2023\/01\/image-1.png\" alt=\"\" class=\"wp-image-88333\" style=\"aspect-ratio:0.5761226725082147;width:446px;height:auto\" srcset=\"https:\/\/fedai.az\/wp-content\/uploads\/2023\/01\/image-1.png 526w, https:\/\/fedai.az\/wp-content\/uploads\/2023\/01\/image-1-173x300.png 173w, https:\/\/fedai.az\/wp-content\/uploads\/2023\/01\/image-1-86x150.png 86w\" sizes=\"auto, (max-width: 526px) 100vw, 526px\" \/><\/figure>\n\n\n\n<figure class=\"wp-block-image is-resized\"><img loading=\"lazy\" decoding=\"async\" width=\"467\" height=\"350\" src=\"https:\/\/fedai.az\/wp-content\/uploads\/2023\/01\/image-2.png\" alt=\"\" class=\"wp-image-88334\" style=\"width:808px;height:auto\" srcset=\"https:\/\/fedai.az\/wp-content\/uploads\/2023\/01\/image-2.png 467w, https:\/\/fedai.az\/wp-content\/uploads\/2023\/01\/image-2-300x225.png 300w, https:\/\/fedai.az\/wp-content\/uploads\/2023\/01\/image-2-150x112.png 150w\" sizes=\"auto, (max-width: 467px) 100vw, 467px\" \/><\/figure>\n\n\n\n<p class=\"has-text-align-center\"><strong>El a\u011fsaqqal\u0131 v\u0259 ictimai xadim<\/strong><\/p>\n\n\n\n<p>F\u00fczuli m\u00fc\u0259llim \u00fcst\u00fcn qabiliyy\u0259ti, z\u0259ngin s\u00f6z ehtiyat\u0131 v\u0259 d\u0259rin v\u0259t\u0259np\u0259rv\u0259rlik hissi il\u0259 tan\u0131nan z\u0259hm\u0259tke\u015f bir insand\u0131r. O, ist\u0259nil\u0259n m\u00f6vzuda s\u0259mimi v\u0259 d\u0259rin m\u0259nal\u0131 s\u00f6hb\u0259tl\u0259r apar\u0131r, hikm\u0259tli fikirl\u0259r v\u0259 m\u00fcdrik k\u0259lamlarla h\u0259ms\u00f6hb\u0259tl\u0259rini heyran qoyma\u011f\u0131 bacar\u0131r. Onunla s\u00f6hb\u0259t ed\u0259n h\u0259r k\u0259s, ilk andan onun nec\u0259 sad\u0259, alic\u0259nab, t\u0259vaz\u00f6kar v\u0259 geni\u015f d\u00fcnyag\u00f6r\u00fc\u015f\u00fcn\u0259 malik ziyal\u0131 oldu\u011funu anlay\u0131r v\u0259 ona b\u00f6y\u00fck h\u00f6rm\u0259tl\u0259 yana\u015f\u0131r.<\/p>\n\n\n\n<p>Az\u0259rbaycan V\u0259t\u0259n M\u00fcharib\u0259si Veteranlar\u0131 \u0130ctimai Birliyin\u0259 (AVMVM\u0130B) r\u0259hb\u0259rlik etdiyi g\u00fcnd\u0259n b\u0259ri F\u00fczuli m\u00fc\u0259llim c\u0259miyy\u0259tin, d\u00f6vl\u0259tin qay\u011f\u0131lar\u0131n\u0131 d\u0259rk ed\u0259n, mehriban, s\u0259mimi, savadl\u0131 v\u0259 insanlara qar\u015f\u0131 h\u0259ssas m\u00fcnasib\u0259t g\u00f6st\u0259r\u0259n \u015f\u0259xsiyy\u0259t kimi tan\u0131nm\u0131\u015fd\u0131r. Onun bu x\u00fcsusiyy\u0259ti h\u0259m \u0259traf\u0131ndak\u0131 insanlar, h\u0259m d\u0259 d\u00f6y\u00fc\u015f\u00e7\u00fc yolda\u015flar\u0131 aras\u0131nda b\u00f6y\u00fck h\u00f6rm\u0259t v\u0259 r\u0259\u011fb\u0259t hissi qazanmas\u0131na s\u0259b\u0259b olmu\u015fdur.<\/p>\n\n\n\n<p>Rzaquliyev F\u00fczuli \u018fd\u0259b o\u011flu, Az\u0259rbaycan\u0131n \u0259razi b\u00fct\u00f6vl\u00fcy\u00fc u\u011frunda 2020-ci ilin 27 sentyabr\u0131nda ba\u015flayan V\u0259t\u0259n m\u00fcharib\u0259sind\u0259 b\u00f6y\u00fck f\u0259all\u0131q g\u00f6st\u0259rmi\u015f, d\u00f6y\u00fc\u015f b\u00f6lg\u0259l\u0259rind\u0259 \u0259sg\u0259rl\u0259rimizin yan\u0131nda olmu\u015f, onlar\u0131 h\u0259m m\u0259n\u0259vi, h\u0259m d\u0259 fiziki olaraq d\u0259st\u0259kl\u0259mi\u015fdir. F\u00fczuli m\u00fc\u0259llimin o\u011flu, ba\u015f leytenant \u0130lkin F\u00fczuli o\u011flu Rzaquliyev d\u0259 i\u015f\u011fal alt\u0131nda olan torpaqlar\u0131m\u0131z\u0131n azad edilm\u0259si u\u011frunda m\u00fcbariz\u0259d\u0259 y\u00fcks\u0259k v\u0259zif\u0259 v\u0259 tap\u015f\u0131r\u0131qlar\u0131 \u015f\u0259r\u0259fl\u0259 yerin\u0259 yetir\u0259r\u0259k q\u0259hr\u0259manl\u0131q v\u0259 \u015f\u00fcca\u0259t n\u00fcmun\u0259si g\u00f6st\u0259rmi\u015fdir. S\u00f6zs\u00fcz ki, bu ail\u0259nin v\u0259t\u0259n\u0259 v\u0259 d\u00f6vl\u0259t\u0259 ba\u011fl\u0131l\u0131\u011f\u0131, f\u0259dakarl\u0131\u011f\u0131 v\u0259 z\u0259hm\u0259ti xalq\u0131m\u0131z\u0131n yadda\u015f\u0131nda h\u0259mi\u015f\u0259 ya\u015fayacaqd\u0131r.<\/p>\n\n\n\n<figure class=\"wp-block-image is-resized\"><img loading=\"lazy\" decoding=\"async\" width=\"960\" height=\"720\" src=\"https:\/\/fedai.az\/wp-content\/uploads\/2023\/01\/image-3.png\" alt=\"\" class=\"wp-image-88335\" style=\"aspect-ratio:1.3333333333333333;width:558px;height:auto\" srcset=\"https:\/\/fedai.az\/wp-content\/uploads\/2023\/01\/image-3.png 960w, https:\/\/fedai.az\/wp-content\/uploads\/2023\/01\/image-3-300x225.png 300w, https:\/\/fedai.az\/wp-content\/uploads\/2023\/01\/image-3-150x113.png 150w, https:\/\/fedai.az\/wp-content\/uploads\/2023\/01\/image-3-768x576.png 768w\" sizes=\"auto, (max-width: 960px) 100vw, 960px\" \/><\/figure>\n\n\n\n<figure class=\"wp-block-image size-large\"><img decoding=\"async\" src=\"https:\/\/fedai.az\/wp-content\/uploads\/2022\/10\/274204617_1033119940611826_2308142768465567977_n-1536x960.jpg\" alt=\"\"\/><\/figure>\n\n\n\n<p>F\u00fczuli m\u00fc\u0259llim nurani \u015f\u0259xsiyy\u0259ti il\u0259 yana\u015f\u0131, h\u0259m c\u0259sar\u0259tli zabit, h\u0259m d\u0259 insanp\u0259rv\u0259r, s\u0259xav\u0259tli v\u0259 \u0259lia\u00e7\u0131q bir el a\u011fsaqqal\u0131 kimi yaln\u0131z r\u0259hb\u0259rlik etdiyi b\u00f6y\u00fck bir t\u0259\u015fkilatda deyil, eyni zamanda, h\u0259yat\u0131n h\u0259r qat\u0131nda \u2013 dostluqda, qohumluqda, sosial m\u00fcnasib\u0259tl\u0259rind\u0259 ictimaiyy\u0259tin d\u0259rin h\u00f6rm\u0259tinin, sars\u0131lmaz etibar\u0131n\u0131n v\u0259 sonsuz sevginin t\u0259c\u0259ss\u00fcm\u00fcn\u0259 \u00e7evrilmi\u015fdir.<\/p>\n\n\n\n<p><strong>DO\u011eUM G\u00dcN\u00dcN\u00dcN\u00dcZ M\u00dcBAR\u018fK OLSUN, F\u00dcZUL\u0130 M\u00dc\u018fLL\u0130M! <\/strong><\/p>\n\n\n\n<p><strong>AVMV\u0130B-in M\u0259tbuat xidm\u0259ti<\/strong><\/p>\n\n\n\n<figure class=\"wp-block-image is-resized\"><img loading=\"lazy\" decoding=\"async\" width=\"706\" height=\"882\" src=\"https:\/\/fedai.az\/wp-content\/uploads\/2023\/01\/image-4.png\" alt=\"\" class=\"wp-image-88336\" style=\"aspect-ratio:0.800453514739229;width:500px;height:auto\" srcset=\"https:\/\/fedai.az\/wp-content\/uploads\/2023\/01\/image-4.png 706w, https:\/\/fedai.az\/wp-content\/uploads\/2023\/01\/image-4-240x300.png 240w, https:\/\/fedai.az\/wp-content\/uploads\/2023\/01\/image-4-120x150.png 120w\" sizes=\"auto, (max-width: 706px) 100vw, 706px\" \/><\/figure>\n\n\n\n<figure class=\"wp-block-image is-resized\"><img loading=\"lazy\" decoding=\"async\" width=\"715\" height=\"400\" src=\"https:\/\/fedai.az\/wp-content\/uploads\/2023\/01\/image-5.png\" alt=\"\" class=\"wp-image-88337\" style=\"aspect-ratio:1.7875;width:544px;height:auto\" srcset=\"https:\/\/fedai.az\/wp-content\/uploads\/2023\/01\/image-5.png 715w, https:\/\/fedai.az\/wp-content\/uploads\/2023\/01\/image-5-300x168.png 300w, https:\/\/fedai.az\/wp-content\/uploads\/2023\/01\/image-5-150x84.png 150w\" sizes=\"auto, (max-width: 715px) 100vw, 715px\" \/><\/figure>\n\n\n\n<figure class=\"wp-block-image is-resized\"><img loading=\"lazy\" decoding=\"async\" width=\"960\" height=\"540\" src=\"https:\/\/fedai.az\/wp-content\/uploads\/2023\/01\/image-6.png\" alt=\"\" class=\"wp-image-88338\" style=\"aspect-ratio:1.7777777777777777;width:615px;height:auto\" srcset=\"https:\/\/fedai.az\/wp-content\/uploads\/2023\/01\/image-6.png 960w, https:\/\/fedai.az\/wp-content\/uploads\/2023\/01\/image-6-300x169.png 300w, https:\/\/fedai.az\/wp-content\/uploads\/2023\/01\/image-6-150x84.png 150w, https:\/\/fedai.az\/wp-content\/uploads\/2023\/01\/image-6-768x432.png 768w\" sizes=\"auto, (max-width: 960px) 100vw, 960px\" \/><\/figure>\n\n\n\n<a href=\"https:\/\/postimg.cc\/Q9yLJWGr\" target=\"_blank\"><img decoding=\"async\" src=\"https:\/\/i.postimg.cc\/SRyyqWgj\/Whats-App-Image-2025-01-02-at-22-11-11.jpg\" alt=\"Whats-App-Image-2025-01-02-at-22-11-11\"\/><\/a><br\/><br\/>\n<a href=\"https:\/\/postimg.cc\/wtFY3GwM\" target=\"_blank\"><img decoding=\"async\" src=\"https:\/\/i.postimg.cc\/nzfFS874\/Whats-App-Image-2025-01-02-at-22-11-12.jpg\" alt=\"Whats-App-Image-2025-01-02-at-22-11-12\"\/><\/a><br\/><br\/>\n<a href=\"https:\/\/postimages.org\/\" target=\"_blank\"><img decoding=\"async\" src=\"https:\/\/i.postimg.cc\/pL7X85L1\/Whats-App-Image-2025-01-02-at-22-11-14.jpg\" alt=\"Whats-App-Image-2025-01-02-at-22-11-14\"\/><\/a><br\/><br\/>\n<a href=\"https:\/\/postimg.cc\/9D5hkT4m\" target=\"_blank\"><img decoding=\"async\" src=\"https:\/\/i.postimg.cc\/0yryb0Pw\/Whats-App-Image-2025-01-02-at-22-11-18.jpg\" alt=\"Whats-App-Image-2025-01-02-at-22-11-18\"\/><\/a><br\/><br\/>\n<a href=\"https:\/\/postimg.cc\/SXmpSh7H\" target=\"_blank\"><img decoding=\"async\" src=\"https:\/\/i.postimg.cc\/fb9WvW3W\/Whats-App-Image-2025-01-02-at-22-11-18-1.jpg\" alt=\"Whats-App-Image-2025-01-02-at-22-11-18-1\"\/><\/a><br\/><br\/>\n<a href=\"https:\/\/postimg.cc\/0bJvZZyX\" target=\"_blank\"><img decoding=\"async\" src=\"https:\/\/i.postimg.cc\/15vzmjhS\/Whats-App-Image-2025-01-02-at-22-11-18-2.jpg\" alt=\"Whats-App-Image-2025-01-02-at-22-11-18-2\"\/><\/a><br\/><br\/>\n<a href=\"https:\/\/postimg.cc\/ZvWSGxFR\" target=\"_blank\"><img decoding=\"async\" src=\"https:\/\/i.postimg.cc\/NF4jrNK1\/Whats-App-Image-2025-01-02-at-22-11-18-3.jpg\" alt=\"Whats-App-Image-2025-01-02-at-22-11-18-3\"\/><\/a><br\/><br\/>\n<a href=\"https:\/\/postimg.cc\/SjRkYmFh\" target=\"_blank\"><img decoding=\"async\" src=\"https:\/\/i.postimg.cc\/mZNDqrmt\/Whats-App-Image-2025-01-02-at-22-11-19.jpg\" alt=\"Whats-App-Image-2025-01-02-at-22-11-19\"\/><\/a><br\/><br\/>\n<a href=\"https:\/\/postimg.cc\/dkHFNxCp\" target=\"_blank\"><img decoding=\"async\" src=\"https:\/\/i.postimg.cc\/SRqKR0xS\/Whats-App-Image-2025-01-02-at-22-11-19-1.jpg\" alt=\"Whats-App-Image-2025-01-02-at-22-11-19-1\"\/><\/a><br\/><br\/>\n<a href=\"https:\/\/postimg.cc\/sM7VfKFG\" target=\"_blank\"><img decoding=\"async\" src=\"https:\/\/i.postimg.cc\/8znsHnt4\/Whats-App-Image-2025-01-02-at-22-11-20.jpg\" alt=\"Whats-App-Image-2025-01-02-at-22-11-20\"\/><\/a><br\/><br\/>\n<a href=\"https:\/\/postimg.cc\/DWh7SsFj\" target=\"_blank\"><img decoding=\"async\" src=\"https:\/\/i.postimg.cc\/QM9Cnkz3\/Whats-App-Image-2025-01-02-at-22-11-21.jpg\" alt=\"Whats-App-Image-2025-01-02-at-22-11-21\"\/><\/a><br\/><br\/>\n<a href=\"https:\/\/postimg.cc\/34J7BTk2\" target=\"_blank\"><img decoding=\"async\" src=\"https:\/\/i.postimg.cc\/1tDtyRP7\/Whats-App-Image-2025-01-02-at-22-11-22.jpg\" alt=\"Whats-App-Image-2025-01-02-at-22-11-22\"\/><\/a><br\/><br\/>\n<a href=\"https:\/\/postimg.cc\/GBjdG2mc\" target=\"_blank\"><img decoding=\"async\" src=\"https:\/\/i.postimg.cc\/3wsNM0MD\/Whats-App-Image-2025-01-02-at-22-11-22-1.jpg\" alt=\"Whats-App-Image-2025-01-02-at-22-11-22-1\"\/><\/a><br\/><br\/>\n\n\n\n<figure class=\"wp-block-image is-resized\"><img decoding=\"async\" src=\"https:\/\/fedai.az\/wp-content\/uploads\/2023\/01\/image-7.png\" alt=\"\" class=\"wp-image-88339\" style=\"aspect-ratio:0.75;width:580px;height:auto\"\/><\/figure>\n","protected":false},"excerpt":{"rendered":"<p>Az\u0259rbaycan V\u0259t\u0259n M\u00fcharib\u0259si Veteranlar\u0131 \u0130ctimai Birliyinin (AVMV\u0130B) s\u0259dri Rzaquliyev F\u00fczuli \u018fd\u0259b o\u011flunun yubileyidir. &#171;Bu g\u00fcn &#171;Koro\u011flu&#187; kimi tan\u0131nan q\u0259hr\u0259man V\u0259t\u0259n o\u011flunun 65 ya\u015f\u0131 tamam<\/p>\n","protected":false},"author":2,"featured_media":97513,"comment_status":"closed","ping_status":"closed","sticky":false,"template":"","format":"standard","meta":{"footnotes":""},"categories":[11],"tags":[],"class_list":["post-97512","post","type-post","status-publish","format-standard","has-post-thumbnail","hentry","category-tbrik"],"aioseo_notices":[],"_links":{"self":[{"href":"https:\/\/fedai.az\/index.php?rest_route=\/wp\/v2\/posts\/97512","targetHints":{"allow":["GET"]}}],"collection":[{"href":"https:\/\/fedai.az\/index.php?rest_route=\/wp\/v2\/posts"}],"about":[{"href":"https:\/\/fedai.az\/index.php?rest_route=\/wp\/v2\/types\/post"}],"author":[{"embeddable":true,"href":"https:\/\/fedai.az\/index.php?rest_route=\/wp\/v2\/users\/2"}],"replies":[{"embeddable":true,"href":"https:\/\/fedai.az\/index.php?rest_route=%2Fwp%2Fv2%2Fcomments&post=97512"}],"version-history":[{"count":13,"href":"https:\/\/fedai.az\/index.php?rest_route=\/wp\/v2\/posts\/97512\/revisions"}],"predecessor-version":[{"id":103092,"href":"https:\/\/fedai.az\/index.php?rest_route=\/wp\/v2\/posts\/97512\/revisions\/103092"}],"wp:featuredmedia":[{"embeddable":true,"href":"https:\/\/fedai.az\/index.php?rest_route=\/wp\/v2\/media\/97513"}],"wp:attachment":[{"href":"https:\/\/fedai.az\/index.php?rest_route=%2Fwp%2Fv2%2Fmedia&parent=97512"}],"wp:term":[{"taxonomy":"category","embeddable":true,"href":"https:\/\/fedai.az\/index.php?rest_route=%2Fwp%2Fv2%2Fcategories&post=97512"},{"taxonomy":"post_tag","embeddable":true,"href":"https:\/\/fedai.az\/index.php?rest_route=%2Fwp%2Fv2%2Ftags&post=97512"}],"curies":[{"name":"wp","href":"https:\/\/api.w.org\/{rel}","templated":true}]}}