{"id":97522,"date":"2026-01-05T00:00:00","date_gmt":"2026-01-04T20:00:00","guid":{"rendered":"https:\/\/fedai.az\/?p=97522"},"modified":"2026-01-05T01:33:29","modified_gmt":"2026-01-04T21:33:29","slug":"t%c9%99brik-mubariz-quliyev-51","status":"publish","type":"post","link":"https:\/\/fedai.az\/?p=97522","title":{"rendered":"T\u0259brik: M\u00fcbariz Quliyev &#8212; 53"},"content":{"rendered":"\n<p>Bu g\u00fcn silahda\u015flar\u0131m\u0131zdan birinin &#8212; Az\u0259rbaycan V\u0259t\u0259n M\u00fcharib\u0259si Veteranlar\u0131 \u0130ctimai Birliyi (AVMV\u0130B) s\u0259drinin iqtisadi m\u0259s\u0259l\u0259l\u0259r \u00fczr\u0259 m\u00fcavini\u00a0Quliyev M\u00fcbariz\u00a0Hac\u0131 o\u011flunun do\u011fum g\u00fcn\u00fcd\u00fcr. Yanvar\u00a0ay\u0131n\u0131n 5-d\u0259 onun 53 ya\u015f\u0131 tamam olur.<\/p>\n\n\n\n<p>M\u00fcbariz Hac\u0131 o\u011flu&nbsp;Quliyev, 1973-c\u00fc ilin yanvar ay\u0131n\u0131n 5-d\u0259 Sumqay\u0131t \u015f\u0259h\u0259rind\u0259 ziyal\u0131 ail\u0259sind\u0259 d\u00fcnya g\u00f6z a\u00e7\u0131b.&nbsp;O, \u0259sl\u0259n Tovuz rayonundand\u0131r. Y\u00fcks\u0259k pe\u015f\u0259karl\u0131\u011f\u0131n il\u0259 \u00f6ht\u0259sin\u0259 d\u00fcs\u0259n v\u0259zif\u0259l\u0259ri v\u0259 ona h\u0259val\u0259 olunan \u00e7ox\u015fax\u0259li i\u015fl\u0259ri h\u0259mi\u015f\u0259 l\u0259yaq\u0259tl\u0259 yerin\u0259 yetir\u0259n &nbsp;M\u00fcbariz Hac\u0131 o\u011flu Quliyev, 1989-cu ild\u0259 Sumqay\u0131t \u015f\u0259h\u0259rind\u0259 orta m\u0259kt\u0259bi,1996 -c\u0131 ild\u0259 &nbsp;is\u0259 Texnologiya Unverstetini bitrib.<\/p>\n\n\n\n<p>M\u00fcbariz Quliyev 1991-1992- ci ill\u0259rd\u0259 k\u00f6n\u00fcl\u00fc olaraq&nbsp;Az\u0259rbaycan Ordusunun Tovuz rayonun \u0259razisind\u0259 yerl\u0259\u015f\u0259n h\u0259rbi hiss\u0259l\u0259rind\u0259 m\u00fcvafiq v\u0259zif\u0259l\u0259rd\u0259&nbsp;xidm\u0259t edib. M\u00fcbariz Quliyev Az\u0259rbaycan\u0131n \u0259razi b\u00fct\u00f6vl\u00fcy\u00fc u\u011frunda (Tovuz rayonu istiqam\u0259tl\u0259rind\u0259) ged\u0259n d\u00f6y\u00fc\u015fl\u0259rd\u0259 f\u0259al i\u015ftirak ed\u0259r\u0259k, ona h\u0259val\u0259 edilmi\u015f v\u0259zif\u0259 v\u0259 tap\u015f\u0131r\u0131qlar\u0131n \u00f6ht\u0259sind\u0259n layiqinc\u0259 g\u0259lmi\u015f v\u0259 a\u011f\u0131r yaralanm\u0131\u015fd\u0131r.<\/p>\n\n\n\n<p>Xidm\u0259ti v\u0259 ictimai&nbsp;v\u0259zif\u0259l\u0259rin yerin\u0259 yetirilm\u0259sin\u0259 m\u0259suliyy\u0259tl\u0259 yana\u015fd\u0131\u011f\u0131na&nbsp;g\u00f6r\u0259 M\u00fcdafi\u0259&nbsp;Nazirinin M\u00fcavini &#8212; Az\u0259rbaycan Ordusunun Ba\u015f Q\u0259rargah r\u0259isinin, Korpus v\u0259 h\u0259rb\u0131 hiss\u0259 komandirl\u0259rl\u0259rnin,Az\u0259rbaycan V\u0259t\u0259n M\u00fcharib\u0259si Veteranlar\u0131 \u0130ctimai Birliyinin s\u0259drinin, Sumqay\u0131t&nbsp;\u015f\u0259h\u0259r&nbsp;\u0130cra hakimiyy\u0259tinin&nbsp;ba\u015f\u00e7\u0131s\u0131n\u0131n, Sumqay\u0131t&nbsp;\u015f\u0259h\u0259r Yeni Az\u0259rbaycan Partiya s\u0259dirinin m\u00fcvafiq&nbsp;\u0259mrl\u0259ri&nbsp;il\u0259 bir s\u0131ra medalarla, d\u00f6\u015f&nbsp;ni\u015fanlar\u0131 il\u0259&nbsp; f\u0259xri&nbsp;f\u0259rmanlarla, qiym\u0259tli h\u0259diyy\u0259l\u0259rl\u0259 m\u00fckafatland\u0131rl\u0131b v\u0259 ona t\u0259\u015f\u0259kk\u00fcr elan edilib.<\/p>\n\n\n\n<p>Az\u0259rbaycan V\u0259t\u0259n M\u00fcharib\u0259si Veteranlar\u0131 \u0130ctimai&nbsp;Birliyinin r\u0259hb\u0259rliyi M\u00fcbariz Quliyevi do\u011fum g\u00fcn\u00fc m\u00fcnasib\u0259til\u0259 s\u0259mimi q\u0259lbd\u0259n t\u0259brik edir, ona cansa\u011fl\u0131\u011f\u0131 v\u0259 t\u00fck\u0259nm\u0259y\u0259n naliyy\u0259tl\u0259r arzu edir.<\/p>\n\n\n\n<p><strong>AVMV\u0130B-in M\u0259tbuat xidm\u0259ti<\/strong><\/p>\n\n\n\n<figure class=\"wp-block-image size-large is-resized\"><img loading=\"lazy\" decoding=\"async\" width=\"769\" height=\"1024\" src=\"https:\/\/fedai.az\/wp-content\/uploads\/2024\/01\/image-769x1024.png\" alt=\"\" class=\"wp-image-97523\" style=\"aspect-ratio:0.7509765625;width:467px;height:auto\" srcset=\"https:\/\/fedai.az\/wp-content\/uploads\/2024\/01\/image-769x1024.png 769w, https:\/\/fedai.az\/wp-content\/uploads\/2024\/01\/image-225x300.png 225w, https:\/\/fedai.az\/wp-content\/uploads\/2024\/01\/image-113x150.png 113w, https:\/\/fedai.az\/wp-content\/uploads\/2024\/01\/image-768x1023.png 768w, https:\/\/fedai.az\/wp-content\/uploads\/2024\/01\/image.png 780w\" sizes=\"auto, (max-width: 769px) 100vw, 769px\" \/><\/figure>\n\n\n\n<figure class=\"wp-block-image size-full is-resized\"><img loading=\"lazy\" decoding=\"async\" width=\"911\" height=\"659\" src=\"https:\/\/fedai.az\/wp-content\/uploads\/2024\/01\/image-1.png\" alt=\"\" class=\"wp-image-97524\" style=\"aspect-ratio:1.3823975720789075;width:655px;height:auto\" srcset=\"https:\/\/fedai.az\/wp-content\/uploads\/2024\/01\/image-1.png 911w, https:\/\/fedai.az\/wp-content\/uploads\/2024\/01\/image-1-300x217.png 300w, https:\/\/fedai.az\/wp-content\/uploads\/2024\/01\/image-1-150x109.png 150w, https:\/\/fedai.az\/wp-content\/uploads\/2024\/01\/image-1-768x556.png 768w\" sizes=\"auto, (max-width: 911px) 100vw, 911px\" \/><\/figure>\n\n\n\n<figure class=\"wp-block-image size-large is-resized\"><img loading=\"lazy\" decoding=\"async\" width=\"1024\" height=\"642\" src=\"https:\/\/fedai.az\/wp-content\/uploads\/2024\/01\/image-2-1024x642.png\" alt=\"\" class=\"wp-image-97525\" style=\"aspect-ratio:1.5950155763239875;width:640px;height:auto\" srcset=\"https:\/\/fedai.az\/wp-content\/uploads\/2024\/01\/image-2-1024x642.png 1024w, https:\/\/fedai.az\/wp-content\/uploads\/2024\/01\/image-2-300x188.png 300w, https:\/\/fedai.az\/wp-content\/uploads\/2024\/01\/image-2-150x94.png 150w, https:\/\/fedai.az\/wp-content\/uploads\/2024\/01\/image-2-768x482.png 768w, https:\/\/fedai.az\/wp-content\/uploads\/2024\/01\/image-2-115x73.png 115w, https:\/\/fedai.az\/wp-content\/uploads\/2024\/01\/image-2.png 1060w\" sizes=\"auto, (max-width: 1024px) 100vw, 1024px\" \/><\/figure>\n\n\n\n<p><\/p>\n\n\n\n<figure class=\"wp-block-image size-full is-resized\"><img loading=\"lazy\" decoding=\"async\" width=\"862\" height=\"481\" src=\"https:\/\/fedai.az\/wp-content\/uploads\/2024\/01\/image-3.png\" alt=\"\" class=\"wp-image-97526\" style=\"aspect-ratio:1.792099792099792;width:635px;height:auto\" srcset=\"https:\/\/fedai.az\/wp-content\/uploads\/2024\/01\/image-3.png 862w, https:\/\/fedai.az\/wp-content\/uploads\/2024\/01\/image-3-300x167.png 300w, https:\/\/fedai.az\/wp-content\/uploads\/2024\/01\/image-3-150x84.png 150w, https:\/\/fedai.az\/wp-content\/uploads\/2024\/01\/image-3-768x429.png 768w, https:\/\/fedai.az\/wp-content\/uploads\/2024\/01\/image-3-715x400.png 715w\" sizes=\"auto, (max-width: 862px) 100vw, 862px\" \/><\/figure>\n\n\n\n<figure class=\"wp-block-image size-large\"><img decoding=\"async\" src=\"https:\/\/veteran.az\/wp-content\/uploads\/2023\/01\/mub2.jpg\" alt=\"\"\/><\/figure>\n\n\n\n<figure class=\"wp-block-image size-large\"><img decoding=\"async\" src=\"https:\/\/veteran.az\/wp-content\/uploads\/2023\/01\/pull.jpg\" alt=\"\"\/><\/figure>\n","protected":false},"excerpt":{"rendered":"<p>Bu g\u00fcn silahda\u015flar\u0131m\u0131zdan birinin &#8212; Az\u0259rbaycan V\u0259t\u0259n M\u00fcharib\u0259si Veteranlar\u0131 \u0130ctimai Birliyi (AVMV\u0130B) s\u0259drinin iqtisadi m\u0259s\u0259l\u0259l\u0259r \u00fczr\u0259 m\u00fcavini\u00a0Quliyev M\u00fcbariz\u00a0Hac\u0131 o\u011flunun do\u011fum g\u00fcn\u00fcd\u00fcr. Yanvar\u00a0ay\u0131n\u0131n 5-d\u0259 onun<\/p>\n","protected":false},"author":2,"featured_media":97530,"comment_status":"closed","ping_status":"closed","sticky":false,"template":"","format":"standard","meta":{"footnotes":""},"categories":[11],"tags":[],"class_list":["post-97522","post","type-post","status-publish","format-standard","has-post-thumbnail","hentry","category-tbrik"],"aioseo_notices":[],"_links":{"self":[{"href":"https:\/\/fedai.az\/index.php?rest_route=\/wp\/v2\/posts\/97522","targetHints":{"allow":["GET"]}}],"collection":[{"href":"https:\/\/fedai.az\/index.php?rest_route=\/wp\/v2\/posts"}],"about":[{"href":"https:\/\/fedai.az\/index.php?rest_route=\/wp\/v2\/types\/post"}],"author":[{"embeddable":true,"href":"https:\/\/fedai.az\/index.php?rest_route=\/wp\/v2\/users\/2"}],"replies":[{"embeddable":true,"href":"https:\/\/fedai.az\/index.php?rest_route=%2Fwp%2Fv2%2Fcomments&post=97522"}],"version-history":[{"count":5,"href":"https:\/\/fedai.az\/index.php?rest_route=\/wp\/v2\/posts\/97522\/revisions"}],"predecessor-version":[{"id":103093,"href":"https:\/\/fedai.az\/index.php?rest_route=\/wp\/v2\/posts\/97522\/revisions\/103093"}],"wp:featuredmedia":[{"embeddable":true,"href":"https:\/\/fedai.az\/index.php?rest_route=\/wp\/v2\/media\/97530"}],"wp:attachment":[{"href":"https:\/\/fedai.az\/index.php?rest_route=%2Fwp%2Fv2%2Fmedia&parent=97522"}],"wp:term":[{"taxonomy":"category","embeddable":true,"href":"https:\/\/fedai.az\/index.php?rest_route=%2Fwp%2Fv2%2Fcategories&post=97522"},{"taxonomy":"post_tag","embeddable":true,"href":"https:\/\/fedai.az\/index.php?rest_route=%2Fwp%2Fv2%2Ftags&post=97522"}],"curies":[{"name":"wp","href":"https:\/\/api.w.org\/{rel}","templated":true}]}}