{"id":9760,"date":"2020-07-13T02:00:22","date_gmt":"2020-07-12T22:00:22","guid":{"rendered":"http:\/\/fedai.az\/?p=9760"},"modified":"2020-07-13T02:00:28","modified_gmt":"2020-07-12T22:00:28","slug":"7-iyul-minasi","status":"publish","type":"post","link":"https:\/\/fedai.az\/?p=9760","title":{"rendered":"7 iyul minas\u0131"},"content":{"rendered":"\n<p><strong>Qaraba\u011f\u0131n Az\u0259rbaycandan qopar\u0131lmas\u0131 yolunu a\u00e7an q\u0259rar\u0131n q\u0259bulundan 97 il \u00f6t\u00fcr.<\/strong><\/p>\n\n\n\n<p><strong>Novator.az bildirir ki, 1923-c\u00fc ilin bu g\u00fcn\u00fc \u2013 iyulun 7-d\u0259 Az\u0259rbaycan Sovetl\u0259ri M\u0259rk\u0259zi \u0130craiyy\u0259 Komit\u0259sinin dekreti il\u0259 Muxtar Da\u011fl\u0131q Qaraba\u011f Vilay\u0259ti yarad\u0131l\u0131r.<\/strong><\/p>\n\n\n\n<p>1936-c\u0131 ild\u0259 vilay\u0259tin r\u0259smi ad\u0131 yenil\u0259nir: Da\u011fl\u0131q Qaraba\u011f Muxtar Vilay\u0259ti.<\/p>\n\n\n\n<p>1981-ci il iyunun 16-da Az\u0259rbaycan Ali Soveti \u201cDa\u011fl\u0131q Qaraba\u011f Muxtar Vilay\u0259ti haqq\u0131nda\u201d qanun q\u0259bul edir.<\/p>\n\n\n\n<p>1988-ci il fevral\u0131n 13-d\u0259n Da\u011fl\u0131q Qaraba\u011fda Stepanakert \u015f\u0259h\u0259ri, Mardakert, \u018fsg\u0259ran, Martuni, \u015eu\u015fa rayonlar\u0131ndan ibar\u0259t muxtar vilay\u0259tin Erm\u0259nistana verilm\u0259si t\u0259l\u0259bi il\u0259 separat\u00e7\u0131 h\u0259r\u0259kat ba\u015flay\u0131r. Fevral\u0131n 20-d\u0259 Da\u011fl\u0131q Qaraba\u011f Muxtar Vilay\u0259tinin d\u00f6vl\u0259t hakimiyy\u0259ti orqan\u0131 \u2013 Xalq Deputatlar\u0131 Soveti SSR\u0130, Az\u0259rbaycan v\u0259 Erm\u0259nistan hakimiyy\u0259tl\u0259ri qar\u015f\u0131s\u0131nda v\u0259sat\u0259t qald\u0131r\u0131r. V\u0259sat\u0259td\u0259 vilay\u0259tin Erm\u0259nistana birl\u0259\u015fdirilm\u0259si ist\u0259yi yer al\u0131r, bununla separat\u00e7\u0131 h\u0259r\u0259kat a\u00e7\u0131q h\u0259rbi t\u0259cav\u00fcz\u0259 \u00e7evrilir.<\/p>\n\n\n\n<p>1989-cu il yanvar\u0131n 12-d\u0259 SSR\u0130 Ali Sovetinin q\u0259rar\u0131 il\u0259 Da\u011fl\u0131q Qaraba\u011f Az\u0259rbaycan\u0131n idar\u0259\u00e7iliyind\u0259n \u00e7\u0131xar\u0131laraq birba\u015fa Moskvaya ba\u011flan\u0131r, ba\u015f\u0131nda Arkadi Volskinin dayand\u0131\u011f\u0131 X\u00fcsusi \u0130dar\u0259etm\u0259 Komit\u0259si yarad\u0131l\u0131r.<\/p>\n\n\n\n<p>H\u0259min il noyabr\u0131n 28-d\u0259 X\u00fcsusi \u0130dar\u0259etm\u0259 Komit\u0259si Az\u0259rbaycan xalq h\u0259r\u0259kat\u0131n\u0131n t\u0259zyiql\u0259ri n\u0259tic\u0259sind\u0259 l\u0259\u011fv edilir, 1990-1991-ci ill\u0259rd\u0259 b\u00f6lg\u0259 Bak\u0131n\u0131n yaratd\u0131\u011f\u0131 Respublika T\u0259\u015fkilat Komit\u0259si (r\u0259hb\u0259ri \u2013 Viktor Polyani\u00e7ko) vasit\u0259sil\u0259 idar\u0259 olunur.<\/p>\n\n\n\n<p>1991-ci ilin avqustunda SSR\u0130-nin da\u011f\u0131lmas\u0131 s\u00fcr\u0259tl\u0259nir, ay\u0131n 30-da Az\u0259rbaycan parlamenti d\u00f6vl\u0259t m\u00fcst\u0259qilliyinin b\u0259rpas\u0131na q\u0259rar verir.<\/p>\n\n\n\n<p>1991-ci il sentyabr\u0131n 2-d\u0259 Da\u011fl\u0131q Qaraba\u011f erm\u0259nil\u0259ri b\u00f6lg\u0259ni \u201cm\u00fcst\u0259qil d\u00f6vl\u0259t\u201d elan edir. \u0130\u015f\u011fal\u00e7\u0131 rejim Da\u011fl\u0131q Qaraba\u011f Muxtar Vilay\u0259tinin v\u0259 ke\u00e7mi\u015f \u015eaumyan k\u0259nd rayonunun \u0259razisind\u0259 elan olunur (\u015eaumyan k\u0259nd rayonu Az\u0259rbaycan parlamentinin 12 fevral 1991-ci il q\u0259rar\u0131 il\u0259 l\u0259\u011fv edilib, Goranboy rayonunun t\u0259rkib hiss\u0259sidir). Bunun ard\u0131nca m\u00fcharib\u0259 alovlan\u0131r, Da\u011fl\u0131q Qaraba\u011fda az\u0259rbaycanl\u0131lar\u0131n ya\u015fad\u0131\u011f\u0131 k\u0259ndl\u0259rin i\u015f\u011fal\u0131 ba\u015flan\u0131r.<\/p>\n\n\n\n<p>H\u0259min il noyabr\u0131n 26-da Az\u0259rbaycan Ali Soveti Da\u011fl\u0131q Qaraba\u011f Muxtar Vilay\u0259ti milli \u0259razi qurumu kimi l\u0259\u011fv edir. H\u0259m 1923-c\u00fc il iyulun 7-d\u0259 Az\u0259rbaycan Sovetl\u0259ri M\u0259rk\u0259zi \u0130craiyy\u0259 Komit\u0259sinin q\u0259bul etdiyi dekret, h\u0259m d\u0259 1981-ci il iyunun 16-da Az\u0259rbaycan SSR Ali Sovetinin q\u0259bul etdiyi \u201cDa\u011fl\u0131q Qaraba\u011f Muxtar Vilay\u0259ti haqq\u0131nda\u201d qanun q\u00fcvv\u0259d\u0259n sal\u0131n\u0131r.<\/p>\n\n\n\n<p>Az\u0259rbaycan parlamenti tarixi adlar\u0131 qaytararaq Stepanakerti Xank\u0259ndi, Mardakerti A\u011fd\u0259r\u0259, Martunini Xocav\u0259nd adland\u0131r\u0131r. \u018fsg\u0259ran v\u0259 Hadrut rayonlar\u0131 l\u0259\u011fv edilir, Xocal\u0131 \u015f\u0259h\u0259ri m\u0259rk\u0259z olmaqla Xocal\u0131 rayonu yarad\u0131l\u0131r, l\u0259\u011fv edilmi\u015f \u018fsg\u0259ran rayonunun \u0259razisi Xocal\u0131 rayonunun t\u0259rkibin\u0259, Hadrut rayonunun \u0259razisi Xocav\u0259nd rayonunun t\u0259rkibin\u0259 verilir.<\/p>\n\n\n\n<p>1992-ci il fevral\u0131n 26-na ke\u00e7\u0259n gec\u0259 Xocal\u0131 \u015f\u0259h\u0259ri i\u015f\u011fal edilir.<\/p>\n\n\n\n<p>May\u0131n 8-9-da \u015eu\u015fa \u015f\u0259h\u0259ri i\u015f\u011fal olunur.<\/p>\n\n\n\n<p>May\u0131n 17-d\u0259 La\u00e7\u0131n \u015f\u0259h\u0259ri i\u015f\u011fal olunur, rayon (Qubadl\u0131ya yax\u0131n k\u0259ndl\u0259ri \u00e7\u0131xmaqla) erm\u0259nil\u0259rin \u0259lin\u0259 ke\u00e7ir.<\/p>\n\n\n\n<p>\u0130yunun 14-d\u0259 ke\u00e7mi\u015f \u015eaumyan k\u0259nd rayonu erm\u0259ni i\u015f\u011fal\u0131ndan tam azad edilir.<\/p>\n\n\n\n<p>\u0130yulun 4-d\u0259 A\u011fd\u0259r\u0259 \u015f\u0259h\u0259ri Az\u0259rbaycan qo\u015funlar\u0131n\u0131n n\u0259zar\u0259tin\u0259 ke\u00e7ir, sonra rayonun b\u00f6y\u00fck hiss\u0259si azad olunur, T\u0259rt\u0259r-K\u0259lb\u0259c\u0259r yolu a\u00e7\u0131l\u0131r.<\/p>\n\n\n\n<p>Avqustun 25-d\u0259 Az\u0259rbaycan parlamentinin q\u0259rar\u0131 il\u0259 A\u011fd\u0259r\u0259 rayonunun bir hiss\u0259si T\u0259rt\u0259r rayonunun t\u0259rkibin\u0259 ke\u00e7ir.<\/p>\n\n\n\n<p>Milli M\u0259clisin 13 oktyabr 1992-ci il q\u0259rar\u0131 il\u0259 A\u011fd\u0259r\u0259 rayonu l\u0259\u011fv edil\u0259r\u0259k K\u0259lb\u0259c\u0259r, T\u0259rt\u0259r, A\u011fdam rayonlar\u0131 aras\u0131nda b\u00f6l\u00fc\u015fd\u00fcr\u00fcl\u00fcr.<\/p>\n\n\n\n<p>1992-ci ilin yay-pay\u0131z aylar\u0131nda La\u00e7\u0131n rayonunun K\u0259lb\u0259c\u0259r\u0259 yax\u0131n hiss\u0259si azad edilir.<\/p>\n\n\n\n<p>1993-c\u00fc ilin fevral ay\u0131ndan ba\u015flayaraq erm\u0259nil\u0259r ke\u00e7mi\u015f A\u011fd\u0259r\u0259 rayonunun bir hiss\u0259sini n\u0259zar\u0259t\u0259 g\u00f6t\u00fcr\u00fcr, T\u0259rt\u0259r-K\u0259lb\u0259c\u0259r yolu yenid\u0259n ba\u011flan\u0131r.<\/p>\n\n\n\n<p>Mart\u0131n sonundan aprelin 2-d\u0259k K\u0259lb\u0259c\u0259r rayonu i\u015f\u011fal edilir, La\u00e7\u0131n rayonunun K\u0259lb\u0259c\u0259r\u0259 yax\u0131n hiss\u0259si yenid\u0259n erm\u0259nil\u0259rin \u0259lin\u0259 ke\u00e7ir.<\/p>\n\n\n\n<p>\u0130yunun sonunda erm\u0259nil\u0259r A\u011fd\u0259r\u0259 \u015f\u0259h\u0259rini yenid\u0259n z\u0259bt edir.<\/p>\n\n\n\n<p>\u0130yulun 23-d\u0259 A\u011fdam \u015f\u0259h\u0259ri i\u015f\u011fal edilir.<\/p>\n\n\n\n<p>Avqustun 23-d\u0259 F\u00fczuli v\u0259 C\u0259bray\u0131l rayonlar\u0131 i\u015f\u011fal olunur.<\/p>\n\n\n\n<p>Avqustun sonlar\u0131nda La\u00e7\u0131n\u0131n Qubadl\u0131ya yax\u0131n k\u0259ndl\u0259ri, ay\u0131n 31-d\u0259 Qubadl\u0131 rayonu i\u015f\u011fal edilir.<\/p>\n\n\n\n<p>Oktyabr\u0131n 29-da Z\u0259ngilan rayonu i\u015f\u011fal edilir.<\/p>\n\n\n\n<p>1994-c\u00fc il yanvar\u0131n 5-d\u0259 Az\u0259rbaycan qo\u015funlar\u0131n\u0131n ke\u00e7irdiyi \u0259m\u0259liyyat zaman\u0131 F\u00fczuli rayonunun 22 k\u0259ndi v\u0259 Horadiz q\u0259s\u0259b\u0259si, C\u0259bray\u0131l\u0131n Cocuq M\u0259rcanl\u0131 k\u0259ndi azad edilir.<\/p>\n\n\n\n<p>1994-c\u00fc ilin may\u0131nda Rusiya at\u0259\u015fk\u0259s layih\u0259si t\u0259qdim edir. Layih\u0259 M\u00fcst\u0259qil D\u00f6vl\u0259tl\u0259r Birliyi Parlament Assambleyas\u0131n\u0131n Q\u0131r\u011f\u0131z\u0131stan paytaxt\u0131 Bi\u015fkekd\u0259 ke\u00e7iril\u0259n iclas\u0131nda t\u0259qdim olunur. May\u0131n 5-d\u0259 Bi\u015fkekd\u0259 h\u0259min s\u0259n\u0259di Erm\u0259nistan parlamentinin s\u0259dri, Da\u011fl\u0131q Qaraba\u011f\u0131n erm\u0259ni icmas\u0131n\u0131n n\u00fcmay\u0259nd\u0259si, MDB Parlament Assambleyas\u0131n\u0131n s\u0259dri v\u0259 katibi, Q\u0131r\u011f\u0131z\u0131stan Ali Sovetinin s\u0259dri, Rusiya vasit\u0259\u00e7ilik missiyas\u0131n\u0131n r\u0259hb\u0259ri imzalay\u0131rlar.<\/p>\n\n\n\n<p>Az\u0259rbaycan parlamentinin s\u0259dri v\u0259 Da\u011fl\u0131q Qaraba\u011f\u0131n az\u0259rbaycanl\u0131 icmas\u0131n\u0131n r\u0259hb\u0259ri s\u0259n\u0259d\u0259 may\u0131n 8-i Bak\u0131da qol \u00e7\u0259kirl\u0259r.<\/p>\n\n\n\n<p>Bi\u015fkek protokolu adlanan h\u0259min s\u0259n\u0259d\u0259 \u0259saslanan Az\u0259rbaycan v\u0259 Erm\u0259nistan\u0131n m\u00fcdafi\u0259 nazirl\u0259ri, el\u0259c\u0259 d\u0259 Da\u011fl\u0131q Qaraba\u011fdak\u0131 erm\u0259ni silahl\u0131 birl\u0259\u015fm\u0259l\u0259rinin komandan\u0131 may\u0131n 12-si Moskvada at\u0259\u015fk\u0259s sazi\u015fi ba\u011flay\u0131rlar\u2026<\/p>\n\n\n\n<p>2016-c\u0131 il aprelin 2-d\u0259n 5-d\u0259k Az\u0259rbaycan\u0131n Silahl\u0131 Q\u00fcvv\u0259l\u0259ri \u0259ks-h\u0259ml\u0259 \u0259m\u0259liyyatlar\u0131 zaman\u0131 A\u011fd\u0259r\u0259, F\u00fczuli v\u0259 C\u0259bray\u0131l istiqam\u0259tind\u0259 b\u0259zi m\u0259nt\u0259q\u0259l\u0259ri i\u015f\u011faldan azad edir.<\/p>\n\n\n\n<p>2018-ci ilin may\u0131nda Nax\u00e7\u0131van Muxtar Respublikas\u0131n\u0131n \u015e\u0259rur rayonunun G\u00fcnn\u00fct k\u0259ndi v\u0259 \u0259traf\u0131ndak\u0131 y\u00fcks\u0259klikl\u0259r i\u015f\u011faldan azad olunur\u2026<\/p>\n\n\n\n<p>Haz\u0131rda Da\u011fl\u0131q Qaraba\u011f b\u00f6lg\u0259si (Xank\u0259ndi \u015f\u0259h\u0259ri, \u015eu\u015fa, Xocal\u0131 rayonlar\u0131 tam, Xocav\u0259nd rayonu, ke\u00e7mi\u015f A\u011fd\u0259r\u0259 rayonu qism\u0259n) v\u0259 onun \u0259traf\u0131ndak\u0131 b\u00f6lg\u0259l\u0259r (La\u00e7\u0131n, K\u0259lb\u0259c\u0259r, Qubadl\u0131, Z\u0259ngilan rayonlar\u0131 tam, A\u011fdam, F\u00fczuli, C\u0259bray\u0131l rayonlar\u0131 qism\u0259n), Qazax rayonunun 7, S\u0259d\u0259r\u0259k rayonunun 1 k\u0259ndi i\u015f\u011faldad\u0131r.<\/p>\n\n\n\n<p>\u00d6z\u00fcn\u00fc \u201cDa\u011fl\u0131q Qaraba\u011f Respublikas\u0131\u201d v\u0259 ya \u201cArsax Respublikas\u0131\u201d adland\u0131ran i\u015f\u011fal\u00e7\u0131 rejimd\u0259 1991-ci ild\u0259n b\u0259ri 7 \u201cparlament se\u00e7kisi\u201d, 6 \u201cprezident se\u00e7kisi\u201d, 7 \u201cb\u0259l\u0259diyy\u0259 se\u00e7kil\u0259ri\u201d, 3 \u201creferendum\u201d ke\u00e7irilib.<\/p>\n\n\n\n<p>1992-ci il mart\u0131n 24-d\u0259 AT\u018fT Xarici \u0130\u015fl\u0259r Nazirl\u0259ri \u015euras\u0131n\u0131n Helsinkid\u0259 ke\u00e7iril\u0259n g\u00f6r\u00fc\u015f\u00fcnd\u0259 Da\u011fl\u0131q Qaraba\u011fa dair s\u00fclh konfrans\u0131n\u0131n \u00e7a\u011f\u0131r\u0131lmas\u0131 haqq\u0131nda q\u0259rar q\u0259bul edilib. Minskd\u0259 \u00e7a\u011f\u0131r\u0131lacaq konfrans AB\u015e, Rusiya, T\u00fcrkiy\u0259, Fransa, \u0130taliya, Almaniya, \u00c7ex v\u0259 Slovak Federativ Respublikas\u0131, Belarus, \u0130sve\u00e7, Az\u0259rbaycan v\u0259 Erm\u0259nistan n\u00fcmay\u0259nd\u0259l\u0259rinin i\u015ftirak\u0131 il\u0259 ke\u00e7irilm\u0259li idi.<\/p>\n\n\n\n<p>1992-ci il may\u0131n 1-d\u0259 konfrans\u0131n realla\u015fmas\u0131 \u00fc\u00e7\u00fcn Minsk qrupu yarad\u0131l\u0131b. Haz\u0131rda 11 \u00fczvd\u0259n ibar\u0259t (Rusiya, Fransa, AB\u015e, Belarus, Almaniya, \u0130taliya, \u0130sve\u00e7, Finlandiya, T\u00fcrkiy\u0259, Erm\u0259nistan, Az\u0259rbaycan) Minsk qrupunun ilk s\u0259dri italyan Mario Rafael\u00adli olub (1992-1994).<\/p>\n\n\n\n<p>1994-c\u00fc ild\u0259 h\u0259ms\u0259drlik institutu yarad\u0131l\u0131b. Haz\u0131rda AB\u015e-dan Endr\u00fc Skofer, Fransadan Stefan Viskonti, Rusiyadan \u0130qor Popov h\u0259ms\u0259drlik edirl\u0259r.<\/p>\n\n\n\n<p>\u0130ndiy\u0259d\u0259k h\u0259ms\u0259dr postunda bu diplomatlar \u00e7al\u0131\u015f\u0131b:<\/p>\n\n\n\n<p>\u0130sve\u00e7 \u2013 Yan Eliasson;<\/p>\n\n\n\n<p>Finlandiya \u2013 Rine Niberq;<\/p>\n\n\n\n<p>Rusiya \u2013 Vladimir Kazimirov, Valentin Lozinski, Yuri Yukalov, \u0130qor Studennikov, Nikolay Qribkov, Yuri Merzlyakov;<\/p>\n\n\n\n<p>Fransa \u2013 Jak Blo, Jorj Vojye, Jan Jak Qayard, Filip de S\u00fcrmen, Anri Jakole, Bernar Fasye, Jak For, Pyer Andriyo;<\/p>\n\n\n\n<p>AB\u015e \u2013 Stroub Telbott, Cozef Pressel, Linn Pasko, Donald Kayzer, Kerri Kavano, Rudolf Perina, Stiven M\u0259nn, Metyu Brayza, Robert Bradtke, Ceyms Uorlik, Ri\u00e7ard Hoqland.<\/p>\n\n\n\n<p>Minsk qrupu h\u0259ms\u0259drl\u0259rinin (AB\u015e, Fransa, Rusiya) indiy\u0259d\u0259k t\u0259r\u0259fl\u0259r\u0259 t\u0259qdim etdiyi, amma realla\u015fmam\u0131\u015f s\u00fclh sazi\u015fi variantlar\u0131ndan \u00fc\u00e7\u00fc ictimaiyy\u0259t\u0259 b\u0259llidir: \u201dPaket h\u0259ll\u201d, \u201dM\u0259rh\u0259l\u0259li h\u0259ll\u201d variantlar\u0131 v\u0259 \u201d\u00dcmumi d\u00f6vl\u0259t\u201d variant\u0131.<\/p>\n\n\n\n<p>Bu variantlar\u0131n ikisind\u0259 Da\u011fl\u0131q Qaraba\u011f\u0131n statusu m\u0259s\u0259l\u0259si d\u0259 yer al\u0131b. 1997-ci ilin iyulunda t\u0259klif olunmu\u015f \u201dPaket h\u0259ll\u201d variant\u0131nda Da\u011fl\u0131q Qaraba\u011f Az\u0259rbaycan\u0131n t\u0259rkibind\u0259 d\u00f6vl\u0259t v\u0259 \u0259razi qurumu kimi g\u00f6st\u0259rilib. 1998-ci ilin noyabr\u0131nda t\u0259klif olunmu\u015f \u201c\u00dcmumi d\u00f6vl\u0259t\u201d variant\u0131nda is\u0259 Da\u011fl\u0131q Qaraba\u011f Az\u0259rbaycan\u0131n beyn\u0259lxalq s\u0259viyy\u0259d\u0259 tan\u0131nan s\u0259rh\u0259dl\u0259ri daxilind\u0259 respublika formas\u0131nda t\u0259qdim olunub.<\/p>\n\n\n\n<p>Haz\u0131rda Qaraba\u011f dan\u0131\u015f\u0131qlar\u0131 Madrid prinsipl\u0259ri adl\u0131 t\u0259klifl\u0259r \u0259sas\u0131nda apar\u0131l\u0131r. 2007-ci il noyabr\u0131n 29-da Rusiya, Fransa, AB\u015e-\u0131n Madridd\u0259 Az\u0259rbaycan v\u0259 Erm\u0259nistan xarici i\u015fl\u0259r nazirl\u0259rin\u0259 t\u0259qdim etdiyi t\u0259klifl\u0259r\u00a0Da\u011fl\u0131q Qaraba\u011f \u0259traf\u0131nda olan rayonlar\u0131n m\u0259rh\u0259l\u0259l\u0259rl\u0259 Az\u0259rbaycan\u0131n n\u0259zar\u0259tin\u0259 qaytar\u0131lmas\u0131n\u0131; Da\u011fl\u0131q Qaraba\u011fa aral\u0131q statusun verilm\u0259sini; Erm\u0259nistanla Da\u011fl\u0131q Qaraba\u011f\u0131 birl\u0259\u015fdir\u0259n d\u0259hlizin yarad\u0131lmas\u0131n\u0131; g\u0259l\u0259c\u0259kd\u0259 Da\u011fl\u0131q Qaraba\u011f\u0131n yekun statusunun referendumla m\u00fc\u0259yy\u0259nl\u0259\u015fm\u0259sini; b\u00fct\u00fcn m\u0259cburi k\u00f6\u00e7k\u00fcnl\u0259rin v\u0259 qa\u00e7q\u0131nlar\u0131n \u00f6z \u0259vv\u0259lki ya\u015fay\u0131\u015f yerl\u0259rin\u0259 qay\u0131tmaq h\u00fcququnu v\u0259 s\u00fclhm\u0259raml\u0131 \u0259m\u0259liyyatlar da daxil olmaqla beyn\u0259lxalq t\u0259hl\u00fck\u0259sizlik t\u0259minat\u0131n\u0131 n\u0259z\u0259rd\u0259 tutur.(Novator.az)<\/p>\n","protected":false},"excerpt":{"rendered":"<p>Qaraba\u011f\u0131n Az\u0259rbaycandan qopar\u0131lmas\u0131 yolunu a\u00e7an q\u0259rar\u0131n q\u0259bulundan 97 il \u00f6t\u00fcr. Novator.az bildirir ki, 1923-c\u00fc ilin bu g\u00fcn\u00fc \u2013 iyulun 7-d\u0259 Az\u0259rbaycan Sovetl\u0259ri M\u0259rk\u0259zi \u0130craiyy\u0259<\/p>\n","protected":false},"author":2,"featured_media":0,"comment_status":"closed","ping_status":"closed","sticky":false,"template":"","format":"standard","meta":{"footnotes":""},"categories":[4],"tags":[],"class_list":["post-9760","post","type-post","status-publish","format-standard","hentry","category-qarabag"],"aioseo_notices":[],"_links":{"self":[{"href":"https:\/\/fedai.az\/index.php?rest_route=\/wp\/v2\/posts\/9760","targetHints":{"allow":["GET"]}}],"collection":[{"href":"https:\/\/fedai.az\/index.php?rest_route=\/wp\/v2\/posts"}],"about":[{"href":"https:\/\/fedai.az\/index.php?rest_route=\/wp\/v2\/types\/post"}],"author":[{"embeddable":true,"href":"https:\/\/fedai.az\/index.php?rest_route=\/wp\/v2\/users\/2"}],"replies":[{"embeddable":true,"href":"https:\/\/fedai.az\/index.php?rest_route=%2Fwp%2Fv2%2Fcomments&post=9760"}],"version-history":[{"count":1,"href":"https:\/\/fedai.az\/index.php?rest_route=\/wp\/v2\/posts\/9760\/revisions"}],"predecessor-version":[{"id":9762,"href":"https:\/\/fedai.az\/index.php?rest_route=\/wp\/v2\/posts\/9760\/revisions\/9762"}],"wp:attachment":[{"href":"https:\/\/fedai.az\/index.php?rest_route=%2Fwp%2Fv2%2Fmedia&parent=9760"}],"wp:term":[{"taxonomy":"category","embeddable":true,"href":"https:\/\/fedai.az\/index.php?rest_route=%2Fwp%2Fv2%2Fcategories&post=9760"},{"taxonomy":"post_tag","embeddable":true,"href":"https:\/\/fedai.az\/index.php?rest_route=%2Fwp%2Fv2%2Ftags&post=9760"}],"curies":[{"name":"wp","href":"https:\/\/api.w.org\/{rel}","templated":true}]}}