{"id":9763,"date":"2020-07-13T02:16:49","date_gmt":"2020-07-12T22:16:49","guid":{"rendered":"http:\/\/fedai.az\/?p=9763"},"modified":"2020-07-13T02:16:54","modified_gmt":"2020-07-12T22:16:54","slug":"rza-sah-p%c9%99hl%c9%99vi-%c9%99sl%c9%99n-ir%c9%99vanlidir","status":"publish","type":"post","link":"https:\/\/fedai.az\/?p=9763","title":{"rendered":"Rza \u015fah P\u0259hl\u0259vi \u0259sl\u0259n \u0130r\u0259vanl\u0131d\u0131r"},"content":{"rendered":"\n<p><strong>Rza \u015fah P\u0259hl\u0259vinin \u0259sli-n\u0259sli, soy-sopu haqq\u0131nda m\u00fcxt\u0259lif m\u00fclahiz\u0259l\u0259r m\u00f6vcuddur. M\u00fcxt\u0259lif t\u0259dqiqat\u00e7\u0131lar, genealoqlar h\u0259m anas\u0131n\u0131n, h\u0259m atas\u0131n\u0131n n\u0259sil-n\u0259s\u0259bini \u00f6yr\u0259nm\u0259y\u0259 \u00e7al\u0131\u015fsalar da, sonunda ya dalana dayan\u0131blar, ya da \u00e7\u0131xmaza d\u00fc\u015f\u00fcbl\u0259r. Biz d\u0259 genealogiya il\u0259 m\u0259\u015f\u011ful oldu\u011fumuzdan, natamaml\u0131qlar\u0131 aradan qald\u0131rmaq fikrin\u0259 d\u00fc\u015fd\u00fck. \u018fvv\u0259lc\u0259 n\u0259tic\u0259l\u0259ri n\u0259z\u0259rd\u0259n ke\u00e7ir\u0259k.<\/strong><\/p>\n\n\n\n<p>\u018fks\u0259r \u0130ran tarix\u00e7i v\u0259 t\u0259dqiqat\u00e7\u0131lar\u0131 Rza xan\u0131n anas\u0131n\u0131n g\u00fcrc\u00fc \u0259silli oldu\u011funu yaz\u0131rlar. Bu onlar\u0131n \u015fovinist bax\u0131\u015flar\u0131ndan ir\u0259li g\u0259lir. D\u0259qiq faktlar onlara s\u0259rf el\u0259mir. Rza \u015fah\u0131n soy-k\u00f6k\u00fcnd\u0259 kim dayan\u0131rsa, dayans\u0131n. T\u0259k t\u00fcrkd\u0259n ba\u015fqa. \u018fsas n\u0259d\u0259ni odur ki, \u0130ran tarixind\u0259 t\u00fcrkd\u0259n ba\u015fqa h\u00f6km\u00fcdar tapa bilmirl\u0259r.<\/p>\n\n\n\n<figure class=\"wp-block-image size-large\"><img loading=\"lazy\" decoding=\"async\" width=\"575\" height=\"988\" src=\"http:\/\/fedai.az\/wp-content\/uploads\/2020\/07\/rza_xan_siph-1.jpeg\" alt=\"\" class=\"wp-image-9766\" srcset=\"https:\/\/fedai.az\/wp-content\/uploads\/2020\/07\/rza_xan_siph-1.jpeg 575w, https:\/\/fedai.az\/wp-content\/uploads\/2020\/07\/rza_xan_siph-1-175x300.jpeg 175w, https:\/\/fedai.az\/wp-content\/uploads\/2020\/07\/rza_xan_siph-1-87x150.jpeg 87w\" sizes=\"auto, (max-width: 575px) 100vw, 575px\" \/><\/figure>\n\n\n\n<p>T\u00fcrkiy\u0259li t\u0259dqiqat\u00e7\u0131 doktor R\u0259c\u0259b Albayrak is\u0259 Rza xan\u0131n anas\u0131n\u0131n \u00e7\u0259rk\u0259z oldu\u011funu ehtimal edir. O, yaz\u0131r: \u201cAnas\u0131 Nu\u015faf\u0259rin xan\u0131m Quzey Qafqazl\u0131d\u0131r. Ehtimal\u0259n d\u0259 \u00c7\u0259rk\u0259sdir. \u00c7\u00fcnki Savadkuh b\u00f6lg\u0259sind\u0259 ki\u00e7ik bir Quzey Qafqaz koloniyas\u0131 bug\u00fcn d\u0259xi m\u00f6vcuddur. Rza xan Savadkuhinin (daha sonra P\u0259hl\u0259vi) ail\u0259 k\u00f6k\u0259ninin Quzey Qafqazl\u0131 \u00c7\u0259rk\u0259s oldu\u011fu s\u00f6yl\u0259ntisinin \u0259sli budur. Atas\u0131 deyil, anas\u0131 Nu\u015faf\u0259rin xan\u0131m Quzey Qafqazl\u0131d\u0131r\u201d. (Recep Albayrak, T\u00fcrklerin \u0130ran\u0131, Ankara, Berikan Yayinevi,&nbsp; 2013, s.416) R\u0259hm\u0259tlik R\u0259c\u0259b Albayraq is\u0259 \u0130ranl\u0131 t\u0259dqiqat\u00e7\u0131lar\u0131n \u201cg\u00fcrc\u00fc\u201d hipotezinin \u00e7oxsayl\u0131 olnmas\u0131ndan sarpm\u0131\u015fd\u0131r. M\u0259n is\u0259 dabbaqxanaya \u00e7ox ba\u015f vurdu\u011fumdan, onlar\u0131n g\u00f6nl\u0259rin\u0259 b\u0259l\u0259d\u0259m. H\u0259min d\u00f6vr\u0259 aid onlarla arxiv s\u0259n\u0259di, memuar v\u0259 dig\u0259r materiallar olsa da, \u201ckor tutdu\u011funu buraxm\u0131r\u201d misal\u0131ndak\u0131 kimi korran\u0131blar. Kor-koran\u0259 at\u0131lm\u0131\u015f t\u0259xmini f\u0259rziyy\u0259l\u0259rin he\u00e7 bir elmi n\u0259tic\u0259si olmayacaq. Dem\u0259li do\u011fru, d\u00fcr\u00fcst n\u0259tic\u0259ni t\u0259sdiq ed\u0259k. Anas\u0131 Nu\u015faf\u0259rin xan\u0131m\u0131n kimliyi.<\/p>\n\n\n\n<p>Nu\u015faf\u0259rin xan\u0131m \u0259sl\u0259n Ayr\u0131m elind\u0259ndir. Ayr\u0131m eli &nbsp;Q\u0259rbi Az\u0259rbaycan\u0131n T\u00fcrk tayfas\u0131d\u0131r. Qacarlar d\u00f6vl\u0259tinin \u0130r\u0259van v\u0259 Nax\u00e7\u0131van vilay\u0259tl\u0259rini itirdiyi 1828-ci il T\u00fcrkm\u0259n\u00e7ay m\u00fcqavil\u0259sind\u0259n sonra, T\u00fcrk tayfalar\u0131n\u0131n d\u00f6y\u00fc\u015f bacar\u0131\u011f\u0131n\u0131 d\u0259y\u0259rl\u0259ndir\u0259n v\u0259li\u0259hd Abbas mirz\u0259, g\u00fcz\u0259\u015ft\u0259 gedilmi\u015f torpaqlar\u0131n sakini olan bir s\u0131ra T\u00fcrk tayfalar\u0131n\u0131, onlara m\u00fckafat kimi m\u00fcnbit torpaqlar v\u0259 bol otlaqlar t\u0259klif ed\u0259r\u0259k, Araz \u00e7ay\u0131n\u0131n g\u00fcneyind\u0259 yurd salma\u011fa h\u0259v\u0259sl\u0259ndirdi. Onlardan biri d\u0259, G\u00fcmr\u00fc yax\u0131nl\u0131\u011f\u0131ndak\u0131 irsi m\u00fclkl\u0259rind\u0259n, Avac\u0131\u011fa, Makunun q\u0259rbind\u0259ki mahala k\u00f6\u00e7m\u00fc\u015f Ayr\u0131m eli idi. Ayr\u0131m eli b\u0259zi farsdilli \u0259d\u0259biyyatda Ayrumlu adlan\u0131r.<\/p>\n\n\n\n<p>Ayr\u0131m eli \u0259n az\u0131 iki XIX y\u00fczil s\u0259yyah\u0131 t\u0259r\u0259find\u0259n t\u0259svir edilmi\u015fdir. Freyzer (A Winter\u2019s Journey from Constantinople to Tehran, London, 1838. S\u0259h. 327-328) v\u0259 J. A. de Qobino (Trois ans en Asie de 1855 \u00e0 1858, Paris, 1922. S\u0259h. 266-269) qeyd edirl\u0259r ki, onlar\u0131n ba\u015fl\u0131ca k\u0259ndi Kils\u0259k\u0259ndidir. Ayr\u0131mlar\u0131n ya\u015fad\u0131qlar\u0131 dig\u0259r k\u0259ndl\u0259r Qarabulaq, Pir \u018fhm\u0259d k\u0259ndi, Siyah\u00e7e\u015fm\u0259, S\u0259ngit\u0259p\u0259, \u018fr\u0259b Diz\u0259\u00e7i, Camalk\u0259ndi v\u0259 B\u0259yk\u0259ndidir. Onlar indi tamamil\u0259 oturaqd\u0131rlar.<\/p>\n\n\n\n<p>N\u0259srulla b\u0259y Ayr\u0131m indiki Alaverdi b\u00f6lg\u0259sind\u0259n k\u00f6\u00e7k\u00fcn d\u00fc\u015f\u00fcb Maku xanl\u0131\u011f\u0131n\u0131n Avac\u0131q k\u0259ndind\u0259 butalanm\u0131\u015fd\u0131.<\/p>\n\n\n\n<p>N\u0259srulla b\u0259yin \u018fli b\u0259y, \u018fb\u00fclqasim b\u0259y adl\u0131 o\u011flanlar\u0131, Nu\u015faf\u0259rin adl\u0131 q\u0131z\u0131 vard\u0131. Onlar Makuda dolan\u0131\u015f\u0131n \u00e7\u0259tin oldu\u011funu g\u00f6r\u00fcb Tehrana da\u015f\u0131nm\u0131\u015fd\u0131lar. B\u00f6y\u00fck o\u011flu h\u0259kim, ki\u00e7ik o\u011flu d\u0259rzi kimi \u00e7al\u0131\u015fm\u0131\u015fd\u0131.<\/p>\n\n\n\n<figure class=\"wp-block-image size-large is-resized\"><img loading=\"lazy\" decoding=\"async\" src=\"http:\/\/fedai.az\/wp-content\/uploads\/2020\/07\/220px-\u0645\u0635\u0637\u0641\u06cc_\u06a9\u0645\u0627\u0644_\u0622\u062a\u0627\u062a\u0631\u06a9_\u0648_\u0631\u0636\u0627\u0634\u0627\u0647_Mustafa_Kemal_Atat\u00fcrk_and_Reza_Shah.jpg\" alt=\"\" class=\"wp-image-9764\" width=\"576\" height=\"784\"\/><\/figure>\n\n\n\n<p>Mirz\u0259 \u018fli b\u0259y \u0259vv\u0259lc\u0259 Naib\u0259ss\u0259lt\u0259n\u0259 Kamran mirz\u0259 Qovanl\u0131-Qacar\u0131n \u015f\u0259xsi h\u0259kimi olmu\u015fdu. Qacarlar d\u00f6vl\u0259tinind\u0259 h\u0259rbi v\u0259 ba\u015f nazir kimi y\u00fcks\u0259k v\u0259zif\u0259l\u0259r tutan Kamran mirz\u0259 \u018fli b\u0259y\u0259 atas\u0131ndan xanl\u0131q f\u0259rman\u0131 alm\u0131\u015fd\u0131.<\/p>\n\n\n\n<p>Abbas\u0259li xan (b\u0259zi qaynaqlara g\u00f6r\u0259 Dada\u015f b\u0259y) (1815-1878) Savadkuhda yav\u0259r (mayor) r\u00fctb\u0259sind\u0259 xidm\u0259t edirdi. &nbsp;O, Tehranda h\u0259kim i\u015fl\u0259y\u0259n Mirz\u0259 \u018fli xan Ayr\u0131m\u0131n yan\u0131na g\u0259lib gedirdi. Bir m\u00fcdd\u0259t onun x\u0259st\u0259si olmu\u015fdu. Mirz\u0259 \u018fli xan\u0131n bac\u0131s\u0131 Nu\u015faf\u0259rin xan\u0131m Abbas\u0259li xan\u0131 (Dada\u015f b\u0259yi) burda g\u00f6r\u00fcb k\u00f6n\u00fcl vermi\u015fdi. Nu\u015faf\u0259rin xan\u0131m Savadkuha, Ala\u015fta ged\u0259nd\u0259n sonra, h\u0259m g\u00fcn\u00fc, h\u0259m qaynana t\u0259n\u0259-t\u0259hnizind\u0259n \u00e7\u0259rl\u0259di. D\u00fcrl\u00fc x\u0259st\u0259likl\u0259r\u0259 yaxaland\u0131. Rza xan d\u00fcnyaya g\u0259ldikd\u0259n sonra, az ke\u00e7m\u0259mi\u015f \u0259rini itirdi. O\u011flunu da g\u00f6t\u00fcr\u00fcb Tehrana yolland\u0131. S\u0259ngil\u0259c m\u0259h\u0259ll\u0259sind\u0259, Hac\u0131 \u0130smay\u0131l xan S\u0259rdari Vaqenin evind\u0259 m\u0259nzil kir\u0259l\u0259di. Qarda\u015flar\u0131 \u018fli xan\u0131n v\u0259 &nbsp;\u018fb\u00fclqasim b\u0259yin yard\u0131m\u0131 il\u0259 ke\u00e7indi. Onlardan sonra da qarda\u015f\u0131 o\u011flu N\u0259srulla xan\u0131n k\u00f6m\u0259yi il\u0259 g\u00fcz\u0259ran s\u00fcrd\u00fc.<\/p>\n\n\n\n<p>Rza xan 1878-ci il mart\u0131n 15-d\u0259 Mazandaran \u0259yal\u0259tinin Savadkuh \u015f\u0259h\u0259rin\u0259 ba\u011fl\u0131 Ala\u015ft k\u0259ndind\u0259 anadan olmu\u015fdu. \u0130ran t\u0259dqiqat\u00e7\u0131lar\u0131n\u0131n h\u0259l\u0259 d\u0259 d\u0259qiql\u0259\u015fdirm\u0259dikl\u0259ri Abbas\u0259li xan (Dada\u015f b\u0259y) Rza xan 6 ayl\u0131q olmam\u0131\u015f v\u0259fat etmi\u015fdi. &nbsp;(Cyrus Ghani, Sirus Ghani. Iran and the Rise of the Reza Shah: From Qajar Collapse to Pahlavi. \u2014 p. 162.) Nu\u015faf\u0259rin xan\u0131m Tehranda \u0259r\u0259 getmi\u015fdi. Rza xan day\u0131s\u0131 \u018fb\u00fclqas\u0131m b\u0259yin evind\u0259 ya\u015fam\u0131\u015fd\u0131. Doktor Rza Niyazm\u0259nd \u201cRza \u015fah \u0259z t\u0259v\u0259ll\u00fcd ta s\u0259lt\u0259n\u0259t\u201d&nbsp; (Rza \u015fah do\u011fulu\u015fdan \u015fahl\u0131\u011fad\u0259k) adl\u0131 kitab\u0131nda yaz\u0131r ki, Rza xan h\u0259mi\u015f\u0259 ona \u201cDay\u0131can\u201d dey\u0259 m\u00fcraci\u0259t ed\u0259rdi. (Rza Niyazm\u0259nd,&nbsp; Rza \u015fah \u0259z t\u0259v\u0259ll\u00fcd ta s\u0259lt\u0259n\u0259t, Tehran, 1387, s.54)<\/p>\n\n\n\n<p>\u018fb\u00fclqas\u0131m b\u0259y d\u0259rziliyi burax\u0131b \u0130ran Kazak briqadas\u0131na yaz\u0131lm\u0131\u015fd\u0131.<\/p>\n\n\n\n<p>1895-ci ild\u0259 \u018fb\u00fclqas\u0131m b\u0259y 3-c\u00fc f\u00f6vc\u00fcn v\u0259kil rast\u0131 (ki\u00e7ik prapor\u015fik) idi. (\u0418\u0437 \u0442\u0435\u0433\u0435\u0440\u0430\u043d\u0441\u043a\u043e\u0433\u043e \u0434\u043d\u0435\u0432\u043d\u0438\u043a\u0430 \u043f\u043e\u043b\u043a\u043e\u0432\u043d\u0438\u043a\u0430 \u0412. \u0410. \u041a\u043e\u0441\u043e\u0433\u043e\u0432\u0441\u043a\u043e\u0433\u043e. \u0418\u0437\u0434\u0430\u0442\u0435\u043b\u044c\u0441\u0442\u0432\u043e \u0432\u043e\u0441\u0442\u043e\u0447\u043d\u043e\u0439 \u043b\u0438\u0442\u0435\u0440\u0430\u0442\u0443\u0440\u044b. \u041c. 1960)<\/p>\n\n\n\n<p>\u018fb\u00fclqas\u0131\u0131m b\u0259y Ayr\u0131m sonra naibi moin (ki\u00e7ik leytenant) r\u00fctb\u0259si da\u015f\u0131m\u0131\u015fd\u0131. \u0130ran Kazak briqadas\u0131nda xidm\u0259t ed\u0259rk\u0259n bac\u0131s\u0131 Nu\u015faf\u0259rin xan\u0131m\u0131n o\u011flu Rza xan\u0131 \u00f6z \u00f6vlad\u0131 kimi b\u00f6y\u00fctm\u00fc\u015fd\u00fc. Bu n\u0259cib insan he\u00e7 vaxt Rza xana atas\u0131zl\u0131\u011f\u0131n\u0131 hiss etdirm\u0259mi\u015fdi. Tarix\u00e7il\u0259r onun kas\u0131b oldu\u011funu qeyd edirl\u0259r. Tehran\u0131n S\u0259ngil\u0259c m\u0259h\u0259ll\u0259sind\u0259 kas\u0131byana bir evi oldu\u011funu yaz\u0131rlar. Kas\u0131b oldu\u011funa baxmayaraq, b\u00fct\u00fcn qohum-\u0259qrabas\u0131na h\u0259v\u0259sl\u0259 yard\u0131m edirdi. Bac\u0131s\u0131 Nabat xan\u0131ma v\u0259 ail\u0259sin\u0259, \u0259misi q\u0131z\u0131 Nunu\u015f xan\u0131ma v\u0259 dig\u0259rl\u0259rinin dolan\u0131\u015f\u0131\u011f\u0131na bax\u0131rd\u0131.<\/p>\n\n\n\n<p>\u018fb\u00fclqas\u0131m b\u0259y Kazak briqadas\u0131nda r\u00fctb\u0259c\u0259 t\u0259r\u0259qqi edib, s\u0259rh\u0259ng (polkovnik) olmu\u015fdu. B\u00fct\u00fcn orduda \u201cS\u0259rh\u0259ng &nbsp;\u018fb\u00fclqas\u0131m b\u0259y \u0130r\u0259vanl\u0131\u201d kimi tan\u0131nma\u011fa ba\u015flam\u0131\u015fd\u0131. (Rza Niyazm\u0259nd,&nbsp; Rza \u015fah \u0259z t\u0259v\u0259ll\u00fcd ta s\u0259lt\u0259n\u0259t, Tehran, 1387, s.55)<\/p>\n\n\n\n<p>\u018fb\u00fclqas\u0131\u0131m b\u0259y Ayr\u0131m 12 ya\u015fl\u0131 bac\u0131s\u0131 o\u011flu Rza xan\u0131 \u0130ran Kazak briqadas\u0131n\u0131n m\u0259kt\u0259bin\u0259 g\u0259tirir. M\u0259kt\u0259b\u0259 u\u015faqlar 14 ya\u015f\u0131ndan g\u00f6t\u00fcr\u00fcld\u00fcy\u00fcnd\u0259n onu q\u0259bul etmirl\u0259r. \u0130ri g\u00f6vd\u0259li, canl\u0131-ba\u015fl\u0131 oldu\u011fundan kazarmada i\u015f\u0259 g\u00f6t\u00fcr\u00fcrl\u0259r. Kazaklar\u0131n \u00e7\u0259km\u0259l\u0259rini t\u0259mizl\u0259yir, paltarlar\u0131n\u0131 yuyurdu. Bo\u015f vaxtalar\u0131nda onlarla m\u0259\u015fq edirdi. Ax\u0131r ki, day\u0131s\u0131 onu piyada kazak d\u0259st\u0259sin\u0259 q\u0259bul etdirir.<\/p>\n\n\n\n<p>\u018fb\u00fclqas\u0131\u0131m b\u0259y Ayr\u0131m dostu mirp\u0259nc Kaz\u0131m a\u011faya yax\u0131nla\u015f\u0131r ki, g\u0259l, bu u\u015fa\u011f\u0131 g\u00f6t\u00fcr, \u00f6z d\u0259st\u0259n\u0259. M\u0259nim bu d\u00fcnyada ondan ba\u015fqa bir kims\u0259n\u0259m yoxdur. H\u0259m qarn\u0131 doyar, h\u0259m \u0259yni sevin\u0259r. S\u0259n\u0259 d\u0259 savaba \u00e7atar. General Kaz\u0131m a\u011fa d\u00fcnyan\u0131n yax\u015f\u0131 v\u0259 r\u0259hmdil adamlar\u0131ndan biri idi. Dostunun s\u00f6z\u00fc il\u0259 Rza xan\u0131 \u00f6z himay\u0259sin\u0259 g\u00f6t\u00fcrd\u00fc. (Rza Niyazm\u0259nd,&nbsp; Rza \u015fah \u0259z t\u0259v\u0259ll\u00fcd ta s\u0259lt\u0259n\u0259t, Tehran, 1387, s.69)&nbsp;<\/p>\n\n\n\n<p>\u018fb\u00fclqas\u0131\u0131m b\u0259y Ayr\u0131m Rza \u015fah\u0131n s\u0259lt\u0259n\u0259tinin orta ill\u0259rind\u0259 v\u0259fat edib. (M\u0259h\u0259mm\u0259dta\u011f\u0131 M\u0259lik\u0259\u015f\u015f\u00fcara Bahar, \u018fhzabi siyasiyi \u0130ran)<\/p>\n\n\n\n<p>Rza xan \u00f6mr\u00fc boyu t\u00fcrk dilind\u0259, Ayr\u0131m l\u0259hc\u0259si il\u0259 dan\u0131\u015f\u0131rd\u0131. T\u0259dqiqat\u00e7\u0131 Stven Vard Rza xan\u0131n t\u00fcrkdilli ail\u0259d\u0259 do\u011fuldu\u011funu qeyd edir. (Stewen R. Ward. Immortal: A Military History of Iran and Its Armed Forces)<\/p>\n\n\n\n<p>&nbsp;&nbsp;&nbsp;&nbsp;&nbsp;&nbsp;&nbsp;&nbsp; Bir \u00e7ox t\u0259dqiqat\u00e7\u0131lar Rza xan\u0131n atas\u0131n\u0131n da Qafqazdan g\u0259ldiyini yaz\u0131rlar. Onlar \u015eah ordusunda xidm\u0259t etmi\u015fdil\u0259r. (Ervand Abrahamian. The iron fist of Reza Shah \/\/ A History of Modern Iran.)<\/p>\n\n\n\n<p>&nbsp;&nbsp;&nbsp;&nbsp;&nbsp;&nbsp;&nbsp;&nbsp; Rza xan atas\u0131n\u0131 g\u00f6rm\u0259mi\u015fdi. Tan\u0131m\u0131rd\u0131 v\u0259 sevmirdi. M\u0259sud Behnud \u201c\u0130n se z\u0259n\u201d (Bu \u00fc\u00e7 qad\u0131n) kitab\u0131nda yaz\u0131r ki, \u015fahl\u0131\u011fa yeti\u015f\u0259nd\u0259n sonra Rza xan \u0259traf\u0131 il\u0259 \u015eah \u018fbd\u00fcl\u0259zim q\u0259brstanl\u0131\u011f\u0131n\u0131 g\u0259zm\u0259y\u0259 \u00e7\u0131xm\u0131\u015fd\u0131. Yax\u0131nlar\u0131ndan biri ona yar\u0131nmaq \u00fc\u00e7\u00fcn \u00fcst\u00fc t\u0259z\u0259 g\u00f6t\u00fcr\u00fclm\u00fc\u015f q\u0259bri \u015faha g\u00f6st\u0259rir:<\/p>\n\n\n\n<p>&nbsp;&nbsp;&nbsp;&nbsp;&nbsp;&nbsp;&nbsp;&nbsp; &#8212;<strong>Qurban, bir bura baxarsanm\u0131?<\/strong><\/p>\n\n\n\n<p><strong>&nbsp;&nbsp;&nbsp;&nbsp;&nbsp;&nbsp;&nbsp;&nbsp; -N\u0259 olub, bu kimdir?!<\/strong><\/p>\n\n\n\n<p><strong>&nbsp;&nbsp;&nbsp;&nbsp;&nbsp;&nbsp;&nbsp;&nbsp; -Atand\u0131r, \u0259lah\u0259zr\u0259t!<\/strong><\/p>\n\n\n\n<p><strong>&nbsp;&nbsp;&nbsp;&nbsp;&nbsp;&nbsp;&nbsp;&nbsp; -Ay onun goruna!..<\/strong><\/p>\n\n\n\n<p>&nbsp;&nbsp;&nbsp;&nbsp;&nbsp;&nbsp;&nbsp;&nbsp; V\u0259 bu q\u0259br yaddan \u00e7\u0131xm\u0131\u015fd\u0131..<\/p>\n\n\n\n<p>&nbsp;&nbsp;&nbsp;&nbsp;&nbsp;&nbsp;&nbsp;&nbsp; Bir \u00e7ox sosioloqlar \u015f\u0259xsiyy\u0259tin formala\u015fmas\u0131nda irsiyy\u0259tin rolunu inkar edirl\u0259r. \u0130nsan xarakterinin formala\u015fmas\u0131nda m\u00fchitin rolu b\u00f6y\u00fckd\u00fcr. Rza xan t\u0259miz t\u00fcrk m\u00fchitind\u0259 bi\u00e7iml\u0259nmi\u015fdi.<\/p>\n\n\n\n<p>B\u0259llidir ki, s\u043esi\u0430l m\u00fchit \u0259lveri\u015fli qurulduqd\u0430, t\u0259nzim edildikd\u0259 \u015f\u0259xsiyy\u0259tin t\u0259bii imk\u0430nl\u0430r\u0131n\u0131n \u0430\u00e7\u0131lm\u0430s\u0131n\u0430, inki\u015f\u0430f etm\u0259sin\u0259 \u015f\u0259r\u0430it y\u0430r\u0430n\u0131r. Bunu qiym\u0259tl\u0259ndirm\u0259dikd\u0259 ne\u00e7\u0259-ne\u00e7\u0259 q\u0430biliyy\u0259ti \u043el\u0430n ins\u0430n \u0430di \u00f6m\u00fcr y\u0430\u015f\u0430y\u0131r, \u043enl\u0430rd\u0430 \u043el\u0430n isted\u0430d, q\u0430biliyy\u0259t inki\u015f\u0430f \u00fc\u00e7\u00fcn \u00f6z\u00fcn\u0259 imk\u0430n, s\u043esi\u0430l \u015f\u0259r\u0430it t\u0430pm\u0430d\u0131\u011f\u0131nd\u0430n q\u0430p\u0430l\u0131 q\u0430l\u0131r. \u018fks halda parlay\u0131r&#8230;<\/p>\n\n\n\n<figure class=\"wp-block-image\"><img decoding=\"async\" src=\"http:\/\/xudaferin.eu\/sites\/tac\/files\/styles\/autors\/public\/pictures\/picture-1092-1586031127.jpg?itok=5KAwm-_F\" alt=\"\u018fnv\u0259r \u00c7ingizo\u011flu's picture\"\/><\/figure>\n\n\n\n<p><strong>\u018fnv\u0259r \u00c7ingizo\u011flu, jurnalist-etnoqraf<\/strong><\/p>\n","protected":false},"excerpt":{"rendered":"<p>Rza \u015fah P\u0259hl\u0259vinin \u0259sli-n\u0259sli, soy-sopu haqq\u0131nda m\u00fcxt\u0259lif m\u00fclahiz\u0259l\u0259r m\u00f6vcuddur. M\u00fcxt\u0259lif t\u0259dqiqat\u00e7\u0131lar, genealoqlar h\u0259m anas\u0131n\u0131n, h\u0259m atas\u0131n\u0131n n\u0259sil-n\u0259s\u0259bini \u00f6yr\u0259nm\u0259y\u0259 \u00e7al\u0131\u015fsalar da, sonunda ya dalana dayan\u0131blar,<\/p>\n","protected":false},"author":2,"featured_media":9767,"comment_status":"closed","ping_status":"closed","sticky":false,"template":"","format":"standard","meta":{"footnotes":""},"categories":[6],"tags":[],"class_list":["post-9763","post","type-post","status-publish","format-standard","has-post-thumbnail","hentry","category-arasdirma"],"aioseo_notices":[],"_links":{"self":[{"href":"https:\/\/fedai.az\/index.php?rest_route=\/wp\/v2\/posts\/9763","targetHints":{"allow":["GET"]}}],"collection":[{"href":"https:\/\/fedai.az\/index.php?rest_route=\/wp\/v2\/posts"}],"about":[{"href":"https:\/\/fedai.az\/index.php?rest_route=\/wp\/v2\/types\/post"}],"author":[{"embeddable":true,"href":"https:\/\/fedai.az\/index.php?rest_route=\/wp\/v2\/users\/2"}],"replies":[{"embeddable":true,"href":"https:\/\/fedai.az\/index.php?rest_route=%2Fwp%2Fv2%2Fcomments&post=9763"}],"version-history":[{"count":1,"href":"https:\/\/fedai.az\/index.php?rest_route=\/wp\/v2\/posts\/9763\/revisions"}],"predecessor-version":[{"id":9768,"href":"https:\/\/fedai.az\/index.php?rest_route=\/wp\/v2\/posts\/9763\/revisions\/9768"}],"wp:featuredmedia":[{"embeddable":true,"href":"https:\/\/fedai.az\/index.php?rest_route=\/wp\/v2\/media\/9767"}],"wp:attachment":[{"href":"https:\/\/fedai.az\/index.php?rest_route=%2Fwp%2Fv2%2Fmedia&parent=9763"}],"wp:term":[{"taxonomy":"category","embeddable":true,"href":"https:\/\/fedai.az\/index.php?rest_route=%2Fwp%2Fv2%2Fcategories&post=9763"},{"taxonomy":"post_tag","embeddable":true,"href":"https:\/\/fedai.az\/index.php?rest_route=%2Fwp%2Fv2%2Ftags&post=9763"}],"curies":[{"name":"wp","href":"https:\/\/api.w.org\/{rel}","templated":true}]}}