{"id":9772,"date":"2020-07-13T03:22:52","date_gmt":"2020-07-12T23:22:52","guid":{"rendered":"http:\/\/fedai.az\/?p=9772"},"modified":"2020-07-13T12:14:49","modified_gmt":"2020-07-13T08:14:49","slug":"avmvib-b%c9%99yanatla-cixis-etdi","status":"publish","type":"post","link":"https:\/\/fedai.az\/?p=9772","title":{"rendered":"AVMV\u0130B B\u018fYANATLA \u00c7IXI\u015e ETD\u0130: D\u00d6Y\u00dc\u015e\u018f HAZIRIQ!"},"content":{"rendered":"\n<p><strong>Erm\u0259nistan silahl\u0131 birl\u0259\u015fm\u0259l\u0259rinin Az\u0259rbaycan\u0131n Tovuz b\u00f6lg\u0259sin\u0259 h\u00fccumu<\/strong> <strong>il\u0259 ba\u011fl\u0131<\/strong> <strong>Az\u0259rbaycan V\u0259t\u0259n M\u00fcharib\u0259si Veteranlar\u0131 \u0130ctimai Birliyi<\/strong> <strong>b\u0259yanat verib<\/strong>.<\/p>\n\n\n\n<p>B\u0259yanatda deyilir:<\/p>\n\n\n\n<p>&#171;<strong>Erm\u0259nistan silahl\u0131 birl\u0259\u015fm\u0259l\u0259rinin Az\u0259rbaycan\u0131n Tovuz b\u00f6lg\u0259sin\u0259 h\u00fccumunu q\u0259tiyy\u0259tl\u0259 pisl\u0259yirik. Bu d\u00f6y\u00fc\u015fd\u0259 h\u0259yat\u0131n\u0131 itir\u0259n \u015f\u0259hidl\u0259rimizl\u0259 ba\u011fl\u0131 ba\u015fsa\u011fl\u0131\u011f\u0131 verir v\u0259 yaral\u0131lara is\u0259 Allahdan \u015f\u0259fa dil\u0259yirik.<\/strong><\/p>\n\n\n\n<p>\u00c7ox minlik veteranlar ordusu ad\u0131ndan Ali Ba\u015f Komandan c\u0259nab \u0130lham \u018fliyev\u0259 m\u00fcraci\u0259t ed\u0259r\u0259k, h\u0259r bir veril\u0259c\u0259k \u0259mr\u0259 haz\u0131r oldu\u011fumuzu v\u0259 d\u00fc\u015fm\u0259n\u0259 qar\u015f\u0131 apar\u0131lacaq \u0259m\u0259liyyatlarda \u00f6z t\u0259cr\u00fcb\u0259mizl\u0259 i\u015ftirak etm\u0259y\u0259 haz\u0131r oldu\u011fumuzu bildiririk. Veteranlar\u0131n \u00e7ox sayl\u0131 m\u00fcraci\u0259tl\u0259rini n\u0259z\u0259r\u0259 alaraq bildiririk ki, bu m\u00fcraci\u0259tl\u0259 \u00f6lk\u0259mizin r\u0259hb\u0259rin\u0259 k\u00f6hn\u0259 d\u00f6y\u00fc\u015f\u00e7\u00fcl\u0259rin r\u0259\u011fb\u0259tini v\u0259 bu yolda at\u0131lacaq h\u0259r bir add\u0131mda d\u0259st\u0259yimizi bir daha bildiririk.<\/p>\n\n\n\n<p>Prezident, Ali Ba\u015f Komandan c\u0259nab \u0130lham \u018fliyevin s\u00f6yl\u0259diyi; &#171;He\u00e7 vaxt Az\u0259rbaycan torpa\u011f\u0131nda ikinci erm\u0259ni d\u00f6vl\u0259tinin yaranmas\u0131na icaz\u0259 verilm\u0259y\u0259c\u0259k. \u0130\u015f\u011fal edilmi\u015f b\u00fct\u00fcn torpaqlar i\u015f\u011fal\u00e7\u0131lardan azad edilm\u0259lidir, Az\u0259rbaycan v\u0259t\u0259nda\u015flar\u0131 \u00f6z d\u0259d\u0259-baba torpaqlar\u0131na qay\u0131tmal\u0131d\u0131rlar. Bu, prinsipial m\u00f6vqedir v\u0259 d\u00fcnya birliyi bu m\u00f6vqeyi d\u0259st\u0259kl\u0259yir&#187; &#8212; bu fikirl\u0259r bizim \u00fc\u00e7\u00fcn q\u0131rm\u0131z\u0131 x\u0259ttdir. Bu x\u0259tt\u0259 qar\u015f\u0131 \u00e7\u0131xanlar\u0131n kimliyind\u0259n as\u0131l\u0131 olmayaraq, qar\u015f\u0131lar\u0131nda bizi g\u00f6r\u0259c\u0259kl\u0259r. \u00d6lk\u0259mizin bir daha xaosa yuvarlamaq ist\u0259y\u0259nl\u0259r\u0259 bu imkan\u0131 verm\u0259y\u0259c\u0259yik. D\u00fc\u015fm\u0259n Erm\u0259nistan v\u0259 ona himay\u0259darl\u0131q ed\u0259n n\u0259h\u0259ng imperiyalarla, h\u0259m\u00e7inin 5-ci kolonun xainl\u0259riyl\u0259 silah\u0131m\u0131z olmadan \u00e7arp\u0131\u015fd\u0131q, onlar\u0131n m\u0259nfur planlar\u0131n\u0131 poza bildik. Haz\u0131rda g\u00fccl\u00fc v\u0259 nizaml\u0131 ordumuz var. Bu g\u00fcn ordumuza v\u0259 onun t\u0259chizat\u0131na daim diqq\u0259t ay\u0131ran \u0130lham \u018fliyev kimi bir liderimizin olmas\u0131, q\u00fcrurvericidir. \u0130st\u0259r daxild\u0259ki 5-ci kolon t\u00f6r-t\u00f6k\u00fcnt\u00fcl\u0259ri, ist\u0259rs\u0259 d\u0259 imperiyalar \u0259lind\u0259 ov itin\u0259 \u00e7evrilmi\u015f qondarma Erm\u0259nistan, tezlikl\u0259 etdikl\u0259ri h\u0259r c\u00fcr xainlikl\u0259r\u0259 g\u00f6r\u0259 c\u0259zalar\u0131n\u0131 alacaqd\u0131r. Buna \u0259minik v\u0259 h\u0259r k\u0259si d\u0259f\u0259l\u0259rl\u0259 bunu d\u00fc\u015fm\u0259n\u0259 \u00f6z \u0259m\u0259li, tutarl\u0131 arqumentl\u0259ri il\u0259 s\u00fcbut etmi\u015f liderin, Ali Ba\u015f Komandan c\u0259nab \u0130lham \u018fliyevin \u0259traf\u0131nda s\u0131x birl\u0259\u015fm\u0259y\u0259 \u00e7a\u011f\u0131r\u0131r\u0131q.<\/p>\n\n\n\n<p><strong>Biz birlikd\u0259 g\u00fccl\u00fcy\u00fck, c\u0259nab Ali Ba\u015f Komandan!<\/strong><\/p>\n\n\n\n<figure class=\"wp-block-image size-large is-resized\"><img loading=\"lazy\" decoding=\"async\" src=\"http:\/\/fedai.az\/wp-content\/uploads\/2020\/04\/F.Rzaquliyev.jpg\" alt=\"\" class=\"wp-image-4201\" width=\"480\" height=\"360\" srcset=\"https:\/\/fedai.az\/wp-content\/uploads\/2020\/04\/F.Rzaquliyev.jpg 960w, https:\/\/fedai.az\/wp-content\/uploads\/2020\/04\/F.Rzaquliyev-300x225.jpg 300w, https:\/\/fedai.az\/wp-content\/uploads\/2020\/04\/F.Rzaquliyev-150x113.jpg 150w, https:\/\/fedai.az\/wp-content\/uploads\/2020\/04\/F.Rzaquliyev-768x576.jpg 768w\" sizes=\"auto, (max-width: 480px) 100vw, 480px\" \/><\/figure>\n\n\n\n<p><strong>F\u00fczuli Rzaquliyev<\/strong><\/p>\n\n\n\n<p><strong>Az\u0259rbaycan V\u0259t\u0259n M\u00fcharib\u0259si Veteranlar\u0131 \u0130ctimai Birliyinin s\u0259dri <\/strong><\/p>\n","protected":false},"excerpt":{"rendered":"<p>Erm\u0259nistan silahl\u0131 birl\u0259\u015fm\u0259l\u0259rinin Az\u0259rbaycan\u0131n Tovuz b\u00f6lg\u0259sin\u0259 h\u00fccumu il\u0259 ba\u011fl\u0131 Az\u0259rbaycan V\u0259t\u0259n M\u00fcharib\u0259si Veteranlar\u0131 \u0130ctimai Birliyi b\u0259yanat verib. B\u0259yanatda deyilir: &#171;Erm\u0259nistan silahl\u0131 birl\u0259\u015fm\u0259l\u0259rinin Az\u0259rbaycan\u0131n Tovuz<\/p>\n","protected":false},"author":2,"featured_media":0,"comment_status":"closed","ping_status":"closed","sticky":false,"template":"","format":"standard","meta":{"footnotes":""},"categories":[5],"tags":[],"class_list":["post-9772","post","type-post","status-publish","format-standard","hentry","category-veteran"],"aioseo_notices":[],"_links":{"self":[{"href":"https:\/\/fedai.az\/index.php?rest_route=\/wp\/v2\/posts\/9772","targetHints":{"allow":["GET"]}}],"collection":[{"href":"https:\/\/fedai.az\/index.php?rest_route=\/wp\/v2\/posts"}],"about":[{"href":"https:\/\/fedai.az\/index.php?rest_route=\/wp\/v2\/types\/post"}],"author":[{"embeddable":true,"href":"https:\/\/fedai.az\/index.php?rest_route=\/wp\/v2\/users\/2"}],"replies":[{"embeddable":true,"href":"https:\/\/fedai.az\/index.php?rest_route=%2Fwp%2Fv2%2Fcomments&post=9772"}],"version-history":[{"count":6,"href":"https:\/\/fedai.az\/index.php?rest_route=\/wp\/v2\/posts\/9772\/revisions"}],"predecessor-version":[{"id":9821,"href":"https:\/\/fedai.az\/index.php?rest_route=\/wp\/v2\/posts\/9772\/revisions\/9821"}],"wp:attachment":[{"href":"https:\/\/fedai.az\/index.php?rest_route=%2Fwp%2Fv2%2Fmedia&parent=9772"}],"wp:term":[{"taxonomy":"category","embeddable":true,"href":"https:\/\/fedai.az\/index.php?rest_route=%2Fwp%2Fv2%2Fcategories&post=9772"},{"taxonomy":"post_tag","embeddable":true,"href":"https:\/\/fedai.az\/index.php?rest_route=%2Fwp%2Fv2%2Ftags&post=9772"}],"curies":[{"name":"wp","href":"https:\/\/api.w.org\/{rel}","templated":true}]}}