{"id":9775,"date":"2020-07-13T03:36:24","date_gmt":"2020-07-12T23:36:24","guid":{"rendered":"http:\/\/fedai.az\/?p=9775"},"modified":"2020-07-13T03:36:27","modified_gmt":"2020-07-12T23:36:27","slug":"bakida-qarabaga-azadliq-t%c9%99l%c9%99bi-il%c9%99-yurus%c9%99-c%c9%99hd-olub-polis-qarsisini-alib-video","status":"publish","type":"post","link":"https:\/\/fedai.az\/?p=9775","title":{"rendered":"Bak\u0131da &#171;Qaraba\u011fa azadl\u0131q&#187; t\u0259l\u0259bi il\u0259 y\u00fcr\u00fc\u015f\u0259 c\u0259hd olub, polis qar\u015f\u0131s\u0131n\u0131 al\u0131b \u2013 V\u0130DEO"},"content":{"rendered":"\n<p><strong>Bak\u0131da bir qrup \u015f\u0259xs \u201cQaraba\u011fa azadl\u0131q\u201d t\u0259l\u0259bi il\u0259 y\u00fcr\u00fc\u015f ke\u00e7irm\u0259y\u0259 c\u0259hd edib<\/strong>.<\/p>\n\n\n\n<p>Fedai.az Pravda.az-a istinad\u0259n x\u0259b\u0259r verir ki, hadis\u0259 yerin\u0259 polis \u0259m\u0259kda\u015flar\u0131 c\u0259lb olunub.<\/p>\n\n\n\n<p>Raz\u0131la\u015fd\u0131r\u0131lmam\u0131\u015f y\u00fcr\u00fc\u015f\u00fcn qar\u015f\u0131s\u0131 al\u0131n\u0131b, saxlan\u0131lanlar var.<\/p>\n\n\n\n<p><strong>P.S. D\u00fc\u015fm\u0259n bilm\u0259lidir ki, gec-tez bu xalq onlar\u0131 t\u00fcp\u00fcrc\u0259yind\u0259 bo\u011facaq.<\/strong>..<\/p>\n\n\n\n<figure class=\"wp-block-embed-youtube wp-block-embed is-type-video is-provider-youtube wp-embed-aspect-16-9 wp-has-aspect-ratio\"><div class=\"wp-block-embed__wrapper\">\n<iframe loading=\"lazy\" title=\"Bak\u0131da Qaraba\u011f t\u0259l\u0259bil\u0259 etiraza \u00e7\u0131xan insanlar\u0131 polisl\u0259r h\u0259bs edir - CANLI\" width=\"715\" height=\"402\" src=\"https:\/\/www.youtube.com\/embed\/JOUilQrtJuU?feature=oembed\" frameborder=\"0\" allow=\"accelerometer; autoplay; encrypted-media; gyroscope; picture-in-picture\" allowfullscreen><\/iframe>\n<\/div><\/figure>\n","protected":false},"excerpt":{"rendered":"<p>Bak\u0131da bir qrup \u015f\u0259xs \u201cQaraba\u011fa azadl\u0131q\u201d t\u0259l\u0259bi il\u0259 y\u00fcr\u00fc\u015f ke\u00e7irm\u0259y\u0259 c\u0259hd edib. Fedai.az Pravda.az-a istinad\u0259n x\u0259b\u0259r verir ki, hadis\u0259 yerin\u0259 polis \u0259m\u0259kda\u015flar\u0131 c\u0259lb olunub.<\/p>\n","protected":false},"author":2,"featured_media":9776,"comment_status":"closed","ping_status":"closed","sticky":false,"template":"","format":"standard","meta":{"footnotes":""},"categories":[4],"tags":[],"class_list":["post-9775","post","type-post","status-publish","format-standard","has-post-thumbnail","hentry","category-qarabag"],"aioseo_notices":[],"_links":{"self":[{"href":"https:\/\/fedai.az\/index.php?rest_route=\/wp\/v2\/posts\/9775","targetHints":{"allow":["GET"]}}],"collection":[{"href":"https:\/\/fedai.az\/index.php?rest_route=\/wp\/v2\/posts"}],"about":[{"href":"https:\/\/fedai.az\/index.php?rest_route=\/wp\/v2\/types\/post"}],"author":[{"embeddable":true,"href":"https:\/\/fedai.az\/index.php?rest_route=\/wp\/v2\/users\/2"}],"replies":[{"embeddable":true,"href":"https:\/\/fedai.az\/index.php?rest_route=%2Fwp%2Fv2%2Fcomments&post=9775"}],"version-history":[{"count":1,"href":"https:\/\/fedai.az\/index.php?rest_route=\/wp\/v2\/posts\/9775\/revisions"}],"predecessor-version":[{"id":9777,"href":"https:\/\/fedai.az\/index.php?rest_route=\/wp\/v2\/posts\/9775\/revisions\/9777"}],"wp:featuredmedia":[{"embeddable":true,"href":"https:\/\/fedai.az\/index.php?rest_route=\/wp\/v2\/media\/9776"}],"wp:attachment":[{"href":"https:\/\/fedai.az\/index.php?rest_route=%2Fwp%2Fv2%2Fmedia&parent=9775"}],"wp:term":[{"taxonomy":"category","embeddable":true,"href":"https:\/\/fedai.az\/index.php?rest_route=%2Fwp%2Fv2%2Fcategories&post=9775"},{"taxonomy":"post_tag","embeddable":true,"href":"https:\/\/fedai.az\/index.php?rest_route=%2Fwp%2Fv2%2Ftags&post=9775"}],"curies":[{"name":"wp","href":"https:\/\/api.w.org\/{rel}","templated":true}]}}