{"id":98210,"date":"2024-02-07T10:44:00","date_gmt":"2024-02-07T06:44:00","guid":{"rendered":"https:\/\/fedai.az\/?p=98210"},"modified":"2024-02-07T15:46:32","modified_gmt":"2024-02-07T11:46:32","slug":"ilham-eliyev-ail%c9%99si-il%c9%99-xank%c9%99ndid%c9%99-s%c9%99s-verdi","status":"publish","type":"post","link":"https:\/\/fedai.az\/?p=98210","title":{"rendered":"\u0130lham \u018fliyev ail\u0259si il\u0259 Xank\u0259ndid\u0259 s\u0259s verdi"},"content":{"rendered":"\n<p><strong>Fevral\u0131n 7-d\u0259 Az\u0259rbaycan Respublikas\u0131n\u0131n Prezidenti \u0130lham \u018fliyev, birinci xan\u0131m Mehriban \u018fliyeva v\u0259 ail\u0259 \u00fczvl\u0259ri Xank\u0259ndi \u015f\u0259h\u0259rind\u0259 122 sayl\u0131 se\u00e7ki dair\u0259sinin 14 sayl\u0131 se\u00e7ki m\u0259nt\u0259q\u0259sind\u0259 s\u0259s veribl\u0259r.<\/strong><\/p>\n\n\n\n<p><strong>Fedai.az<\/strong>\u00a0x\u0259b\u0259r verir ki, bu bar\u0259d\u0259\u00a0Prezidentin M\u0259tbuat Xidm\u0259ti m\u0259lumat yay\u0131b.\u00a0<\/p>\n\n\n\n<p>Kadrlardan da g\u00f6r\u00fcnd\u00fcy\u00fc kimi, Prezident v\u0259 ail\u0259si s\u0131raya durur v\u0259 dig\u0259r v\u0259t\u0259nda\u015flar kimi s\u0259sverm\u0259d\u0259 i\u015ftirak edir.<br><br>\u0130lham \u018fliyevin s\u0259sverm\u0259 m\u0259nt\u0259q\u0259si kimi Xank\u0259ndini se\u00e7m\u0259si simvolik m\u0259na da\u015f\u0131y\u0131r. Bu, d\u00fcnyaya v\u0259 d\u00fcnya erm\u0259nizmin\u0259 veril\u0259n mesajd\u0131r. Xank\u0259ndinin Az\u0259rbaycan \u00fc\u00e7\u00fcn n\u0259 q\u0259d\u0259r \u0259h\u0259miyy\u0259tli oldu\u011funu g\u00f6st\u0259rir. Biz he\u00e7 zaman Xank\u0259ndid\u0259n vaz ke\u00e7m\u0259y\u0259c\u0259yik. Bu \u015f\u0259h\u0259r bizim v\u0259 b\u00fct\u00fcn T\u00fcrk d\u00fcnyas\u0131 \u00fc\u00e7\u00fcn \u00e7ox \u00f6n\u0259mlidir.\u00a0<\/p>\n\n\n\n<iframe loading=\"lazy\" width=\"807\" height=\"455\" src=\"https:\/\/www.youtube.com\/embed\/bUUdF0bBf44\" title=\"Prezident v\u0259 ail\u0259 \u00fczvl\u0259ri Xank\u0259ndid\u0259 s\u0259s verdil\u0259r: s\u0259sverm\u0259 prosesind\u0259n G\u00d6R\u00dcNT\u00dcL\u018fR\" frameborder=\"0\" allow=\"accelerometer; autoplay; clipboard-write; encrypted-media; gyroscope; picture-in-picture; web-share\" allowfullscreen><\/iframe>\n","protected":false},"excerpt":{"rendered":"<p>Fevral\u0131n 7-d\u0259 Az\u0259rbaycan Respublikas\u0131n\u0131n Prezidenti \u0130lham \u018fliyev, birinci xan\u0131m Mehriban \u018fliyeva v\u0259 ail\u0259 \u00fczvl\u0259ri Xank\u0259ndi \u015f\u0259h\u0259rind\u0259 122 sayl\u0131 se\u00e7ki dair\u0259sinin 14 sayl\u0131 se\u00e7ki m\u0259nt\u0259q\u0259sind\u0259<\/p>\n","protected":false},"author":2,"featured_media":98211,"comment_status":"closed","ping_status":"closed","sticky":false,"template":"","format":"standard","meta":{"footnotes":""},"categories":[1],"tags":[],"class_list":["post-98210","post","type-post","status-publish","format-standard","has-post-thumbnail","hentry","category-siyast"],"aioseo_notices":[],"_links":{"self":[{"href":"https:\/\/fedai.az\/index.php?rest_route=\/wp\/v2\/posts\/98210","targetHints":{"allow":["GET"]}}],"collection":[{"href":"https:\/\/fedai.az\/index.php?rest_route=\/wp\/v2\/posts"}],"about":[{"href":"https:\/\/fedai.az\/index.php?rest_route=\/wp\/v2\/types\/post"}],"author":[{"embeddable":true,"href":"https:\/\/fedai.az\/index.php?rest_route=\/wp\/v2\/users\/2"}],"replies":[{"embeddable":true,"href":"https:\/\/fedai.az\/index.php?rest_route=%2Fwp%2Fv2%2Fcomments&post=98210"}],"version-history":[{"count":1,"href":"https:\/\/fedai.az\/index.php?rest_route=\/wp\/v2\/posts\/98210\/revisions"}],"predecessor-version":[{"id":98212,"href":"https:\/\/fedai.az\/index.php?rest_route=\/wp\/v2\/posts\/98210\/revisions\/98212"}],"wp:featuredmedia":[{"embeddable":true,"href":"https:\/\/fedai.az\/index.php?rest_route=\/wp\/v2\/media\/98211"}],"wp:attachment":[{"href":"https:\/\/fedai.az\/index.php?rest_route=%2Fwp%2Fv2%2Fmedia&parent=98210"}],"wp:term":[{"taxonomy":"category","embeddable":true,"href":"https:\/\/fedai.az\/index.php?rest_route=%2Fwp%2Fv2%2Fcategories&post=98210"},{"taxonomy":"post_tag","embeddable":true,"href":"https:\/\/fedai.az\/index.php?rest_route=%2Fwp%2Fv2%2Ftags&post=98210"}],"curies":[{"name":"wp","href":"https:\/\/api.w.org\/{rel}","templated":true}]}}