{"id":98219,"date":"2024-02-08T11:25:42","date_gmt":"2024-02-08T07:25:42","guid":{"rendered":"https:\/\/fedai.az\/?p=98219"},"modified":"2024-02-08T11:25:43","modified_gmt":"2024-02-08T07:25:43","slug":"qirgizistan-prezidenti-ilham-eliyev%c9%99-zeng-etdi","status":"publish","type":"post","link":"https:\/\/fedai.az\/?p=98219","title":{"rendered":"Q\u0131r\u011f\u0131z\u0131stan Prezidenti \u0130lham \u018fliyev\u0259\u00a0Z\u018fNG ETD\u0130"},"content":{"rendered":"\n<p><strong>evral\u0131n 8-d\u0259 Q\u0131r\u011f\u0131z Respublikas\u0131n\u0131n Prezidenti Sad\u0131r Japarov Az\u0259rbaycan Respublikas\u0131n\u0131n Prezidenti \u0130lham \u018fliyev\u0259 z\u0259ng edib.<\/strong><\/p>\n\n\n\n<p><strong>Fedai.az\u00a0<\/strong>x\u0259b\u0259r verir ki, bu bar\u0259d\u0259 Az\u0259rbaycan Prezidentinin M\u0259tbuat Xidm\u0259ti m\u0259lumat yay\u0131b.<\/p>\n\n\n\n<p>Q\u0131r\u011f\u0131z\u0131stan Prezidenti \u0130lham \u018fliyev\u0259 prezident se\u00e7kil\u0259rind\u0259 inaml\u0131 q\u0259l\u0259b\u0259si m\u00fcnasib\u0259til\u0259 t\u0259brikl\u0259rini \u00e7atd\u0131r\u0131b. Sad\u0131r Japarov d\u00f6vl\u0259timizin ba\u015f\u00e7\u0131s\u0131n\u0131n r\u0259hb\u0259rliyi il\u0259 Az\u0259rbaycan\u0131n \u0259razi b\u00fct\u00f6vl\u00fcy\u00fcn\u00fcn b\u0259rpa olunmas\u0131n\u0131n \u00f6n\u0259mini bir daha qeyd ed\u0259r\u0259k, \u00f6lk\u0259mizd\u0259 s\u00fcr\u0259tli inki\u015faf prosesl\u0259rinin getdiyini v\u0259 beyn\u0259lxalq m\u00f6vqel\u0259rinin daha da g\u00fccl\u0259ndiyini vur\u011fulay\u0131b.<\/p>\n\n\n\n<p>Q\u0131r\u011f\u0131z\u0131stan\u0131n d\u00f6vl\u0259t ba\u015f\u00e7\u0131s\u0131 ikit\u0259r\u0259fli m\u00fcnasib\u0259tl\u0259rimizin \u0259sas\u0131n\u0131n \u00dcmummilli Lider Heyd\u0259r \u018fliyev t\u0259r\u0259find\u0259n qoyuldu\u011funu ehtiramla qeyd edib.<\/p>\n\n\n\n<p>Sad\u0131r Japarov Prezident \u0130lham \u018fliyev\u0259 Az\u0259rbaycan\u0131n t\u0259r\u0259qqisi namin\u0259 f\u0259aliyy\u0259tind\u0259 u\u011furlar arzulay\u0131b.<\/p>\n\n\n\n<p>D\u00f6vl\u0259timizin ba\u015f\u00e7\u0131s\u0131 g\u00f6st\u0259ril\u0259n diqq\u0259t\u0259 v\u0259 t\u0259brik\u0259 g\u00f6r\u0259 t\u0259\u015f\u0259kk\u00fcr\u00fcn\u00fc bildirib.<\/p>\n\n\n\n<p>Telefon s\u00f6hb\u0259ti zaman\u0131 Az\u0259rbaycan v\u0259 Q\u0131r\u011f\u0131z\u0131stan prezidentl\u0259ri ikit\u0259r\u0259fli dostluq v\u0259 qarda\u015fl\u0131q m\u00fcnasib\u0259tl\u0259rimizin bundan sonra da h\u0259rt\u0259r\u0259fli inki\u015faf ed\u0259c\u0259yin\u0259 \u0259minlikl\u0259rini bildirib v\u0259 \u0259laq\u0259rimizin perspektivl\u0259ri il\u0259 ba\u011fl\u0131 fikir m\u00fcbadil\u0259si apar\u0131blar.<\/p>\n\n\n\n<p><\/p>\n","protected":false},"excerpt":{"rendered":"<p>evral\u0131n 8-d\u0259 Q\u0131r\u011f\u0131z Respublikas\u0131n\u0131n Prezidenti Sad\u0131r Japarov Az\u0259rbaycan Respublikas\u0131n\u0131n Prezidenti \u0130lham \u018fliyev\u0259 z\u0259ng edib. Fedai.az\u00a0x\u0259b\u0259r verir ki, bu bar\u0259d\u0259 Az\u0259rbaycan Prezidentinin M\u0259tbuat Xidm\u0259ti m\u0259lumat<\/p>\n","protected":false},"author":2,"featured_media":98220,"comment_status":"closed","ping_status":"closed","sticky":false,"template":"","format":"standard","meta":{"footnotes":""},"categories":[1],"tags":[],"class_list":["post-98219","post","type-post","status-publish","format-standard","has-post-thumbnail","hentry","category-siyast"],"aioseo_notices":[],"_links":{"self":[{"href":"https:\/\/fedai.az\/index.php?rest_route=\/wp\/v2\/posts\/98219","targetHints":{"allow":["GET"]}}],"collection":[{"href":"https:\/\/fedai.az\/index.php?rest_route=\/wp\/v2\/posts"}],"about":[{"href":"https:\/\/fedai.az\/index.php?rest_route=\/wp\/v2\/types\/post"}],"author":[{"embeddable":true,"href":"https:\/\/fedai.az\/index.php?rest_route=\/wp\/v2\/users\/2"}],"replies":[{"embeddable":true,"href":"https:\/\/fedai.az\/index.php?rest_route=%2Fwp%2Fv2%2Fcomments&post=98219"}],"version-history":[{"count":1,"href":"https:\/\/fedai.az\/index.php?rest_route=\/wp\/v2\/posts\/98219\/revisions"}],"predecessor-version":[{"id":98221,"href":"https:\/\/fedai.az\/index.php?rest_route=\/wp\/v2\/posts\/98219\/revisions\/98221"}],"wp:featuredmedia":[{"embeddable":true,"href":"https:\/\/fedai.az\/index.php?rest_route=\/wp\/v2\/media\/98220"}],"wp:attachment":[{"href":"https:\/\/fedai.az\/index.php?rest_route=%2Fwp%2Fv2%2Fmedia&parent=98219"}],"wp:term":[{"taxonomy":"category","embeddable":true,"href":"https:\/\/fedai.az\/index.php?rest_route=%2Fwp%2Fv2%2Fcategories&post=98219"},{"taxonomy":"post_tag","embeddable":true,"href":"https:\/\/fedai.az\/index.php?rest_route=%2Fwp%2Fv2%2Ftags&post=98219"}],"curies":[{"name":"wp","href":"https:\/\/api.w.org\/{rel}","templated":true}]}}