{"id":98633,"date":"2024-03-04T23:10:06","date_gmt":"2024-03-04T19:10:06","guid":{"rendered":"https:\/\/fedai.az\/?p=98633"},"modified":"2024-03-04T23:10:06","modified_gmt":"2024-03-04T19:10:06","slug":"az%c9%99rbaycan-v%c9%99-pakistan-h%c9%99rbcil%c9%99ri-birg%c9%99-t%c9%99liml%c9%99rin-kecirilm%c9%99si-bar%c9%99d%c9%99-muzakir%c9%99l%c9%99r-aparib","status":"publish","type":"post","link":"https:\/\/fedai.az\/?p=98633","title":{"rendered":"Az\u0259rbaycan v\u0259 Pakistan h\u0259rb\u00e7il\u0259ri birg\u0259 t\u0259liml\u0259rin ke\u00e7irilm\u0259si bar\u0259d\u0259 m\u00fczakir\u0259l\u0259r apar\u0131b"},"content":{"rendered":"\n<p><strong>Az\u0259rbaycan v\u0259 Pakistan h\u0259rb\u00e7il\u0259ri birg\u0259 t\u0259liml\u0259rin ke\u00e7irilm\u0259si bar\u0259d\u0259 m\u00fczakir\u0259l\u0259r apar\u0131b.<\/strong><\/p>\n\n\n\n<p>Bu bar\u0259d\u0259 M\u00fcdafi\u0259 Nazirliyind\u0259n m\u0259lumat verilib.<\/p>\n\n\n\n<p>Qeyd edilib ki, M\u00fcdafi\u0259 Nazirliyinin Beyn\u0259lxalq H\u0259rbi \u018fm\u0259kda\u015fl\u0131q \u0130dar\u0259sind\u0259 Az\u0259rbaycan M\u00fcdafi\u0259 Nazirliyi v\u0259 Pakistan Birl\u0259\u015fmi\u015f Q\u0259rargah\u0131 aras\u0131nda \u201c10-cu Az\u0259rbaycan-Pakistan \u0130\u015f\u00e7i Qrupu S\u0259viyy\u0259li G\u00f6r\u00fc\u015f\u00fc\u201d ke\u00e7irilib.<\/p>\n\n\n\n<p>G\u00f6r\u00fc\u015fd\u0259 iki \u00f6lk\u0259 aras\u0131nda h\u0259rbi \u0259m\u0259kda\u015fl\u0131\u011f\u0131n cari v\u0259ziyy\u0259ti v\u0259 inki\u015faf perspektivl\u0259ri, h\u0259rbi t\u0259hsil v\u0259 elm, \u0259m\u0259liyyat planla\u015fd\u0131r\u0131lmas\u0131, birg\u0259 t\u0259liml\u0259rin ke\u00e7irilm\u0259si v\u0259 maraq do\u011furan dig\u0259r m\u00f6vzulara dair \u0259trafl\u0131 fikir m\u00fcbadil\u0259si apar\u0131l\u0131b.<\/p>\n\n\n\n<p>G\u00f6r\u00fc\u015f\u00fcn yekun protokolu imzaland\u0131qdan sonra qar\u015f\u0131l\u0131ql\u0131 h\u0259diyy\u0259l\u0259r t\u0259qdim edilib, xatir\u0259 fotosu \u00e7\u0259kdirilib.<\/p>\n","protected":false},"excerpt":{"rendered":"<p>Az\u0259rbaycan v\u0259 Pakistan h\u0259rb\u00e7il\u0259ri birg\u0259 t\u0259liml\u0259rin ke\u00e7irilm\u0259si bar\u0259d\u0259 m\u00fczakir\u0259l\u0259r apar\u0131b. Bu bar\u0259d\u0259 M\u00fcdafi\u0259 Nazirliyind\u0259n m\u0259lumat verilib. Qeyd edilib ki, M\u00fcdafi\u0259 Nazirliyinin Beyn\u0259lxalq H\u0259rbi \u018fm\u0259kda\u015fl\u0131q<\/p>\n","protected":false},"author":2,"featured_media":98634,"comment_status":"closed","ping_status":"closed","sticky":false,"template":"","format":"standard","meta":{"footnotes":""},"categories":[3],"tags":[],"class_list":["post-98633","post","type-post","status-publish","format-standard","has-post-thumbnail","hentry","category-gundm"],"aioseo_notices":[],"_links":{"self":[{"href":"https:\/\/fedai.az\/index.php?rest_route=\/wp\/v2\/posts\/98633","targetHints":{"allow":["GET"]}}],"collection":[{"href":"https:\/\/fedai.az\/index.php?rest_route=\/wp\/v2\/posts"}],"about":[{"href":"https:\/\/fedai.az\/index.php?rest_route=\/wp\/v2\/types\/post"}],"author":[{"embeddable":true,"href":"https:\/\/fedai.az\/index.php?rest_route=\/wp\/v2\/users\/2"}],"replies":[{"embeddable":true,"href":"https:\/\/fedai.az\/index.php?rest_route=%2Fwp%2Fv2%2Fcomments&post=98633"}],"version-history":[{"count":1,"href":"https:\/\/fedai.az\/index.php?rest_route=\/wp\/v2\/posts\/98633\/revisions"}],"predecessor-version":[{"id":98635,"href":"https:\/\/fedai.az\/index.php?rest_route=\/wp\/v2\/posts\/98633\/revisions\/98635"}],"wp:featuredmedia":[{"embeddable":true,"href":"https:\/\/fedai.az\/index.php?rest_route=\/wp\/v2\/media\/98634"}],"wp:attachment":[{"href":"https:\/\/fedai.az\/index.php?rest_route=%2Fwp%2Fv2%2Fmedia&parent=98633"}],"wp:term":[{"taxonomy":"category","embeddable":true,"href":"https:\/\/fedai.az\/index.php?rest_route=%2Fwp%2Fv2%2Fcategories&post=98633"},{"taxonomy":"post_tag","embeddable":true,"href":"https:\/\/fedai.az\/index.php?rest_route=%2Fwp%2Fv2%2Ftags&post=98633"}],"curies":[{"name":"wp","href":"https:\/\/api.w.org\/{rel}","templated":true}]}}