{"id":98639,"date":"2024-03-05T09:41:04","date_gmt":"2024-03-05T05:41:04","guid":{"rendered":"https:\/\/fedai.az\/?p=98639"},"modified":"2024-03-05T09:41:05","modified_gmt":"2024-03-05T05:41:05","slug":"q%c9%99zza-zolaginda-x%c9%99st%c9%99xanada-10-usaq-acliqdan-olub-ust","status":"publish","type":"post","link":"https:\/\/fedai.az\/?p=98639","title":{"rendered":"\u201cQ\u0259zza zola\u011f\u0131nda x\u0259st\u0259xanada 10 u\u015faq acl\u0131qdan \u00f6l\u00fcb\u201d\u00a0\u2014 \u00dcST"},"content":{"rendered":"\n<p><strong>Q\u0259zza zola\u011f\u0131nda \u201cKamal Advan\u201d x\u0259st\u0259xanas\u0131nda 10 u\u015faq acl\u0131qdan \u00f6l\u00fcb.<\/strong><\/p>\n\n\n\n<p>Fedai. az x\u0259b\u0259r verir ki, bu bar\u0259d\u0259 \u00dcmumd\u00fcnya S\u0259hiyy\u0259 T\u0259\u015fkilat\u0131n\u0131n (\u00dcST) ba\u015f direktoru Tedros Adhanom Qebreyesus m\u0259lumat yay\u0131b.<\/p>\n\n\n\n<p>O, Q\u0259zzan\u0131n \u015fimal\u0131ndak\u0131 yegan\u0259 u\u015faq x\u0259st\u0259xanas\u0131 olan \u201cKamal Advan\u201d\u0131n x\u0259st\u0259l\u0259rl\u0259 dolu oldu\u011funu bildirib:<\/p>\n\n\n\n<p>\u201c\u018frzaq \u00e7at\u0131\u015fmazl\u0131\u011f\u0131 10 u\u015fa\u011f\u0131n \u00f6l\u00fcm\u00fcn\u0259 s\u0259b\u0259b olub. Elektrik enerjisinin \u00e7at\u0131\u015fmazl\u0131\u011f\u0131 x\u0259st\u0259l\u0259r\u0259 qulluq \u00fc\u00e7\u00fcn, x\u00fcsusil\u0259 reanimasiya v\u0259 neonatal \u015f\u00f6b\u0259 kimi kritik sah\u0259l\u0259rd\u0259 ciddi t\u0259hl\u00fck\u0259 yarad\u0131r\u201d.<\/p>\n\n\n\n<p>O, \u201c\u018fl-Auda\u201d x\u0259st\u0259xanas\u0131ndak\u0131 v\u0259ziyy\u0259ti x\u00fcsusil\u0259 d\u0259h\u015f\u0259tli adland\u0131r\u0131b, \u00e7\u00fcnki binalardan biri da\u011f\u0131d\u0131l\u0131b.<br>\u00dcST \u0259m\u0259kda\u015flar\u0131 t\u0259r\u0259find\u0259n h\u0259r iki tibb m\u00fc\u0259ssis\u0259sin\u0259 9,5 min litr yanacaq, el\u0259c\u0259 d\u0259 z\u0259ruri d\u0259rman preparatlar\u0131 \u00e7atd\u0131r\u0131l\u0131b. Qebreyesus \u0130sraili humanitar yard\u0131m\u0131n t\u0259hl\u00fck\u0259siz v\u0259 m\u00fcnt\u0259z\u0259m \u00e7atd\u0131r\u0131lmas\u0131n\u0131 t\u0259min etm\u0259y\u0259 \u00e7a\u011f\u0131r\u0131b. Yeniavaz.com<\/p>\n","protected":false},"excerpt":{"rendered":"<p>Q\u0259zza zola\u011f\u0131nda \u201cKamal Advan\u201d x\u0259st\u0259xanas\u0131nda 10 u\u015faq acl\u0131qdan \u00f6l\u00fcb. Fedai. az x\u0259b\u0259r verir ki, bu bar\u0259d\u0259 \u00dcmumd\u00fcnya S\u0259hiyy\u0259 T\u0259\u015fkilat\u0131n\u0131n (\u00dcST) ba\u015f direktoru Tedros Adhanom<\/p>\n","protected":false},"author":2,"featured_media":98640,"comment_status":"closed","ping_status":"closed","sticky":false,"template":"","format":"standard","meta":{"footnotes":""},"categories":[3],"tags":[],"class_list":["post-98639","post","type-post","status-publish","format-standard","has-post-thumbnail","hentry","category-gundm"],"aioseo_notices":[],"_links":{"self":[{"href":"https:\/\/fedai.az\/index.php?rest_route=\/wp\/v2\/posts\/98639","targetHints":{"allow":["GET"]}}],"collection":[{"href":"https:\/\/fedai.az\/index.php?rest_route=\/wp\/v2\/posts"}],"about":[{"href":"https:\/\/fedai.az\/index.php?rest_route=\/wp\/v2\/types\/post"}],"author":[{"embeddable":true,"href":"https:\/\/fedai.az\/index.php?rest_route=\/wp\/v2\/users\/2"}],"replies":[{"embeddable":true,"href":"https:\/\/fedai.az\/index.php?rest_route=%2Fwp%2Fv2%2Fcomments&post=98639"}],"version-history":[{"count":1,"href":"https:\/\/fedai.az\/index.php?rest_route=\/wp\/v2\/posts\/98639\/revisions"}],"predecessor-version":[{"id":98641,"href":"https:\/\/fedai.az\/index.php?rest_route=\/wp\/v2\/posts\/98639\/revisions\/98641"}],"wp:featuredmedia":[{"embeddable":true,"href":"https:\/\/fedai.az\/index.php?rest_route=\/wp\/v2\/media\/98640"}],"wp:attachment":[{"href":"https:\/\/fedai.az\/index.php?rest_route=%2Fwp%2Fv2%2Fmedia&parent=98639"}],"wp:term":[{"taxonomy":"category","embeddable":true,"href":"https:\/\/fedai.az\/index.php?rest_route=%2Fwp%2Fv2%2Fcategories&post=98639"},{"taxonomy":"post_tag","embeddable":true,"href":"https:\/\/fedai.az\/index.php?rest_route=%2Fwp%2Fv2%2Ftags&post=98639"}],"curies":[{"name":"wp","href":"https:\/\/api.w.org\/{rel}","templated":true}]}}