{"id":98692,"date":"2026-03-07T10:57:21","date_gmt":"2026-03-07T06:57:21","guid":{"rendered":"https:\/\/fedai.az\/?p=98692"},"modified":"2026-03-07T10:57:21","modified_gmt":"2026-03-07T06:57:21","slug":"t%c9%99brik-kapitan-zaur-vahidov-56","status":"publish","type":"post","link":"https:\/\/fedai.az\/?p=98692","title":{"rendered":"T\u0259brik: Zaur Vahidov &#8212; 58\u00a0"},"content":{"rendered":"\n<p><strong>Bu g\u00fcn silahda\u015flar\u0131m\u0131zdan birinin &#8212; Az\u0259rbaycan V\u0259t\u0259n M\u00fcharib\u0259si Veteranlar\u0131 \u0130ctimai Birliyinin (AVMV\u0130B) \u015eirvan \u015f\u0259h\u0259r \u015f\u00f6b\u0259sinin s\u0259dri, istefada olan kapitan Zaur Vahidovun ad g\u00fcn\u00fcd\u00fcr. Mart ay\u0131n\u0131n \u00a07-d\u0259 onun 58 ya\u015f\u0131 tamam olur. <\/strong><\/p>\n\n\n\n<p>M\u00fcharib\u0259 Veteran\u0131- istefada olan kapitan Vahidov Zaur \u018flsafa o\u011flu 1968-ci ilin mart ay\u0131n\u0131n\u00a07-d\u0259 \u015eirvan \u015f\u0259h\u0259rind\u0259 z\u0259hm\u0259tke\u015f ail\u0259d\u0259 \u00a0anadan olub. 1985-ci ild\u0259 \u018flibayraml\u0131 (indiki \u015eirvan) \u00a0\u015f\u0259h\u0259r orta m\u0259kt\u0259bi, 1997-ci ild\u0259 \u015eirvan \u015f\u0259h\u0259r S\u0259naye Texnikomunu, 1998-ci ild\u0259 Daxili i\u015fl\u0259r nazirliyi Daxili Qo\u015funlar\u0131n Ba\u015f \u0130dar\u0259sinin d\u00f6y\u00fc\u015f haz\u0131rl\u0131\u011f\u0131 \u00a0idar\u0259sinin X\u0259z\u0259r rayonunda\u00a0 yerl\u0259\u015f\u0259n t\u0259lim -t\u0259dris\u00a0 m\u0259rk\u0259zind\u0259\u00a0 zabitl\u0259rin haz\u0131rl\u0131\u011f\u0131 kursunu bitrib. O, Daxili Qo\u015funlarda xidm\u0259t etdiyi ill\u0259r \u0259rzind\u0259 Daxili Qo\u015funlar\u0131n Ba\u015f \u0130dar\u0259sind\u0259 v\u0259 h\u0259rbi hiss\u0259l\u0259rind\u0259 ke\u00e7iril\u0259n bir \u00e7ox t\u0259lim &#8212; metodiki toplan\u0131\u015flarda, h\u0259rbi v\u0259 x\u00fcsusi t\u0259liml\u0259rd\u0259, seminar v\u0259 konfranslarda i\u015ftirak edib. Zaur Vahidov h\u0259rbi t\u0259c\u00fcrb\u0259 m\u00fcbadil\u0259si \u0259ld\u0259 etm\u0259k \u00fc\u00e7\u00fcn T\u00fcrkiy\u0259y\u0259 C\u00fcmhuriyy\u0259tinin Jandarma Q\u00fcvv\u0259l\u0259rinin Ankara, \u0130stanbul v\u0259 Izmir \u015f\u0259h\u0259rl\u0259rind\u0259 yerl\u0259\u015f\u0259n h\u0259rbi hiss\u0259l\u0259rind\u0259 v\u0259 h\u0259rb\u0131 m\u0259kt\u0259bl\u0259rind\u0259 i\u015fg\u00fczar s\u0259f\u0259rd\u0259 olmu\u015fdur. 1986-1988- ci ill\u0259rd\u0259 SSR\u0130 Daxili \u0130\u015fl\u0259r Nazirliyinin Daxili Qo\u015funlar\u0131n Permski \u015f\u0259h\u0259rind\u0259 yerl\u0259\u015f\u0259n h\u0259rbi hiss\u0259l\u0259rin birind\u0259 m\u00fcdd\u0259tli h\u0259qiqi h\u0259rbi xidm\u0259td\u0259 olub. 1988-1992-ci ill\u0259rd\u0259 \u015eirvan \u015f\u0259h\u0259rind\u0259 yerl\u0259\u015f\u0259n Cihazqay\u0131rma zavodunda m\u00fcvafiq v\u0259zif\u0259l\u0259rd\u0259 i\u015fl\u0259yib. 1992-2012-ci ill\u0259rd\u0259 Daxili i\u015fl\u0259r nazirliyi Daxili Qo\u015funlar\u0131n Ba\u015f \u00a0idar\u0259sinin \u015eirvan (\u018flbayraml\u0131) \u015f\u0259h\u0259rind\u0259 \u00a0L\u0259nk\u0259ran\u00a0 v\u0259\u00a0 Hacqabul rayonunda yerl\u0259\u015f\u0259n\u00a0\u0259m\u0259liyyat v\u0259 t\u0259dris h\u0259rbi hiss\u0259l\u0259rind\u0259 taq\u0131m\u00a0komandiri, b\u00f6luk komandirinin m\u00fcavini, t\u0259minat b\u00f6l\u00fcy\u00fcn komandiri,\u00a0 kicik m\u00fct\u0259x\u0259sisl\u0259r haz\u0131rlayan t\u0259dris b\u00f6luy\u00fcn komandiri v\u0259zif\u0259l\u0259rind\u0259 xidm\u0259t etmi\u015fdir. Kapitan Zaur \u00a0Vahidov Daxili Qo\u015funlar\u0131nda xidm\u0259t etdiyi ill\u0259r \u0259rzind\u0259 Azerbaycan\u0131n \u0259razi b\u00fct\u00f6vl\u00fcy\u00fc u\u011frunda\u00a0(A\u011fdam v\u0259 F\u00fczuli rayonlar\u0131 istiqam\u0259tind\u0259) ged\u0259n d\u00f6y\u00fc\u015fl\u0259rd\u0259 f\u0259al \u00a0i\u015ftirak etmi\u015fdir. M\u00fcharib\u0259 veteran\u0131d\u0131r. 2022-ci ilin oktyabr ay\u0131ndan\u00a0 Az\u0259rbaycan V\u0259t\u0259n M\u00fcharib\u0259si Veteranlar\u0131\u00a0 \u0130ctimai Birliyinin (AVMV\u0130B) \u015eirvan \u015f\u0259h\u0259r \u015f\u00f6b\u0259sinin s\u0259dri v\u0259zif\u0259sind\u0259dir.<\/p>\n\n\n\n<p>Az\u0259rbaycan V\u0259t\u0259n M\u00fcharib\u0259si Veteranlar\u0131 \u0130ctimai Birliyinin r\u0259hb\u0259rliyi Vahidov Zaur \u018flsafa o\u011flunu ad g\u00fcn\u00fc m\u00fcnasib\u0259ti il\u0259 t\u0259brik edir, ona uzun \u00f6m\u00fcr, cansa\u011fl\u0131\u011f\u0131 arzulay\u0131r.<\/p>\n\n\n\n<p><strong>AVMV\u0130B-in M\u0259tbuat xidm\u0259ti<\/strong><\/p>\n\n\n\n<figure class=\"wp-block-image size-large is-resized\"><img loading=\"lazy\" decoding=\"async\" width=\"1024\" height=\"677\" src=\"https:\/\/fedai.az\/wp-content\/uploads\/2024\/03\/image-16-1024x677.png\" alt=\"\" class=\"wp-image-98695\" style=\"width:673px;height:auto\" srcset=\"https:\/\/fedai.az\/wp-content\/uploads\/2024\/03\/image-16-1024x677.png 1024w, https:\/\/fedai.az\/wp-content\/uploads\/2024\/03\/image-16-300x198.png 300w, https:\/\/fedai.az\/wp-content\/uploads\/2024\/03\/image-16-150x99.png 150w, https:\/\/fedai.az\/wp-content\/uploads\/2024\/03\/image-16-768x508.png 768w, https:\/\/fedai.az\/wp-content\/uploads\/2024\/03\/image-16.png 1050w\" sizes=\"auto, (max-width: 1024px) 100vw, 1024px\" \/><\/figure>\n\n\n\n<figure class=\"wp-block-image size-large is-resized\"><img loading=\"lazy\" decoding=\"async\" width=\"1024\" height=\"956\" src=\"https:\/\/fedai.az\/wp-content\/uploads\/2024\/03\/image-15-1024x956.png\" alt=\"\" class=\"wp-image-98694\" style=\"width:639px;height:auto\" srcset=\"https:\/\/fedai.az\/wp-content\/uploads\/2024\/03\/image-15-1024x956.png 1024w, https:\/\/fedai.az\/wp-content\/uploads\/2024\/03\/image-15-300x280.png 300w, https:\/\/fedai.az\/wp-content\/uploads\/2024\/03\/image-15-150x140.png 150w, https:\/\/fedai.az\/wp-content\/uploads\/2024\/03\/image-15-768x717.png 768w, https:\/\/fedai.az\/wp-content\/uploads\/2024\/03\/image-15.png 1039w\" sizes=\"auto, (max-width: 1024px) 100vw, 1024px\" \/><\/figure>\n\n\n\n<figure class=\"wp-block-image size-large is-resized\"><img loading=\"lazy\" decoding=\"async\" width=\"1024\" height=\"760\" src=\"https:\/\/fedai.az\/wp-content\/uploads\/2024\/03\/image-17-1024x760.png\" alt=\"\" class=\"wp-image-98696\" style=\"width:642px;height:auto\" srcset=\"https:\/\/fedai.az\/wp-content\/uploads\/2024\/03\/image-17-1024x760.png 1024w, https:\/\/fedai.az\/wp-content\/uploads\/2024\/03\/image-17-300x223.png 300w, https:\/\/fedai.az\/wp-content\/uploads\/2024\/03\/image-17-150x111.png 150w, https:\/\/fedai.az\/wp-content\/uploads\/2024\/03\/image-17-768x570.png 768w, https:\/\/fedai.az\/wp-content\/uploads\/2024\/03\/image-17.png 1034w\" sizes=\"auto, (max-width: 1024px) 100vw, 1024px\" \/><\/figure>\n\n\n\n<figure class=\"wp-block-image size-large is-resized\"><img loading=\"lazy\" decoding=\"async\" width=\"992\" height=\"1024\" src=\"https:\/\/fedai.az\/wp-content\/uploads\/2024\/03\/image-18-992x1024.png\" alt=\"\" class=\"wp-image-98697\" style=\"width:658px;height:auto\" srcset=\"https:\/\/fedai.az\/wp-content\/uploads\/2024\/03\/image-18-992x1024.png 992w, https:\/\/fedai.az\/wp-content\/uploads\/2024\/03\/image-18-291x300.png 291w, https:\/\/fedai.az\/wp-content\/uploads\/2024\/03\/image-18-145x150.png 145w, https:\/\/fedai.az\/wp-content\/uploads\/2024\/03\/image-18-768x793.png 768w, https:\/\/fedai.az\/wp-content\/uploads\/2024\/03\/image-18.png 998w\" sizes=\"auto, (max-width: 992px) 100vw, 992px\" \/><\/figure>\n","protected":false},"excerpt":{"rendered":"<p>Bu g\u00fcn silahda\u015flar\u0131m\u0131zdan birinin &#8212; Az\u0259rbaycan V\u0259t\u0259n M\u00fcharib\u0259si Veteranlar\u0131 \u0130ctimai Birliyinin (AVMV\u0130B) \u015eirvan \u015f\u0259h\u0259r \u015f\u00f6b\u0259sinin s\u0259dri, istefada olan kapitan Zaur Vahidovun ad g\u00fcn\u00fcd\u00fcr. Mart<\/p>\n","protected":false},"author":2,"featured_media":98693,"comment_status":"closed","ping_status":"closed","sticky":false,"template":"","format":"standard","meta":{"footnotes":""},"categories":[11],"tags":[],"class_list":["post-98692","post","type-post","status-publish","format-standard","has-post-thumbnail","hentry","category-tbrik"],"aioseo_notices":[],"_links":{"self":[{"href":"https:\/\/fedai.az\/index.php?rest_route=\/wp\/v2\/posts\/98692","targetHints":{"allow":["GET"]}}],"collection":[{"href":"https:\/\/fedai.az\/index.php?rest_route=\/wp\/v2\/posts"}],"about":[{"href":"https:\/\/fedai.az\/index.php?rest_route=\/wp\/v2\/types\/post"}],"author":[{"embeddable":true,"href":"https:\/\/fedai.az\/index.php?rest_route=\/wp\/v2\/users\/2"}],"replies":[{"embeddable":true,"href":"https:\/\/fedai.az\/index.php?rest_route=%2Fwp%2Fv2%2Fcomments&post=98692"}],"version-history":[{"count":3,"href":"https:\/\/fedai.az\/index.php?rest_route=\/wp\/v2\/posts\/98692\/revisions"}],"predecessor-version":[{"id":103197,"href":"https:\/\/fedai.az\/index.php?rest_route=\/wp\/v2\/posts\/98692\/revisions\/103197"}],"wp:featuredmedia":[{"embeddable":true,"href":"https:\/\/fedai.az\/index.php?rest_route=\/wp\/v2\/media\/98693"}],"wp:attachment":[{"href":"https:\/\/fedai.az\/index.php?rest_route=%2Fwp%2Fv2%2Fmedia&parent=98692"}],"wp:term":[{"taxonomy":"category","embeddable":true,"href":"https:\/\/fedai.az\/index.php?rest_route=%2Fwp%2Fv2%2Fcategories&post=98692"},{"taxonomy":"post_tag","embeddable":true,"href":"https:\/\/fedai.az\/index.php?rest_route=%2Fwp%2Fv2%2Ftags&post=98692"}],"curies":[{"name":"wp","href":"https:\/\/api.w.org\/{rel}","templated":true}]}}