{"id":99215,"date":"2024-04-13T14:46:41","date_gmt":"2024-04-13T10:46:41","guid":{"rendered":"https:\/\/fedai.az\/?p=99215"},"modified":"2024-04-13T14:46:42","modified_gmt":"2024-04-13T10:46:42","slug":"az%c9%99rbaycanda-kisil%c9%99rin-48-i-pensiya-almadan-v%c9%99fat-edib","status":"publish","type":"post","link":"https:\/\/fedai.az\/?p=99215","title":{"rendered":"Az\u0259rbaycanda ki\u015fil\u0259rin 48%-i pensiya almadan v\u0259fat edib"},"content":{"rendered":"\n<p><\/p>\n\n\n\n<p><strong>Az\u0259rbaycanda il \u0259rzind\u0259 60 min 810 n\u0259f\u0259r v\u0259fat edib<\/strong>.<\/p>\n\n\n\n<p><strong>Fedai.az<\/strong>\u00a0x\u0259b\u0259r verir ki, v\u0259fat ed\u0259nl\u0259rin 33 min 157 n\u0259f\u0259rini ki\u015fil\u0259r, 27 min 653 n\u0259f\u0259rini is\u0259 qad\u0131nlar t\u0259\u015fkil edib.<\/p>\n\n\n\n<p>V\u0259fat ed\u0259n ki\u015fil\u0259rin is\u0259 47,8%-i v\u0259 ya 15 min 872 n\u0259f\u0259ri 65 ya\u015f\u0131na \u00e7atmadan \u00f6l\u00fcb.<\/p>\n\n\n\n<p>M\u0259lumat \u00fc\u00e7\u00fcn qeyd ed\u0259k ki, 1 iyul 2020-ci tarixind\u0259n etibar\u0259n Az\u0259rbaycanda ki\u015fil\u0259r 65 ya\u015f\u0131ndan sonra pensiyaya \u00e7\u0131x\u0131rlar<\/p>\n\n\n\n<p>Yeniavaz.com<\/p>\n\n\n\n<figure class=\"wp-block-image size-large\"><img loading=\"lazy\" decoding=\"async\" width=\"1024\" height=\"576\" src=\"https:\/\/fedai.az\/wp-content\/uploads\/2024\/04\/image-1024x576.png\" alt=\"\" class=\"wp-image-99216\" srcset=\"https:\/\/fedai.az\/wp-content\/uploads\/2024\/04\/image-1024x576.png 1024w, https:\/\/fedai.az\/wp-content\/uploads\/2024\/04\/image-300x169.png 300w, https:\/\/fedai.az\/wp-content\/uploads\/2024\/04\/image-150x84.png 150w, https:\/\/fedai.az\/wp-content\/uploads\/2024\/04\/image-768x432.png 768w, https:\/\/fedai.az\/wp-content\/uploads\/2024\/04\/image.png 1200w\" sizes=\"auto, (max-width: 1024px) 100vw, 1024px\" \/><\/figure>\n","protected":false},"excerpt":{"rendered":"<p>Az\u0259rbaycanda il \u0259rzind\u0259 60 min 810 n\u0259f\u0259r v\u0259fat edib. Fedai.az\u00a0x\u0259b\u0259r verir ki, v\u0259fat ed\u0259nl\u0259rin 33 min 157 n\u0259f\u0259rini ki\u015fil\u0259r, 27 min 653 n\u0259f\u0259rini is\u0259<\/p>\n","protected":false},"author":2,"featured_media":99216,"comment_status":"closed","ping_status":"closed","sticky":false,"template":"","format":"standard","meta":{"footnotes":""},"categories":[3,12],"tags":[],"class_list":["post-99215","post","type-post","status-publish","format-standard","has-post-thumbnail","hentry","category-gundm","category-sosial"],"aioseo_notices":[],"_links":{"self":[{"href":"https:\/\/fedai.az\/index.php?rest_route=\/wp\/v2\/posts\/99215","targetHints":{"allow":["GET"]}}],"collection":[{"href":"https:\/\/fedai.az\/index.php?rest_route=\/wp\/v2\/posts"}],"about":[{"href":"https:\/\/fedai.az\/index.php?rest_route=\/wp\/v2\/types\/post"}],"author":[{"embeddable":true,"href":"https:\/\/fedai.az\/index.php?rest_route=\/wp\/v2\/users\/2"}],"replies":[{"embeddable":true,"href":"https:\/\/fedai.az\/index.php?rest_route=%2Fwp%2Fv2%2Fcomments&post=99215"}],"version-history":[{"count":1,"href":"https:\/\/fedai.az\/index.php?rest_route=\/wp\/v2\/posts\/99215\/revisions"}],"predecessor-version":[{"id":99217,"href":"https:\/\/fedai.az\/index.php?rest_route=\/wp\/v2\/posts\/99215\/revisions\/99217"}],"wp:featuredmedia":[{"embeddable":true,"href":"https:\/\/fedai.az\/index.php?rest_route=\/wp\/v2\/media\/99216"}],"wp:attachment":[{"href":"https:\/\/fedai.az\/index.php?rest_route=%2Fwp%2Fv2%2Fmedia&parent=99215"}],"wp:term":[{"taxonomy":"category","embeddable":true,"href":"https:\/\/fedai.az\/index.php?rest_route=%2Fwp%2Fv2%2Fcategories&post=99215"},{"taxonomy":"post_tag","embeddable":true,"href":"https:\/\/fedai.az\/index.php?rest_route=%2Fwp%2Fv2%2Ftags&post=99215"}],"curies":[{"name":"wp","href":"https:\/\/api.w.org\/{rel}","templated":true}]}}