{"id":99227,"date":"2024-04-13T20:23:26","date_gmt":"2024-04-13T16:23:26","guid":{"rendered":"https:\/\/fedai.az\/?p=99227"},"modified":"2024-04-13T20:23:28","modified_gmt":"2024-04-13T16:23:28","slug":"quru-qosunlarinda-birinci-rubun-yekunlarina-dair-iclas-kecirilib","status":"publish","type":"post","link":"https:\/\/fedai.az\/?p=99227","title":{"rendered":"Quru Qo\u015funlar\u0131nda birinci r\u00fcb\u00fcn yekunlar\u0131na dair iclas ke\u00e7irilib"},"content":{"rendered":"\n<p><strong>Cari ilin haz\u0131rl\u0131q plan\u0131na \u0259sas\u0259n, Quru Qo\u015funlar\u0131nda birinci r\u00fcb\u00fcn n\u0259tic\u0259l\u0259rin\u0259 dair yekun iclas ke\u00e7irilib.<\/strong><\/p>\n\n\n\n<p> M\u00fcdafi\u0259 nazirinin m\u00fcavini \u2013 Quru Qo\u015funlar\u0131n komandan\u0131 general-leytenant Hikm\u0259t Mirz\u0259yevin r\u0259hb\u0259rliyi il\u0259 ke\u00e7iril\u0259n iclasda Quru Qo\u015funlar\u0131n\u0131n idar\u0259, \u015f\u00f6b\u0259 v\u0259 b\u00f6lm\u0259 r\u0259isl\u0259ri, el\u0259c\u0259 d\u0259 videoba\u011flant\u0131 vasit\u0259sil\u0259 birlik, birl\u0259\u015fm\u0259 komandirl\u0259ri, onlar\u0131n m\u00fcavinl\u0259ri v\u0259 tabor komandirl\u0259ri i\u015ftirak edibl\u0259r.<\/p>\n\n\n\n<p>\u018fvv\u0259lc\u0259 xalq\u0131m\u0131z\u0131n \u00dcmummilli Lideri Heyd\u0259r \u018fliyevin v\u0259 Az\u0259rbaycan\u0131n m\u00fcst\u0259qilliyi, \u0259razi b\u00fct\u00f6vl\u00fcy\u00fc u\u011frunda \u015f\u0259hid olanlar\u0131n xatir\u0259si bir d\u0259qiq\u0259lik s\u00fckutla yad edilib.&nbsp;<\/p>\n\n\n\n<p>Az\u0259rbaycan Respublikas\u0131n\u0131n D\u00f6vl\u0259t Himni s\u0259sl\u0259ndirilib.<\/p>\n\n\n\n<p>\u0130clasda tabelikd\u0259ki h\u0259rbi hiss\u0259l\u0259rd\u0259 2024-c\u00fc ilin birinci r\u00fcb\u00fc \u0259rzind\u0259 xidm\u0259ti-d\u00f6y\u00fc\u015f f\u0259aliyy\u0259tinin t\u0259\u015fkili, bu istiqam\u0259td\u0259 g\u00f6r\u00fcl\u0259n i\u015fl\u0259r, icra edil\u0259n tap\u015f\u0131r\u0131qlarla ba\u011fl\u0131 komandirl\u0259rin m\u0259ruz\u0259l\u0259ri dinl\u0259nilib, h\u0259m\u00e7inin qo\u015fun xidm\u0259tinin, maddi-texniki t\u0259minat v\u0259 h\u0259rbi intizam\u0131n v\u0259ziyy\u0259ti geni\u015f t\u0259hlil olunub.<\/p>\n\n\n\n<p>Az\u0259rbaycan Respublikas\u0131n\u0131n Prezidenti, Silahl\u0131 Q\u00fcvv\u0259l\u0259rin Ali Ba\u015f Komandan\u0131 \u0130lham \u018fliyevin Az\u0259rbaycan Ordusu qar\u015f\u0131s\u0131nda qoydu\u011fu v\u0259zif\u0259l\u0259r, o c\u00fcml\u0259d\u0259n m\u00fcdafi\u0259 naziri general-polkovnik Zakir H\u0259s\u0259novun qo\u015fun xidm\u0259tinin t\u0259\u015fkilinin daha da t\u0259kmill\u0259\u015fdirilm\u0259si il\u0259 ba\u011fl\u0131 tap\u015f\u0131r\u0131qlar\u0131 diqq\u0259t\u0259 \u00e7atd\u0131r\u0131l\u0131b.<\/p>\n\n\n\n<p>\u0130clas\u0131n sonunda birinci r\u00fcb\u00fcn yekunlar\u0131na \u0259sas\u0259n h\u0259rbi xidm\u0259td\u0259 f\u0259rql\u0259n\u0259nl\u0259r qeyd edilib.<\/p>\n","protected":false},"excerpt":{"rendered":"<p>Cari ilin haz\u0131rl\u0131q plan\u0131na \u0259sas\u0259n, Quru Qo\u015funlar\u0131nda birinci r\u00fcb\u00fcn n\u0259tic\u0259l\u0259rin\u0259 dair yekun iclas ke\u00e7irilib. M\u00fcdafi\u0259 nazirinin m\u00fcavini \u2013 Quru Qo\u015funlar\u0131n komandan\u0131 general-leytenant Hikm\u0259t Mirz\u0259yevin<\/p>\n","protected":false},"author":2,"featured_media":99228,"comment_status":"closed","ping_status":"closed","sticky":false,"template":"","format":"standard","meta":{"footnotes":""},"categories":[3],"tags":[],"class_list":["post-99227","post","type-post","status-publish","format-standard","has-post-thumbnail","hentry","category-gundm"],"aioseo_notices":[],"_links":{"self":[{"href":"https:\/\/fedai.az\/index.php?rest_route=\/wp\/v2\/posts\/99227","targetHints":{"allow":["GET"]}}],"collection":[{"href":"https:\/\/fedai.az\/index.php?rest_route=\/wp\/v2\/posts"}],"about":[{"href":"https:\/\/fedai.az\/index.php?rest_route=\/wp\/v2\/types\/post"}],"author":[{"embeddable":true,"href":"https:\/\/fedai.az\/index.php?rest_route=\/wp\/v2\/users\/2"}],"replies":[{"embeddable":true,"href":"https:\/\/fedai.az\/index.php?rest_route=%2Fwp%2Fv2%2Fcomments&post=99227"}],"version-history":[{"count":1,"href":"https:\/\/fedai.az\/index.php?rest_route=\/wp\/v2\/posts\/99227\/revisions"}],"predecessor-version":[{"id":99229,"href":"https:\/\/fedai.az\/index.php?rest_route=\/wp\/v2\/posts\/99227\/revisions\/99229"}],"wp:featuredmedia":[{"embeddable":true,"href":"https:\/\/fedai.az\/index.php?rest_route=\/wp\/v2\/media\/99228"}],"wp:attachment":[{"href":"https:\/\/fedai.az\/index.php?rest_route=%2Fwp%2Fv2%2Fmedia&parent=99227"}],"wp:term":[{"taxonomy":"category","embeddable":true,"href":"https:\/\/fedai.az\/index.php?rest_route=%2Fwp%2Fv2%2Fcategories&post=99227"},{"taxonomy":"post_tag","embeddable":true,"href":"https:\/\/fedai.az\/index.php?rest_route=%2Fwp%2Fv2%2Ftags&post=99227"}],"curies":[{"name":"wp","href":"https:\/\/api.w.org\/{rel}","templated":true}]}}