{"id":99789,"date":"2024-05-28T11:24:05","date_gmt":"2024-05-28T07:24:05","guid":{"rendered":"https:\/\/fedai.az\/?p=99789"},"modified":"2024-05-28T11:24:06","modified_gmt":"2024-05-28T07:24:06","slug":"general-dadas-rzayev-v%c9%99fat-etdi","status":"publish","type":"post","link":"https:\/\/fedai.az\/?p=99789","title":{"rendered":"General Dada\u015f Rzayev v\u0259fat etdi"},"content":{"rendered":"\n<p class=\"wp-block-paragraph\"><strong>Az\u0259rbaycan\u0131n sabiq m\u00fcdafi\u0259 naziri Dada\u015f Rzayev v\u0259fat edib.<\/strong><\/p>\n\n\n\n<p class=\"wp-block-paragraph\">Fedai.az x\u0259b\u0259r verir ki, bu bar\u0259d\u0259 onun yax\u0131nlar\u0131 sosial \u015f\u0259b\u0259k\u0259d\u0259 m\u0259lumat payla\u015f\u0131b.<\/p>\n\n\n\n<p class=\"wp-block-paragraph\">Onun 88 ya\u015f\u0131nda uzun s\u00fcr\u0259n x\u0259st\u0259likd\u0259n d\u00fcnyas\u0131n\u0131 d\u0259yi\u015fdiyi bildirilir.<\/p>\n\n\n\n<p class=\"wp-block-paragraph\">Qeyd ed\u0259k ki, general-mayor D.Rzayev 20 fevral 1993-c\u00fc ild\u0259n h\u0259min ilin 17 iyununad\u0259k<\/p>\n\n\n\n<p class=\"wp-block-paragraph\"><a href=\"https:\/\/publika.az\/\" target=\"_blank\" rel=\"noreferrer noopener\">Publika.az<\/a><\/p>\n","protected":false},"excerpt":{"rendered":"<p>Az\u0259rbaycan\u0131n sabiq m\u00fcdafi\u0259 naziri Dada\u015f Rzayev v\u0259fat edib. Fedai.az x\u0259b\u0259r verir ki, bu bar\u0259d\u0259 onun yax\u0131nlar\u0131 sosial \u015f\u0259b\u0259k\u0259d\u0259 m\u0259lumat payla\u015f\u0131b. Onun 88 ya\u015f\u0131nda uzun<\/p>\n","protected":false},"author":2,"featured_media":99790,"comment_status":"closed","ping_status":"closed","sticky":false,"template":"","format":"standard","meta":{"footnotes":""},"categories":[3],"tags":[],"class_list":["post-99789","post","type-post","status-publish","format-standard","has-post-thumbnail","hentry","category-gundm"],"aioseo_notices":[],"aioseo_head":"\n\t\t<!-- All in One SEO 5.0.0.1 - aioseo.com -->\n\t<meta name=\"description\" content=\"Az\u0259rbaycan\u0131n sabiq m\u00fcdafi\u0259 naziri Dada\u015f Rzayev v\u0259fat edib. Fedai.az x\u0259b\u0259r verir ki, bu bar\u0259d\u0259 onun yax\u0131nlar\u0131 sosial \u015f\u0259b\u0259k\u0259d\u0259 m\u0259lumat payla\u015f\u0131b. Onun 88 ya\u015f\u0131nda uzun s\u00fcr\u0259n x\u0259st\u0259likd\u0259n d\u00fcnyas\u0131n\u0131 d\u0259yi\u015fdiyi bildirilir. Qeyd ed\u0259k ki, general-mayor D.Rzayev 20 fevral 1993-c\u00fc ild\u0259n h\u0259min ilin 17 iyununad\u0259k Publika.az\" \/>\n\t<meta name=\"robots\" content=\"max-image-preview:large\" \/>\n\t<meta name=\"author\" content=\"www.Fedai.az\"\/>\n\t<link rel=\"canonical\" href=\"https:\/\/fedai.az\/?p=99789\" \/>\n\t<meta name=\"generator\" content=\"All in One SEO (AIOSEO) 5.0.0.1\" \/>\n\t\t<meta property=\"og:locale\" content=\"ru_RU\" \/>\n\t\t<meta property=\"og:site_name\" content=\"&quot;F\u0259dai&quot; q\u0259zeti\" \/>\n\t\t<meta property=\"og:type\" content=\"article\" \/>\n\t\t<meta property=\"og:title\" content=\"General Dada\u015f Rzayev v\u0259fat etdi | &quot;F\u0259dai&quot; q\u0259zeti\" \/>\n\t\t<meta property=\"og:description\" content=\"Az\u0259rbaycan\u0131n sabiq m\u00fcdafi\u0259 naziri Dada\u015f Rzayev v\u0259fat edib. Fedai.az x\u0259b\u0259r verir ki, bu bar\u0259d\u0259 onun yax\u0131nlar\u0131 sosial \u015f\u0259b\u0259k\u0259d\u0259 m\u0259lumat payla\u015f\u0131b. Onun 88 ya\u015f\u0131nda uzun s\u00fcr\u0259n x\u0259st\u0259likd\u0259n d\u00fcnyas\u0131n\u0131 d\u0259yi\u015fdiyi bildirilir. Qeyd ed\u0259k ki, general-mayor D.Rzayev 20 fevral 1993-c\u00fc ild\u0259n h\u0259min ilin 17 iyununad\u0259k Publika.az\" \/>\n\t\t<meta property=\"og:url\" content=\"https:\/\/fedai.az\/?p=99789\" \/>\n\t\t<meta property=\"fb:app_id\" content=\"696809432257740\" \/>\n\t\t<meta property=\"og:image\" content=\"https:\/\/fedai.az\/wp-content\/uploads\/2024\/05\/dadas-rzayev.jpg\" \/>\n\t\t<meta property=\"og:image:secure_url\" content=\"https:\/\/fedai.az\/wp-content\/uploads\/2024\/05\/dadas-rzayev.jpg\" \/>\n\t\t<meta property=\"og:image:width\" content=\"450\" \/>\n\t\t<meta property=\"og:image:height\" content=\"300\" \/>\n\t\t<meta property=\"article:published_time\" content=\"2024-05-28T07:24:05+00:00\" \/>\n\t\t<meta property=\"article:modified_time\" content=\"2024-05-28T07:24:06+00:00\" \/>\n\t\t<meta property=\"article:publisher\" content=\"https:\/\/facebook.com\/fedai.az\" \/>\n\t\t<meta name=\"twitter:card\" content=\"summary\" \/>\n\t\t<meta name=\"twitter:site\" content=\"@fedai.az\" \/>\n\t\t<meta name=\"twitter:title\" content=\"General Dada\u015f Rzayev v\u0259fat etdi | &quot;F\u0259dai&quot; q\u0259zeti\" \/>\n\t\t<meta name=\"twitter:description\" content=\"Az\u0259rbaycan\u0131n sabiq m\u00fcdafi\u0259 naziri Dada\u015f Rzayev v\u0259fat edib. Fedai.az x\u0259b\u0259r verir ki, bu bar\u0259d\u0259 onun yax\u0131nlar\u0131 sosial \u015f\u0259b\u0259k\u0259d\u0259 m\u0259lumat payla\u015f\u0131b. Onun 88 ya\u015f\u0131nda uzun s\u00fcr\u0259n x\u0259st\u0259likd\u0259n d\u00fcnyas\u0131n\u0131 d\u0259yi\u015fdiyi bildirilir. Qeyd ed\u0259k ki, general-mayor D.Rzayev 20 fevral 1993-c\u00fc ild\u0259n h\u0259min ilin 17 iyununad\u0259k Publika.az\" \/>\n\t\t<meta name=\"twitter:image\" content=\"https:\/\/fedai.az\/wp-content\/uploads\/2024\/05\/dadas-rzayev.jpg\" \/>\n\t\t<script type=\"application\/ld+json\" class=\"aioseo-schema\">\n\t\t\t{\"@context\":\"https:\\\/\\\/schema.org\",\"@graph\":[{\"@type\":\"Article\",\"@id\":\"https:\\\/\\\/fedai.az\\\/?p=99789#article\",\"name\":\"General Dada\\u015f Rzayev v\\u0259fat etdi | \\\"F\\u0259dai\\\" q\\u0259zeti\",\"headline\":\"General Dada\\u015f Rzayev v\\u0259fat etdi\",\"author\":{\"@id\":\"https:\\\/\\\/fedai.az\\\/?author=2#author\"},\"publisher\":{\"@id\":\"https:\\\/\\\/fedai.az\\\/#organization\"},\"image\":{\"@type\":\"ImageObject\",\"url\":\"https:\\\/\\\/fedai.az\\\/wp-content\\\/uploads\\\/2024\\\/05\\\/dadas-rzayev.jpg\",\"width\":450,\"height\":300},\"datePublished\":\"2024-05-28T11:24:05+04:00\",\"dateModified\":\"2024-05-28T11:24:06+04:00\",\"inLanguage\":\"ru-RU\",\"mainEntityOfPage\":{\"@id\":\"https:\\\/\\\/fedai.az\\\/?p=99789#webpage\"},\"isPartOf\":{\"@id\":\"https:\\\/\\\/fedai.az\\\/?p=99789#webpage\"},\"articleSection\":\"G\\u00fcnd\\u0259m\"},{\"@type\":\"BreadcrumbList\",\"@id\":\"https:\\\/\\\/fedai.az\\\/?p=99789#breadcrumblist\",\"itemListElement\":[{\"@type\":\"ListItem\",\"@id\":\"https:\\\/\\\/fedai.az#listItem\",\"position\":1,\"name\":\"Home\",\"item\":\"https:\\\/\\\/fedai.az\",\"nextItem\":{\"@type\":\"ListItem\",\"@id\":\"https:\\\/\\\/fedai.az\\\/?cat=3#listItem\",\"name\":\"G\\u00fcnd\\u0259m\"}},{\"@type\":\"ListItem\",\"@id\":\"https:\\\/\\\/fedai.az\\\/?cat=3#listItem\",\"position\":2,\"name\":\"G\\u00fcnd\\u0259m\",\"item\":\"https:\\\/\\\/fedai.az\\\/?cat=3\",\"nextItem\":{\"@type\":\"ListItem\",\"@id\":\"https:\\\/\\\/fedai.az\\\/?p=99789#listItem\",\"name\":\"General Dada\\u015f Rzayev v\\u0259fat etdi\"},\"previousItem\":{\"@type\":\"ListItem\",\"@id\":\"https:\\\/\\\/fedai.az#listItem\",\"name\":\"Home\"}},{\"@type\":\"ListItem\",\"@id\":\"https:\\\/\\\/fedai.az\\\/?p=99789#listItem\",\"position\":3,\"name\":\"General Dada\\u015f Rzayev v\\u0259fat etdi\",\"previousItem\":{\"@type\":\"ListItem\",\"@id\":\"https:\\\/\\\/fedai.az\\\/?cat=3#listItem\",\"name\":\"G\\u00fcnd\\u0259m\"}}]},{\"@type\":\"Organization\",\"@id\":\"https:\\\/\\\/fedai.az\\\/#organization\",\"name\":\"\\\"F\\u0259dai\\\" q\\u0259zeti\",\"description\":\"Az\\u0259rbaycan V\\u0259t\\u0259n M\\u00fcharib\\u0259si Veteranlar\\u0131 \\u0130ctimai Birliyi\",\"url\":\"https:\\\/\\\/fedai.az\\\/\",\"logo\":{\"@type\":\"ImageObject\",\"url\":\"https:\\\/\\\/fedai.az\\\/wp-content\\\/uploads\\\/2022\\\/09\\\/logo3.png\",\"@id\":\"https:\\\/\\\/fedai.az\\\/?p=99789\\\/#organizationLogo\",\"width\":500,\"height\":100},\"image\":{\"@id\":\"https:\\\/\\\/fedai.az\\\/?p=99789\\\/#organizationLogo\"},\"sameAs\":[\"https:\\\/\\\/instagram.com\\\/fedai.az\",\"https:\\\/\\\/pinterest.com\\\/fedai.az\",\"https:\\\/\\\/youtube.com\\\/fedai.az\",\"https:\\\/\\\/linkedin.com\\\/in\\\/fedai.az\"]},{\"@type\":\"Person\",\"@id\":\"https:\\\/\\\/fedai.az\\\/?author=2#author\",\"url\":\"https:\\\/\\\/fedai.az\\\/?author=2\",\"name\":\"www.Fedai.az\",\"image\":{\"@type\":\"ImageObject\",\"@id\":\"https:\\\/\\\/fedai.az\\\/?p=99789#authorImage\",\"url\":\"https:\\\/\\\/secure.gravatar.com\\\/avatar\\\/d861e138a4bd3ce6812a7aa95e796aa05e165f28ecde9a972c6789a09fcd1daa?s=96&d=mm&r=g\",\"width\":96,\"height\":96,\"caption\":\"www.Fedai.az\"}},{\"@type\":\"WebPage\",\"@id\":\"https:\\\/\\\/fedai.az\\\/?p=99789#webpage\",\"url\":\"https:\\\/\\\/fedai.az\\\/?p=99789\",\"name\":\"General Dada\\u015f Rzayev v\\u0259fat etdi | \\\"F\\u0259dai\\\" q\\u0259zeti\",\"description\":\"Az\\u0259rbaycan\\u0131n sabiq m\\u00fcdafi\\u0259 naziri Dada\\u015f Rzayev v\\u0259fat edib. Fedai.az x\\u0259b\\u0259r verir ki, bu bar\\u0259d\\u0259 onun yax\\u0131nlar\\u0131 sosial \\u015f\\u0259b\\u0259k\\u0259d\\u0259 m\\u0259lumat payla\\u015f\\u0131b. Onun 88 ya\\u015f\\u0131nda uzun s\\u00fcr\\u0259n x\\u0259st\\u0259likd\\u0259n d\\u00fcnyas\\u0131n\\u0131 d\\u0259yi\\u015fdiyi bildirilir. Qeyd ed\\u0259k ki, general-mayor D.Rzayev 20 fevral 1993-c\\u00fc ild\\u0259n h\\u0259min ilin 17 iyununad\\u0259k Publika.az\",\"inLanguage\":\"ru-RU\",\"isPartOf\":{\"@id\":\"https:\\\/\\\/fedai.az\\\/#website\"},\"breadcrumb\":{\"@id\":\"https:\\\/\\\/fedai.az\\\/?p=99789#breadcrumblist\"},\"author\":{\"@id\":\"https:\\\/\\\/fedai.az\\\/?author=2#author\"},\"creator\":{\"@id\":\"https:\\\/\\\/fedai.az\\\/?author=2#author\"},\"image\":{\"@type\":\"ImageObject\",\"url\":\"https:\\\/\\\/fedai.az\\\/wp-content\\\/uploads\\\/2024\\\/05\\\/dadas-rzayev.jpg\",\"@id\":\"https:\\\/\\\/fedai.az\\\/?p=99789\\\/#mainImage\",\"width\":450,\"height\":300},\"primaryImageOfPage\":{\"@id\":\"https:\\\/\\\/fedai.az\\\/?p=99789#mainImage\"},\"datePublished\":\"2024-05-28T11:24:05+04:00\",\"dateModified\":\"2024-05-28T11:24:06+04:00\"},{\"@type\":\"WebSite\",\"@id\":\"https:\\\/\\\/fedai.az\\\/#website\",\"url\":\"https:\\\/\\\/fedai.az\\\/\",\"name\":\"\\\"F\\u0259dai\\\" q\\u0259zeti\",\"description\":\"Az\\u0259rbaycan V\\u0259t\\u0259n M\\u00fcharib\\u0259si Veteranlar\\u0131 \\u0130ctimai Birliyi\",\"inLanguage\":\"ru-RU\",\"publisher\":{\"@id\":\"https:\\\/\\\/fedai.az\\\/#organization\"}}]}\n\t\t<\/script>\n\t\t<!-- All in One SEO -->\n\n","aioseo_head_json":{"title":"General Dada\u015f Rzayev v\u0259fat etdi | \"F\u0259dai\" q\u0259zeti","description":"Az\u0259rbaycan\u0131n sabiq m\u00fcdafi\u0259 naziri Dada\u015f Rzayev v\u0259fat edib. Fedai.az x\u0259b\u0259r verir ki, bu bar\u0259d\u0259 onun yax\u0131nlar\u0131 sosial \u015f\u0259b\u0259k\u0259d\u0259 m\u0259lumat payla\u015f\u0131b. Onun 88 ya\u015f\u0131nda uzun s\u00fcr\u0259n x\u0259st\u0259likd\u0259n d\u00fcnyas\u0131n\u0131 d\u0259yi\u015fdiyi bildirilir. Qeyd ed\u0259k ki, general-mayor D.Rzayev 20 fevral 1993-c\u00fc ild\u0259n h\u0259min ilin 17 iyununad\u0259k Publika.az","canonical_url":"https:\/\/fedai.az\/?p=99789","robots":"max-image-preview:large","keywords":"","webmasterTools":{"miscellaneous":""},"schema":{"@context":"https:\/\/schema.org","@graph":[{"@type":"Article","@id":"https:\/\/fedai.az\/?p=99789#article","name":"General Dada\u015f Rzayev v\u0259fat etdi | \"F\u0259dai\" q\u0259zeti","headline":"General Dada\u015f Rzayev v\u0259fat etdi","author":{"@id":"https:\/\/fedai.az\/?author=2#author"},"publisher":{"@id":"https:\/\/fedai.az\/#organization"},"image":{"@type":"ImageObject","url":"https:\/\/fedai.az\/wp-content\/uploads\/2024\/05\/dadas-rzayev.jpg","width":450,"height":300},"datePublished":"2024-05-28T11:24:05+04:00","dateModified":"2024-05-28T11:24:06+04:00","inLanguage":"ru-RU","mainEntityOfPage":{"@id":"https:\/\/fedai.az\/?p=99789#webpage"},"isPartOf":{"@id":"https:\/\/fedai.az\/?p=99789#webpage"},"articleSection":"G\u00fcnd\u0259m"},{"@type":"BreadcrumbList","@id":"https:\/\/fedai.az\/?p=99789#breadcrumblist","itemListElement":[{"@type":"ListItem","@id":"https:\/\/fedai.az#listItem","position":1,"name":"Home","item":"https:\/\/fedai.az","nextItem":{"@type":"ListItem","@id":"https:\/\/fedai.az\/?cat=3#listItem","name":"G\u00fcnd\u0259m"}},{"@type":"ListItem","@id":"https:\/\/fedai.az\/?cat=3#listItem","position":2,"name":"G\u00fcnd\u0259m","item":"https:\/\/fedai.az\/?cat=3","nextItem":{"@type":"ListItem","@id":"https:\/\/fedai.az\/?p=99789#listItem","name":"General Dada\u015f Rzayev v\u0259fat etdi"},"previousItem":{"@type":"ListItem","@id":"https:\/\/fedai.az#listItem","name":"Home"}},{"@type":"ListItem","@id":"https:\/\/fedai.az\/?p=99789#listItem","position":3,"name":"General Dada\u015f Rzayev v\u0259fat etdi","previousItem":{"@type":"ListItem","@id":"https:\/\/fedai.az\/?cat=3#listItem","name":"G\u00fcnd\u0259m"}}]},{"@type":"Organization","@id":"https:\/\/fedai.az\/#organization","name":"\"F\u0259dai\" q\u0259zeti","description":"Az\u0259rbaycan V\u0259t\u0259n M\u00fcharib\u0259si Veteranlar\u0131 \u0130ctimai Birliyi","url":"https:\/\/fedai.az\/","logo":{"@type":"ImageObject","url":"https:\/\/fedai.az\/wp-content\/uploads\/2022\/09\/logo3.png","@id":"https:\/\/fedai.az\/?p=99789\/#organizationLogo","width":500,"height":100},"image":{"@id":"https:\/\/fedai.az\/?p=99789\/#organizationLogo"},"sameAs":["https:\/\/instagram.com\/fedai.az","https:\/\/pinterest.com\/fedai.az","https:\/\/youtube.com\/fedai.az","https:\/\/linkedin.com\/in\/fedai.az"]},{"@type":"Person","@id":"https:\/\/fedai.az\/?author=2#author","url":"https:\/\/fedai.az\/?author=2","name":"www.Fedai.az","image":{"@type":"ImageObject","@id":"https:\/\/fedai.az\/?p=99789#authorImage","url":"https:\/\/secure.gravatar.com\/avatar\/d861e138a4bd3ce6812a7aa95e796aa05e165f28ecde9a972c6789a09fcd1daa?s=96&d=mm&r=g","width":96,"height":96,"caption":"www.Fedai.az"}},{"@type":"WebPage","@id":"https:\/\/fedai.az\/?p=99789#webpage","url":"https:\/\/fedai.az\/?p=99789","name":"General Dada\u015f Rzayev v\u0259fat etdi | \"F\u0259dai\" q\u0259zeti","description":"Az\u0259rbaycan\u0131n sabiq m\u00fcdafi\u0259 naziri Dada\u015f Rzayev v\u0259fat edib. Fedai.az x\u0259b\u0259r verir ki, bu bar\u0259d\u0259 onun yax\u0131nlar\u0131 sosial \u015f\u0259b\u0259k\u0259d\u0259 m\u0259lumat payla\u015f\u0131b. Onun 88 ya\u015f\u0131nda uzun s\u00fcr\u0259n x\u0259st\u0259likd\u0259n d\u00fcnyas\u0131n\u0131 d\u0259yi\u015fdiyi bildirilir. Qeyd ed\u0259k ki, general-mayor D.Rzayev 20 fevral 1993-c\u00fc ild\u0259n h\u0259min ilin 17 iyununad\u0259k Publika.az","inLanguage":"ru-RU","isPartOf":{"@id":"https:\/\/fedai.az\/#website"},"breadcrumb":{"@id":"https:\/\/fedai.az\/?p=99789#breadcrumblist"},"author":{"@id":"https:\/\/fedai.az\/?author=2#author"},"creator":{"@id":"https:\/\/fedai.az\/?author=2#author"},"image":{"@type":"ImageObject","url":"https:\/\/fedai.az\/wp-content\/uploads\/2024\/05\/dadas-rzayev.jpg","@id":"https:\/\/fedai.az\/?p=99789\/#mainImage","width":450,"height":300},"primaryImageOfPage":{"@id":"https:\/\/fedai.az\/?p=99789#mainImage"},"datePublished":"2024-05-28T11:24:05+04:00","dateModified":"2024-05-28T11:24:06+04:00"},{"@type":"WebSite","@id":"https:\/\/fedai.az\/#website","url":"https:\/\/fedai.az\/","name":"\"F\u0259dai\" q\u0259zeti","description":"Az\u0259rbaycan V\u0259t\u0259n M\u00fcharib\u0259si Veteranlar\u0131 \u0130ctimai Birliyi","inLanguage":"ru-RU","publisher":{"@id":"https:\/\/fedai.az\/#organization"}}]},"og:locale":"ru_RU","og:site_name":"&quot;F\u0259dai&quot; q\u0259zeti","og:type":"article","og:title":"General Dada\u015f Rzayev v\u0259fat etdi | &quot;F\u0259dai&quot; q\u0259zeti","og:description":"Az\u0259rbaycan\u0131n sabiq m\u00fcdafi\u0259 naziri Dada\u015f Rzayev v\u0259fat edib. Fedai.az x\u0259b\u0259r verir ki, bu bar\u0259d\u0259 onun yax\u0131nlar\u0131 sosial \u015f\u0259b\u0259k\u0259d\u0259 m\u0259lumat payla\u015f\u0131b. Onun 88 ya\u015f\u0131nda uzun s\u00fcr\u0259n x\u0259st\u0259likd\u0259n d\u00fcnyas\u0131n\u0131 d\u0259yi\u015fdiyi bildirilir. Qeyd ed\u0259k ki, general-mayor D.Rzayev 20 fevral 1993-c\u00fc ild\u0259n h\u0259min ilin 17 iyununad\u0259k Publika.az","og:url":"https:\/\/fedai.az\/?p=99789","fb:app_id":"696809432257740","og:image":"https:\/\/fedai.az\/wp-content\/uploads\/2024\/05\/dadas-rzayev.jpg","og:image:secure_url":"https:\/\/fedai.az\/wp-content\/uploads\/2024\/05\/dadas-rzayev.jpg","og:image:width":450,"og:image:height":300,"article:published_time":"2024-05-28T07:24:05+00:00","article:modified_time":"2024-05-28T07:24:06+00:00","article:publisher":"https:\/\/facebook.com\/fedai.az","twitter:card":"summary","twitter:site":"@fedai.az","twitter:title":"General Dada\u015f Rzayev v\u0259fat etdi | &quot;F\u0259dai&quot; q\u0259zeti","twitter:description":"Az\u0259rbaycan\u0131n sabiq m\u00fcdafi\u0259 naziri Dada\u015f Rzayev v\u0259fat edib. Fedai.az x\u0259b\u0259r verir ki, bu bar\u0259d\u0259 onun yax\u0131nlar\u0131 sosial \u015f\u0259b\u0259k\u0259d\u0259 m\u0259lumat payla\u015f\u0131b. Onun 88 ya\u015f\u0131nda uzun s\u00fcr\u0259n x\u0259st\u0259likd\u0259n d\u00fcnyas\u0131n\u0131 d\u0259yi\u015fdiyi bildirilir. Qeyd ed\u0259k ki, general-mayor D.Rzayev 20 fevral 1993-c\u00fc ild\u0259n h\u0259min ilin 17 iyununad\u0259k Publika.az","twitter:image":"https:\/\/fedai.az\/wp-content\/uploads\/2024\/05\/dadas-rzayev.jpg"},"aioseo_meta_data":{"post_id":"99789","title":null,"description":null,"keywords":null,"keyphrases":{"focus":{"keyphrase":"","score":0,"analysis":{"keyphraseInTitle":{"score":0,"maxScore":9,"error":1}}},"additional":[]},"primary_term":null,"canonical_url":null,"og_title":null,"og_description":null,"og_object_type":"default","og_image_type":"default","og_image_url":null,"og_image_width":null,"og_image_height":null,"og_image_custom_url":null,"og_image_custom_fields":null,"og_video":"","og_custom_url":null,"og_article_section":null,"og_article_tags":null,"twitter_use_og":false,"twitter_card":"default","twitter_image_type":"default","twitter_image_url":null,"twitter_image_custom_url":null,"twitter_image_custom_fields":null,"twitter_title":null,"twitter_description":null,"schema":{"blockGraphs":[],"customGraphs":[],"default":{"data":{"Article":[],"Course":[],"Dataset":[],"FAQPage":[],"Movie":[],"Person":[],"Product":[],"ProductReview":[],"Car":[],"Recipe":[],"Service":[],"SoftwareApplication":[],"WebPage":[]},"graphName":"Article","isEnabled":true},"graphs":[]},"schema_type":"default","schema_type_options":null,"pillar_content":false,"robots_default":true,"robots_noindex":false,"robots_noarchive":false,"robots_nosnippet":false,"robots_nofollow":false,"robots_noimageindex":false,"robots_noodp":false,"robots_notranslate":false,"robots_max_snippet":"-1","robots_max_videopreview":"-1","robots_max_imagepreview":"large","priority":null,"frequency":"default","local_seo":null,"breadcrumb_settings":null,"limit_modified_date":false,"ai":null,"created":"2024-05-28 07:19:51","updated":"2025-06-08 23:38:37","seo_analyzer_scan_date":null,"focus_keyword":null,"additional_keywords":null,"truseo_locale":null},"aioseo_breadcrumb":"<div class=\"aioseo-breadcrumbs\"><span class=\"aioseo-breadcrumb\">\n\t\t\t<a href=\"https:\/\/fedai.az\" title=\"Home\">Home<\/a>\n\t\t<\/span><span class=\"aioseo-breadcrumb-separator\">\u00bb<\/span><span class=\"aioseo-breadcrumb\">\n\t\t\t<a href=\"https:\/\/fedai.az\/?cat=3\" title=\"G\u00fcnd\u0259m\">G\u00fcnd\u0259m<\/a>\n\t\t<\/span><span class=\"aioseo-breadcrumb-separator\">\u00bb<\/span><span class=\"aioseo-breadcrumb\">\n\t\t\tGeneral Dada\u015f Rzayev v\u0259fat etdi\n\t\t<\/span><\/div>","aioseo_breadcrumb_json":[{"label":"Home","link":"https:\/\/fedai.az"},{"label":"G\u00fcnd\u0259m","link":"https:\/\/fedai.az\/?cat=3"},{"label":"General Dada\u015f Rzayev v\u0259fat etdi","link":"https:\/\/fedai.az\/?p=99789"}],"_links":{"self":[{"href":"https:\/\/fedai.az\/index.php?rest_route=\/wp\/v2\/posts\/99789","targetHints":{"allow":["GET"]}}],"collection":[{"href":"https:\/\/fedai.az\/index.php?rest_route=\/wp\/v2\/posts"}],"about":[{"href":"https:\/\/fedai.az\/index.php?rest_route=\/wp\/v2\/types\/post"}],"author":[{"embeddable":true,"href":"https:\/\/fedai.az\/index.php?rest_route=\/wp\/v2\/users\/2"}],"replies":[{"embeddable":true,"href":"https:\/\/fedai.az\/index.php?rest_route=%2Fwp%2Fv2%2Fcomments&post=99789"}],"version-history":[{"count":1,"href":"https:\/\/fedai.az\/index.php?rest_route=\/wp\/v2\/posts\/99789\/revisions"}],"predecessor-version":[{"id":99791,"href":"https:\/\/fedai.az\/index.php?rest_route=\/wp\/v2\/posts\/99789\/revisions\/99791"}],"wp:featuredmedia":[{"embeddable":true,"href":"https:\/\/fedai.az\/index.php?rest_route=\/wp\/v2\/media\/99790"}],"wp:attachment":[{"href":"https:\/\/fedai.az\/index.php?rest_route=%2Fwp%2Fv2%2Fmedia&parent=99789"}],"wp:term":[{"taxonomy":"category","embeddable":true,"href":"https:\/\/fedai.az\/index.php?rest_route=%2Fwp%2Fv2%2Fcategories&post=99789"},{"taxonomy":"post_tag","embeddable":true,"href":"https:\/\/fedai.az\/index.php?rest_route=%2Fwp%2Fv2%2Ftags&post=99789"}],"curies":[{"name":"wp","href":"https:\/\/api.w.org\/{rel}","templated":true}]}}