{"id":99837,"date":"2024-05-31T18:36:00","date_gmt":"2024-05-31T14:36:00","guid":{"rendered":"https:\/\/fedai.az\/?p=99837"},"modified":"2024-06-01T10:21:04","modified_gmt":"2024-06-01T06:21:04","slug":"avmvib-lerik-rayon-sob%c9%99sin%c9%99-yeni-s%c9%99dr-t%c9%99yin-olundu","status":"publish","type":"post","link":"https:\/\/fedai.az\/?p=99837","title":{"rendered":"AVMV\u0130B Lerik rayon \u015f\u00f6b\u0259sin\u0259 yeni s\u0259dr t\u0259yin olundu"},"content":{"rendered":"\n<p>Az\u0259rbaycan V\u0259t\u0259n M\u00fcharib\u0259si Veteranlar\u0131 \u0130ctimai Birliyinin (AVMV\u0130B) Lerik rayon \u015f\u00f6b\u0259sin\u0259 yeni s\u0259dr t\u0259yin edilmi\u015fdir.<\/p>\n\n\n\n<p>Az\u0259rbaycan V\u0259t\u0259n M\u00fcharib\u0259si Veteranlar\u0131 \u0130ctimai Birliyinin (AVMV\u0130B) s\u0259dri F\u00fczuli Rzaquliyevin \u0259mri il\u0259 AVMV\u0130B Lerik rayon \u015f\u00f6b\u0259sinin s\u0259dri v\u0259zif\u0259sin\u0259\u00a0<strong>Ba\u011f\u0131\u015fov Namiq S\u0259daq\u0259t o\u011flu<\/strong>\u00a0t\u0259yin edilmi\u015fdir.<\/p>\n\n\n\n<p>T\u0259qdimat m\u0259rasimind\u0259 Az\u0259rbaycan V\u0259t\u0259n M\u00fcharib\u0259si Veteranlar\u0131 \u0130ctimai Birliyinin (AVMV\u0130B) s\u0259dri F\u00fczuli Rzaquliyev, Az\u0259rbaycan V\u0259t\u0259n M\u00fcharib\u0259si Veteranlar\u0131 \u0130ctimai Birliyinin (AVMV\u0130B) t\u0259\u015fkilati m\u0259s\u0259l\u0259l\u0259r \u00fczr\u0259 s\u0259dr m\u00fcavini Vahid Abdurr\u0259hmanov i\u015ftirak etmi\u015f, yeni t\u0259yin olunan s\u0259dr\u0259 i\u015fg\u00fczar f\u0259aliyy\u0259tind\u0259 m\u00fcv\u0259ff\u0259qiyy\u0259tl\u0259r arzu etmi\u015fl\u0259r.<\/p>\n\n\n\n<p>Az\u0259rbaycan V\u0259t\u0259n M\u00fcharib\u0259si Veteranlar\u0131 \u0130ctimai Birliyi ad\u0131ndan\u00a0<strong>Ba\u011f\u0131\u015fov Namiq S\u0259daq\u0259t o\u011flu<\/strong>nu t\u0259brik edir, i\u015find\u0259 u\u011furlar arzu edirik.<\/p>\n\n\n\n<p><strong>AVMV\u0130B M\u0259tbuat xidm\u0259ti<\/strong><\/p>\n\n\n\n<a href=\"https:\/\/freeimage.host\/ru\"><img decoding=\"async\" src=\"https:\/\/iili.io\/Jb53VGn.jpg\" alt=\"Jb53VGn.jpg\" border=\"0\"><\/a>\n<a href=\"https:\/\/freeimage.host\/ru\"><img decoding=\"async\" src=\"https:\/\/iili.io\/Jb53h3G.jpg\" alt=\"Jb53h3G.jpg\" border=\"0\"><\/a>\n<a href=\"https:\/\/freeimage.host\/ru\"><img decoding=\"async\" src=\"https:\/\/iili.io\/Jb53MCX.jpg\" alt=\"Jb53MCX.jpg\" border=\"0\"><\/a>\n","protected":false},"excerpt":{"rendered":"<p>Az\u0259rbaycan V\u0259t\u0259n M\u00fcharib\u0259si Veteranlar\u0131 \u0130ctimai Birliyinin (AVMV\u0130B) Lerik rayon \u015f\u00f6b\u0259sin\u0259 yeni s\u0259dr t\u0259yin edilmi\u015fdir. Az\u0259rbaycan V\u0259t\u0259n M\u00fcharib\u0259si Veteranlar\u0131 \u0130ctimai Birliyinin (AVMV\u0130B) s\u0259dri F\u00fczuli Rzaquliyevin<\/p>\n","protected":false},"author":2,"featured_media":99839,"comment_status":"closed","ping_status":"closed","sticky":false,"template":"","format":"standard","meta":{"footnotes":""},"categories":[5],"tags":[],"class_list":["post-99837","post","type-post","status-publish","format-standard","has-post-thumbnail","hentry","category-veteran"],"aioseo_notices":[],"_links":{"self":[{"href":"https:\/\/fedai.az\/index.php?rest_route=\/wp\/v2\/posts\/99837","targetHints":{"allow":["GET"]}}],"collection":[{"href":"https:\/\/fedai.az\/index.php?rest_route=\/wp\/v2\/posts"}],"about":[{"href":"https:\/\/fedai.az\/index.php?rest_route=\/wp\/v2\/types\/post"}],"author":[{"embeddable":true,"href":"https:\/\/fedai.az\/index.php?rest_route=\/wp\/v2\/users\/2"}],"replies":[{"embeddable":true,"href":"https:\/\/fedai.az\/index.php?rest_route=%2Fwp%2Fv2%2Fcomments&post=99837"}],"version-history":[{"count":3,"href":"https:\/\/fedai.az\/index.php?rest_route=\/wp\/v2\/posts\/99837\/revisions"}],"predecessor-version":[{"id":99842,"href":"https:\/\/fedai.az\/index.php?rest_route=\/wp\/v2\/posts\/99837\/revisions\/99842"}],"wp:featuredmedia":[{"embeddable":true,"href":"https:\/\/fedai.az\/index.php?rest_route=\/wp\/v2\/media\/99839"}],"wp:attachment":[{"href":"https:\/\/fedai.az\/index.php?rest_route=%2Fwp%2Fv2%2Fmedia&parent=99837"}],"wp:term":[{"taxonomy":"category","embeddable":true,"href":"https:\/\/fedai.az\/index.php?rest_route=%2Fwp%2Fv2%2Fcategories&post=99837"},{"taxonomy":"post_tag","embeddable":true,"href":"https:\/\/fedai.az\/index.php?rest_route=%2Fwp%2Fv2%2Ftags&post=99837"}],"curies":[{"name":"wp","href":"https:\/\/api.w.org\/{rel}","templated":true}]}}