{"id":99954,"date":"2024-07-06T16:17:57","date_gmt":"2024-07-06T12:17:57","guid":{"rendered":"https:\/\/fedai.az\/?p=99954"},"modified":"2024-07-06T16:18:15","modified_gmt":"2024-07-06T12:18:15","slug":"almaniyada-xaricd%c9%99ki-az%c9%99rbaycan-diaspora-t%c9%99skilatlarinin-v%c9%99-lobbicilik-institutlarinin-t%c9%99kmill%c9%99sdirilm%c9%99si-adli-t%c9%99dbir-kecirilib","status":"publish","type":"post","link":"https:\/\/fedai.az\/?p=99954","title":{"rendered":"Almaniyada &#171;Xaricd\u0259ki Az\u0259rbaycan diaspora t\u0259\u015fkilatlar\u0131n\u0131n v\u0259 lobbi\u00e7ilik institutlar\u0131n\u0131n t\u0259kmill\u0259\u015fdirilm\u0259si&#187; adl\u0131 t\u0259dbir ke\u00e7irilib"},"content":{"rendered":"\n<p>Az\u0259rbaycan Respublikas\u0131n\u0131n Qeyri-H\u00f6kum\u0259t T\u0259\u015fkilatlar\u0131na D\u00f6vl\u0259t D\u0259st\u0259yi Agentliyinin maliyy\u0259 d\u0259st\u0259yi il\u0259, \u201cD\u00fcnya Az\u0259rbaycanl\u0131la\u0131n H\u0259mr\u0259yliyin\u0259 D\u0259st\u0259k\u201d ictimai birliyi t\u0259\u015fkilat\u0131 t\u0259r\u0259find\u0259n, Almaniyan\u0131n M\u00fcnhen \u015f\u0259h\u0259rind\u0259ki \u201cM\u00fcnhen Az\u0259rbaycanl\u0131lar\u0131 m\u0259d\u0259niyy\u0259t m\u0259rk\u0259zind\u0259\u201d, ( Das Azerbaidschan Kulturzentrum in M\u00fcnchen e.V Pelkovenstr.51 80992 M\u00fcnchen) \u201cXaricd\u0259ki Az\u0259rbaycan diaspora t\u0259\u015fkilatlar\u0131n\u0131n v\u0259 lobbi\u00e7ilik institutlar\u0131n\u0131n t\u0259kmill\u0259\u015fdirilm\u0259si\u201d adl\u0131 layih\u0259 c\u0259rciv\u0259sind\u0259 t\u0259dbir t\u0259\u015fkil olunmu\u015fdur.T\u0259dbiri giri\u015f s\u00f6z\u00fc il\u0259 acan, \u201cM\u00fcnhen Az\u0259rbaycanl\u0131lar\u0131 m\u0259d\u0259niyy\u0259t m\u0259rk\u0259zinin s\u0259dri S\u0259ttar K\u0259rimov son ill\u0259rd\u0259 t\u0259\u015fkilat olaraq, Almaniyada milli m\u0259d\u0259niyy\u0259timizn t\u0259bli\u011fat\u0131 bax\u0131m\u0131ndan g\u00f6rd\u00fckl\u0259ri s\u0259m\u0259r\u0259li i\u015fl\u0259rd\u0259n v\u0259 DAHD ictimai birliyinin prezidenri Tofiq \u018fli-zad\u0259nin M\u00fcnhen \u015f\u0259h\u0259rin\u0259 n\u00f6vb\u0259ti s\u0259f\u0259ri bar\u0259d\u0259, t\u0259dbir i\u015ftirak\u00e7\u0131larna m\u0259lumat verdi.<\/p>\n\n\n\n<p>Daha sonra c\u0131x\u0131\u015f ed\u0259n \u201cD\u00fcnya Az\u0259rbaycanl\u0131la\u0131n H\u0259mr\u0259yliyin\u0259 D\u0259st\u0259k\u201d ictimai birliyinin prezidenti Tofiq \u018fli-zad\u0259 geni\u015f c\u0131x\u0131\u015f ed\u0259r\u0259k bildirdi ki, Tarixi s\u0259b\u0259bl\u0259rd\u0259n d\u00fcnyan\u0131n m\u00fcxt\u0259lif \u00f6lk\u0259l\u0259rin\u0259 sap\u0259l\u0259nmi\u015f Az\u0259rbaycanl\u0131lar\u0131n birlik v\u0259 h\u0259mr\u0259ylikl\u0259ri v\u0259 Az\u0259rbaycan\u0131n milli maraqlar\u0131 bax\u0131m\u0131ndan xarici \u00f6lk\u0259l\u0259rd\u0259ki Az\u0259rbaycan diaspor t\u0259\u015fkilatlar\u0131n\u0131n, lobbi\u00e7ilik institutlar\u0131n\u0131n yenid\u0259n t\u0259kmill\u0259\u015fdirilm\u0259si, xaricd\u0259ki Az\u0259rbaycan icmalar\u0131n\u0131n yeni t\u0259rzd\u0259, daha akt\u0131v i\u015fl\u0259m\u0259 proqramlar\u0131 il\u0259 cal\u0131\u015fmalar\u0131, g\u00fcn\u00fcm\u00fcz \u00fcc\u00fcn aktual olaraq qal\u0131r. Diaspora probleml\u0259rinin yaranmas\u0131, xaricd\u0259ki Az\u0259rbaycan c\u0259miyy\u0259tl\u0259rinin yenid\u0259n proqram \u015f\u0259kilind\u0259 formal\u015fmalar\u0131, onlar\u0131n stimullar\u0131n\u0131n t\u0259nziml\u0259nm\u0259si, soyda\u015flar\u0131m\u0131z\u0131n birlik , h\u0259mr\u0259ylikl\u0259rinin t\u0259\u015fkili h\u0259m d\u0259 Az\u0259rbaycan\u0131n d\u00f6vl\u0259t maraqlar\u0131na uy\u011fundur. Bu g\u00fcn. d\u00fcnyada 62 milyona yax\u0131n Az\u0259rbaycanl\u0131lar ya\u015fay\u0131r. Onlar\u0131n bir coxu ya\u015fad\u0131qlar\u0131 \u00f6lk\u0259l\u0259rin ictimai-h\u0259yatlar\u0131nda \u00f6lk\u0259 v\u0259t\u0259nda\u015flar\u0131 olaraq yax\u0131ndan i\u015ftirak edirl\u0259r.Xaricd\u0259ki soyda\u015flar\u0131m\u0131z\u0131n m\u00fct\u0259\u015f\u0259kkil sur\u0259td\u0259 t\u0259\u015fkilatlanmalar\u0131 v\u0259 onlar\u0131n aktivliyi, eyni zamnda da ya\u015fad\u0131qlar\u0131 \u00f6lk\u0259l\u0259rin ictimai-siyasi h\u0259yatlar\u0131nda aktif i\u015ftiraklar\u0131 il\u0259 ba\u011fl\u0131 i\u015fl\u0259r cox t\u0259ss\u00fcf ki, bu ill\u0259r \u0259rzind\u0259 cox s\u0259if apar\u0131lm\u0131\u015fd\u0131r.Bu g\u00fcn Az\u0259rbaycan d\u00fcnyada cox b\u00f6y\u00fck n\u00fcfuza malik q\u00fcdr\u0259tli d\u00f6vl\u0259tl\u0259rind\u0259 biridir.Ona g\u00f6r\u0259 d\u0259, xarici \u00f6lk\u0259l\u0259rd\u0259 m\u0259skunla\u015fm\u0131\u015f h\u0259r bir Az\u0259rbaycanl\u0131, tarixi v\u0259t\u0259nl\u0259ri olan Az\u0259rbaycan haqda da d\u00fc\u015f\u00fcnm\u0259li v\u0259 m\u0259ml\u0259k\u0259timizin bundan sonra da inki\u015faf\u0131, q\u00fcdr\u0259tl\u0259nm\u0259si namin\u0259 \u0259lind\u0259n g\u0259l\u0259ni etm\u0259lidir. Xarici \u00f6lk\u0259l\u0259rd\u0259 ya\u015fayan Az\u0259rbaycanl\u0131lar\u0131n, bu \u00f6lk\u0259l\u0259rd\u0259ki, Az\u0259rbaycan evl\u0259ri v\u0259 Az\u0259rbaycan m\u0259d\u0259niyy\u0259t m\u0259rk\u0259zl\u0259rinin yenid\u0259n muasir t\u0259l\u0259bl\u0259r cavab ver\u0259n quru\u00e7uluq isl\u0259rinin, daha stimullu, yol x\u0259rit\u0259sin\u0259 cevirilm\u0259si, g\u00fcn\u00fcm\u00fcz\u00fcn aktual m\u0259s\u0259l\u0259l\u0259rind\u0259n biridir.Bu m\u0259qs\u0259dl\u0259rl\u0259 d\u0259 bir cox xarici \u00f6lk\u0259l\u0259rd\u0259 bu movzulu t\u0259dbirl\u0259rin ke\u00e7irilm\u0259si soyda\u015falar\u0131m\u0131z\u0131n az da olsa c\u0131x ya\u015fad\u0131qlar\u0131 v\u0259 adlar\u0131 yuxar\u0131da cografi m\u0259kan kimi qeyd etdiyimiz \u00f6lk\u0259l\u0259r\u0259d\u0259 ke\u00e7irilm\u0259si m\u0259qs\u0259d\u0259 uygundur.Az\u0259rbaycan\u0131n milli maraqlar\u0131 bax\u0131m\u0131ndan xarici \u00f6lk\u0259l\u0259rd\u0259ki Az\u0259rbaycan diaspor t\u0259\u015fkilatlar\u0131n\u0131n, milli icmalar\u0131m\u0131z\u0131n v\u0259 lobbi\u00e7ilik institutlar\u0131n\u0131n yenid\u0259n muasir t\u0259l\u0259bl\u0259r\u0259 uy\u011fun olaraq, qurulmas\u0131 \u00fcc\u00fcn, bu \u00f6lk\u0259l\u0259rd\u0259 anadan olmu\u015f, yeni az\u0259rbaycanl\u0131lar \u00fcc\u00fcn Az\u0259rbaycan dilind\u0259 bazar g\u00fcnl\u0259ri m\u0259kt\u0259bi, usaqlara milli r\u0259qsl\u0259rimiizin \u00f6yr\u0259dilm\u0259si, tarixi \u015f\u0259xsiyy\u0259tl\u0259rimiz, sair v\u0259 yazarlar\u0131m\u0131z haqq\u0131nda m\u0259lumatlar verilm\u0259li, soyda\u015flar\u0131m\u0131zla,Az\u0259rbaycan\u0131n tan\u0131nm\u0131\u015f ziyal\u0131lar\u0131n\u0131n, o c\u00fcml\u0259d\u0259n d\u0259 sair v\u0259 yaz\u0131\u00e7\u0131lar\u0131n\u0131, tarix\u00e7il\u0259rin g\u00f6r\u00fc\u015fl\u0259rini t\u0259\u015fkil etm\u0259k m\u0259qs\u0259d\u0259 uygun say\u0131la bil\u0259r.z\u0259rbaycan\u0131n milli maraqlar\u0131 bax\u0131m\u0131ndan xarici \u00f6lk\u0259l\u0259rd\u0259ki Az\u0259rbaycan diaspor t\u0259\u015fkilatlar\u0131n\u0131n v\u0259 lobbi\u00e7ilik institutlar\u0131n\u0131n t\u0259kmill\u0259\u015fdirilm\u0259si, f\u0259aliyy\u0259tl\u0259rinin stimulla\u015fd\u0131raraq yenid\u0259n qurulmalar\u0131 v\u0259 prioritet istiqam\u0259tl\u0259r \u00fczr\u0259 f\u0259aliyy\u0259tl\u0259rinin t\u0259nziml\u0259nm\u0259l\u0259ri istiqam\u0259tl\u0259rind\u0259 m\u00fch\u00fcm i\u015fl\u0259rin, t\u0259dbirl\u0259rin g\u00f6r\u00fclm\u0259sin muasir d\u00f6vr\u00fcm\u00fczd\u0259 cox vacibdir. C\u00fcnki, xaricd\u0259ki Az\u0259rbaycan ictimai birlikl\u0259rinin f\u0259aliyy\u0259tl\u0259rinin yeni istiqam\u0259td\u0259 qurulmas\u0131 ,soyda\u015flar\u0131m\u0131z\u0131n birlik, h\u0259mr\u0259ylikl\u0259rinin t\u0259\u015fkili m\u0259s\u0259l\u0259l\u0259ri, Az\u0259rbaycan\u0131n d\u00f6vl\u0259t maraqlar\u0131 bax\u0131m\u0131ndan cox vacibdir.<\/p>\n\n\n\n<p>Daha sonra c\u0131x\u0131\u015f ed\u0259n soyda\u015flar\u0131m\u0131z, \u0130rad\u0259 \u018fzimova, Ayna Ataki\u015fiyeva, David K\u0259rimov ya\u015fad\u0131qlar\u0131 Almaniyan\u0131n M\u00fcnhen \u015f\u0259h\u0259rind\u0259 Az\u0259rbaycanl\u0131 k\u00f6k\u0259nli olaraq, milli m\u0259d\u0259niyy\u0259timizi layiqinc\u0259 t\u0259bliq etdikl\u0259rind\u0259n dan\u0131\u015fd\u0131lar. Sonra Tofiq \u018fli-zad\u0259 s\u00f6yl\u0259di ki, Az\u0259rbaycan\u0131n xaricd\u0259ki icma t\u0259\u015fkilatlar\u0131n\u0131n qar\u015f\u0131l\u0131ql\u0131 \u0259m\u0259kda\u015fl\u0131q \u015f\u0259raitind\u0259 f\u0259aliyy\u0259tl\u0259rinin \u0259laq\u0259l\u0259ndirilm\u0259si, xarici \u00f6lk\u0259l\u0259rd\u0259ki diaspora t\u0259\u015fkilatlar\u0131m\u0131z\u0131n muasir t\u0259l\u0259bl\u0259r\u0259 uygun formala\u015fmas\u0131 sah\u0259sind\u0259 m\u00fch\u00fcm i\u015fl\u0259r g\u00f6r\u00fclm\u0259ai sah\u0259sind\u0259 h\u0259l\u0259 d\u0259 m\u00fch\u00fcm i\u015fl\u0259rin apar\u0131lmas\u0131 g\u00fcnd\u0259md\u0259dir.<\/p>\n\n\n\n<p><strong>Tofiq \u018fli-zad\u0259<\/strong><br><strong>\u201cD\u00fcnya Az\u0259rbaycanl\u0131la\u0131n H\u0259mr\u0259yliyin\u0259 D\u0259st\u0259k\u201d ictimai birliyinin prezidenti<\/strong><\/p>\n\n\n\n<a href=\"https:\/\/postimg.cc\/hzfkqmvZ\" target=\"_blank\" rel=\"noopener\"><img decoding=\"async\" src=\"https:\/\/i.postimg.cc\/Px4TYzjH\/Whats-App-Image-2024-07-06-at-15-49-54.jpg\" alt=\"Whats-App-Image-2024-07-06-at-15-49-54\"\/><\/a><br\/><br\/>\n<a href=\"https:\/\/postimg.cc\/q6KWNd88\" target=\"_blank\" rel=\"noopener\"><img decoding=\"async\" src=\"https:\/\/i.postimg.cc\/8cXGnpcn\/Whats-App-Image-2024-07-06-at-15-49-54-1.jpg\" alt=\"Whats-App-Image-2024-07-06-at-15-49-54-1\"\/><\/a><br\/><br\/>\n<a href=\"https:\/\/postimg.cc\/Z0vG761C\" target=\"_blank\" rel=\"noopener\"><img decoding=\"async\" src=\"https:\/\/i.postimg.cc\/3rt3wB1C\/Whats-App-Image-2024-07-06-at-15-49-56.jpg\" alt=\"Whats-App-Image-2024-07-06-at-15-49-56\"\/><\/a><br\/><br\/>\n<a href=\"https:\/\/postimages.org\/\" target=\"_blank\" rel=\"noopener\"><img decoding=\"async\" src=\"https:\/\/i.postimg.cc\/PxhdCV0K\/Whats-App-Image-2024-07-06-at-15-49-57.jpg\" alt=\"Whats-App-Image-2024-07-06-at-15-49-57\"\/><\/a><br\/><br\/>\n\n","protected":false},"excerpt":{"rendered":"<p>Az\u0259rbaycan Respublikas\u0131n\u0131n Qeyri-H\u00f6kum\u0259t T\u0259\u015fkilatlar\u0131na D\u00f6vl\u0259t D\u0259st\u0259yi Agentliyinin maliyy\u0259 d\u0259st\u0259yi il\u0259, \u201cD\u00fcnya Az\u0259rbaycanl\u0131la\u0131n H\u0259mr\u0259yliyin\u0259 D\u0259st\u0259k\u201d ictimai birliyi t\u0259\u015fkilat\u0131 t\u0259r\u0259find\u0259n, Almaniyan\u0131n M\u00fcnhen \u015f\u0259h\u0259rind\u0259ki \u201cM\u00fcnhen Az\u0259rbaycanl\u0131lar\u0131 m\u0259d\u0259niyy\u0259t<\/p>\n","protected":false},"author":2,"featured_media":99955,"comment_status":"closed","ping_status":"closed","sticky":false,"template":"","format":"standard","meta":{"footnotes":""},"categories":[3],"tags":[],"class_list":["post-99954","post","type-post","status-publish","format-standard","has-post-thumbnail","hentry","category-gundm"],"aioseo_notices":[],"_links":{"self":[{"href":"https:\/\/fedai.az\/index.php?rest_route=\/wp\/v2\/posts\/99954","targetHints":{"allow":["GET"]}}],"collection":[{"href":"https:\/\/fedai.az\/index.php?rest_route=\/wp\/v2\/posts"}],"about":[{"href":"https:\/\/fedai.az\/index.php?rest_route=\/wp\/v2\/types\/post"}],"author":[{"embeddable":true,"href":"https:\/\/fedai.az\/index.php?rest_route=\/wp\/v2\/users\/2"}],"replies":[{"embeddable":true,"href":"https:\/\/fedai.az\/index.php?rest_route=%2Fwp%2Fv2%2Fcomments&post=99954"}],"version-history":[{"count":1,"href":"https:\/\/fedai.az\/index.php?rest_route=\/wp\/v2\/posts\/99954\/revisions"}],"predecessor-version":[{"id":99956,"href":"https:\/\/fedai.az\/index.php?rest_route=\/wp\/v2\/posts\/99954\/revisions\/99956"}],"wp:featuredmedia":[{"embeddable":true,"href":"https:\/\/fedai.az\/index.php?rest_route=\/wp\/v2\/media\/99955"}],"wp:attachment":[{"href":"https:\/\/fedai.az\/index.php?rest_route=%2Fwp%2Fv2%2Fmedia&parent=99954"}],"wp:term":[{"taxonomy":"category","embeddable":true,"href":"https:\/\/fedai.az\/index.php?rest_route=%2Fwp%2Fv2%2Fcategories&post=99954"},{"taxonomy":"post_tag","embeddable":true,"href":"https:\/\/fedai.az\/index.php?rest_route=%2Fwp%2Fv2%2Ftags&post=99954"}],"curies":[{"name":"wp","href":"https:\/\/api.w.org\/{rel}","templated":true}]}}